{"id":17273,"date":"2020-12-24T02:33:35","date_gmt":"2020-12-24T02:33:35","guid":{"rendered":"https:\/\/www.radiopresidenteibanez.cl\/web\/?p=17273"},"modified":"2020-12-24T02:33:59","modified_gmt":"2020-12-24T02:33:59","slug":"a-10-anos-de-carcel-fue-condenado-por-reiteradas-agresiones-sexuales-a-menor-de-13-anos","status":"publish","type":"post","link":"https:\/\/www.radiopresidenteibanez.cl\/web\/a-10-anos-de-carcel-fue-condenado-por-reiteradas-agresiones-sexuales-a-menor-de-13-anos\/","title":{"rendered":"A 10 A\u00d1OS DE C\u00c1RCEL FUE CONDENADO SUJETO POR REITERADAS AGRESIONES SEXUALES A MENOR DE 13 A\u00d1OS"},"content":{"rendered":"\n<p>Bernardo Alberto\nBalbont\u00edn G\u00f3mez,fue condenado hoy, &nbsp;a 10 a\u00f1os de presidio efectivo , m\u00e1s penas\naccesorias<strong>, <\/strong>como autor de reiterados\nabusos sexuales y de violaciones&nbsp; en\ncontra de una menor de edad. <\/p>\n\n\n\n<p>Cabe recordar que durante el juicio, la Fiscal Wendoline Acu\u00f1a, prob\u00f3\nque los hechos fueron cometidos A comienzos del a\u00f1o 2019,&nbsp; en\ncircunstancias que la victima de entonces 13 a\u00f1os &nbsp;se encontraba en el domicilio del acusado, &nbsp;quien aprovechando ser persona conocida de la\nfamilia de la ni\u00f1a, la llev\u00f3 hasta all\u00ed &nbsp;con el fin de agredir sexualmente, lo cual\ncomenz\u00f3 a hacer de manera reiterada, durante ese a\u00f1o.<\/p>\n","protected":false},"excerpt":{"rendered":"<p>Bernardo Alberto Balbont\u00edn G\u00f3mez,fue condenado hoy, &nbsp;a 10 a\u00f1os de presidio efectivo , m\u00e1s penas accesorias, como autor de reiterados abusos sexuales y de violaciones&nbsp; en contra de una menor&#8230; <a class=\"read-more\" href=\"https:\/\/www.radiopresidenteibanez.cl\/web\/a-10-anos-de-carcel-fue-condenado-por-reiteradas-agresiones-sexuales-a-menor-de-13-anos\/\">Leer m\u00e1s<\/a><\/p>\n","protected":false},"author":2,"featured_media":740,"comment_status":"closed","ping_status":"closed","sticky":false,"template":"","format":"standard","meta":{"footnotes":""},"categories":[1],"tags":[],"class_list":["post-17273","post","type-post","status-publish","format-standard","has-post-thumbnail","hentry","category-cronica"],"_links":{"self":[{"href":"https:\/\/www.radiopresidenteibanez.cl\/web\/wp-json\/wp\/v2\/posts\/17273","targetHints":{"allow":["GET"]}}],"collection":[{"href":"https:\/\/www.radiopresidenteibanez.cl\/web\/wp-json\/wp\/v2\/posts"}],"about":[{"href":"https:\/\/www.radiopresidenteibanez.cl\/web\/wp-json\/wp\/v2\/types\/post"}],"author":[{"embeddable":true,"href":"https:\/\/www.radiopresidenteibanez.cl\/web\/wp-json\/wp\/v2\/users\/2"}],"replies":[{"embeddable":true,"href":"https:\/\/www.radiopresidenteibanez.cl\/web\/wp-json\/wp\/v2\/comments?post=17273"}],"version-history":[{"count":0,"href":"https:\/\/www.radiopresidenteibanez.cl\/web\/wp-json\/wp\/v2\/posts\/17273\/revisions"}],"wp:featuredmedia":[{"embeddable":true,"href":"https:\/\/www.radiopresidenteibanez.cl\/web\/wp-json\/wp\/v2\/media\/740"}],"wp:attachment":[{"href":"https:\/\/www.radiopresidenteibanez.cl\/web\/wp-json\/wp\/v2\/media?parent=17273"}],"wp:term":[{"taxonomy":"category","embeddable":true,"href":"https:\/\/www.radiopresidenteibanez.cl\/web\/wp-json\/wp\/v2\/categories?post=17273"},{"taxonomy":"post_tag","embeddable":true,"href":"https:\/\/www.radiopresidenteibanez.cl\/web\/wp-json\/wp\/v2\/tags?post=17273"}],"curies":[{"name":"wp","href":"https:\/\/api.w.org\/{rel}","templated":true}]}}