{"id":17267,"date":"2020-12-25T02:45:00","date_gmt":"2020-12-25T02:45:00","guid":{"rendered":"https:\/\/www.radiopresidenteibanez.cl\/web\/?p=17267"},"modified":"2020-12-24T02:30:21","modified_gmt":"2020-12-24T02:30:21","slug":"mas-de-20-conciertos-regala-la-foji-para-disfrutar-en-familia-en-esta-navidad","status":"publish","type":"post","link":"https:\/\/www.radiopresidenteibanez.cl\/web\/mas-de-20-conciertos-regala-la-foji-para-disfrutar-en-familia-en-esta-navidad\/","title":{"rendered":"M\u00c1S DE 20 CONCIERTOS REGALA LA FOJI PARA DISFRUTAR EN FAMILIA EN ESTA NAVIDAD"},"content":{"rendered":"\n<p>\u201cQue\nno falte m\u00fasica en esta Navidad\u201d. Esto es lo que busca la campa\u00f1a impulsada por\nla Fundaci\u00f3n de Orquestas Juveniles e Infantiles de Chile (FOJI), que tiene\ncomo objetivo invitar a todas las personas a revisar este 24 de diciembre el\ncanal de YouTube de la instituci\u00f3n (https:\/\/www.youtube.com\/c\/FOJIChile\/videos),\nen el que se estrenar\u00e1n m\u00e1s de 20 conciertos.<\/p>\n\n\n\n<p>Estos\nvideos fueron preparados durante todo el a\u00f1o por las orquestas de la FOJI de\nArica a Magallanes, quienes de manera online y desde sus casas regalaran todo\nel talento para que las personas puedan disfrutarlo en esta Navidad y de manera\nabsolutamente gratuita. <\/p>\n\n\n\n<p>\u201cLa\nm\u00fasica es un hermoso regalo para en estos tiempos tan complejos, estoy segura\nque se van a sorprender con el cari\u00f1o y entusiasmo que hay en estos conciertos.\nCelebremos una Navidad en familia escuchando el talento de los ni\u00f1os y j\u00f3venes\nde la FOJI\u201d, coment\u00f3 la primera dama y Presidenta de la FOJI, Cecilia Morel.<\/p>\n\n\n\n<p>\u201cEstos\nconciertos son el resultado de un arduo trabajo del equipo de la Fundaci\u00f3n,\neste a\u00f1o tuvimos que reinventarnos y realizar todas nuestras clases de manera\nonline. Los ni\u00f1os transformaron sus casas en los mejores escenarios, estamos\nrealmente orgullosos y felices\u201d, se\u00f1al\u00f3 Alejandra Kantor, Directora Ejecutiva\nde la FOJI.<\/p>\n\n\n\n<p>En\nlos conciertos se podr\u00e1 disfrutar de un variado repertorio que incluye m\u00fasica de\nManuel de Falla, Charles Gounod, Modest M\u00fasorgski, Leopold Mozart, Camille Saint-Sa\u00ebns y Andrea\nGabrieli, entre otros compositores. Adem\u00e1s, y como es tradici\u00f3n, la Orquesta\nSinf\u00f3nica Infantil Metropolitana (OSIM), estrenar\u00e1 los esperados villancicos.<\/p>\n\n\n\n<p>En\nel caso de los integrantes de la Orquesta Sinf\u00f3nica Juvenil e Infantil de\nMagallanes, presentar\u00e1n 2 conciertos: Suite Violeta Parra, obra cedida por la\nOrquesta Sinf\u00f3nica de Panguipulli, y la Sinfon\u00eda de los Juguetes, de Leopold\nMozart.<\/p>\n\n\n\n<p>\u201cQueremos\ndejarlos cordialmente invitados a un especial de Navidad que tendr\u00e1 la\nFundaci\u00f3n de Orquestas Juveniles e Infantiles de Chile, donde se mostrar\u00e1 todo\nel trabajo desarrollado por las Orquestas Regionales del pa\u00eds, donde nosotros\ncomo Magallanes tendremos una destacada participaci\u00f3n. Espero que lo disfruten\njunto a su familia en esta navidad tan particular que estamos viviendo\u201d, afirm\u00f3\nel director de la Orquesta Regional de Magallanes, Alexander Sep\u00falveda. <\/p>\n\n\n\n<p>La\nFundaci\u00f3n Orquestas Juveniles e Infantiles (FOJI), perteneciente a la Red de\nFundaciones de la Presidencia y que encabeza la primera dama, Cecilia Morel, es\nuna instituci\u00f3n sin fines de lucro, entrega becas para ni\u00f1os y j\u00f3venes m\u00fasicos,\norganiza cursos de instrumentos y direcci\u00f3n orquestal, concursos de\ninterpretaci\u00f3n, festivales, temporadas de conciertos y fondos concursables.<\/p>\n\n\n\n<p>Hoy\nson m\u00e1s de 500 las Orquestas Juveniles e Infantiles que se encuentran\ndistribuidas de Arica a Punta Arenas, en 170 comunas del pa\u00eds. Asimismo, hoy\nm\u00e1s de 25 mil ni\u00f1os y j\u00f3venes practican instrumentos en una formaci\u00f3n\norquestal. Los beneficios de este programa son invaluables con grandes impactos\nen la educaci\u00f3n y en la movilidad social.<\/p>\n","protected":false},"excerpt":{"rendered":"<p>\u201cQue no falte m\u00fasica en esta Navidad\u201d. Esto es lo que busca la campa\u00f1a impulsada por la Fundaci\u00f3n de Orquestas Juveniles e Infantiles de Chile (FOJI), que tiene como objetivo&#8230; <a class=\"read-more\" href=\"https:\/\/www.radiopresidenteibanez.cl\/web\/mas-de-20-conciertos-regala-la-foji-para-disfrutar-en-familia-en-esta-navidad\/\">Leer m\u00e1s<\/a><\/p>\n","protected":false},"author":2,"featured_media":17268,"comment_status":"closed","ping_status":"closed","sticky":false,"template":"","format":"standard","meta":{"footnotes":""},"categories":[1],"tags":[],"class_list":["post-17267","post","type-post","status-publish","format-standard","has-post-thumbnail","hentry","category-cronica"],"_links":{"self":[{"href":"https:\/\/www.radiopresidenteibanez.cl\/web\/wp-json\/wp\/v2\/posts\/17267","targetHints":{"allow":["GET"]}}],"collection":[{"href":"https:\/\/www.radiopresidenteibanez.cl\/web\/wp-json\/wp\/v2\/posts"}],"about":[{"href":"https:\/\/www.radiopresidenteibanez.cl\/web\/wp-json\/wp\/v2\/types\/post"}],"author":[{"embeddable":true,"href":"https:\/\/www.radiopresidenteibanez.cl\/web\/wp-json\/wp\/v2\/users\/2"}],"replies":[{"embeddable":true,"href":"https:\/\/www.radiopresidenteibanez.cl\/web\/wp-json\/wp\/v2\/comments?post=17267"}],"version-history":[{"count":0,"href":"https:\/\/www.radiopresidenteibanez.cl\/web\/wp-json\/wp\/v2\/posts\/17267\/revisions"}],"wp:featuredmedia":[{"embeddable":true,"href":"https:\/\/www.radiopresidenteibanez.cl\/web\/wp-json\/wp\/v2\/media\/17268"}],"wp:attachment":[{"href":"https:\/\/www.radiopresidenteibanez.cl\/web\/wp-json\/wp\/v2\/media?parent=17267"}],"wp:term":[{"taxonomy":"category","embeddable":true,"href":"https:\/\/www.radiopresidenteibanez.cl\/web\/wp-json\/wp\/v2\/categories?post=17267"},{"taxonomy":"post_tag","embeddable":true,"href":"https:\/\/www.radiopresidenteibanez.cl\/web\/wp-json\/wp\/v2\/tags?post=17267"}],"curies":[{"name":"wp","href":"https:\/\/api.w.org\/{rel}","templated":true}]}}