{"id":17264,"date":"2020-12-25T02:30:00","date_gmt":"2020-12-25T02:30:00","guid":{"rendered":"https:\/\/www.radiopresidenteibanez.cl\/web\/?p=17264"},"modified":"2020-12-24T02:28:14","modified_gmt":"2020-12-24T02:28:14","slug":"mineduc-invirtio-mas-de-800-millones-para-mejoramiento-de-infraestructura-de-escuelas-en-la-region","status":"publish","type":"post","link":"https:\/\/www.radiopresidenteibanez.cl\/web\/mineduc-invirtio-mas-de-800-millones-para-mejoramiento-de-infraestructura-de-escuelas-en-la-region\/","title":{"rendered":"MINEDUC INVIRTI\u00d3 M\u00c1S DE $800 MILLONES PARA MEJORAMIENTO DE INFRAESTRUCTURA DE ESCUELAS EN LA REGI\u00d3N"},"content":{"rendered":"\n<p>El balance en materia de\ninversiones fue entregado por el Seremi de Educaci\u00f3n de Magallanes, Rodrigo\nSep\u00falveda Tagle, tras cerrar el a\u00f1o presupuestario 2020, el que arroj\u00f3 una\ndestinaci\u00f3n de m\u00e1s de 800 millones de pesos para mejoramiento de las escuelas\nde la regi\u00f3n.<\/p>\n\n\n\n<p>Este monto fue confirmado por la\nautoridad regional tras concluir la convocatoria que se realiza cada a\u00f1o para\npermitir mejorar las condiciones de infraestructura, equipamiento y mobiliario\nde los establecimientos educacionales administrados por las municipalidades y\ncorporaciones municipales, mediante el financiamiento de proyectos de inversi\u00f3n\nque permitan la reposici\u00f3n parcial o total de escuelas y\/o Liceos que presenten\ndeterioro.<\/p>\n\n\n\n<p>\u201cPunta Arenas y Natales son las\ncomunas que se adjudicaron importantes fondos para mejorar el estado de su infraestructura\ny as\u00ed tener espacios f\u00edsicos confortables para los estudiantes y que ellos y\nellas puedan tener mejor acceso a su formaci\u00f3n acad\u00e9mica. En total, se\ninvirtieron $802.070.303 para iniciativas de conservaci\u00f3n y dise\u00f1o, resultado\nque es fruto del trabajo que hemos desarrollado durante el a\u00f1o con los\nsostenedores y la dedicaci\u00f3n de los funcionarios de la Seremi\u201d destac\u00f3\nSep\u00falveda Tagle.<\/p>\n\n\n\n<p>Junto a lo anterior, el Seremi de\nEducaci\u00f3n tambi\u00e9n valor\u00f3 el mandato recibido del presidente Sebasti\u00e1n Pi\u00f1era en\ntorno a mejorar las condiciones de infraestructura de las escuelas p\u00fablicas \u201cmejoramiento\nque permita elevar el desarrollo de los estudiantes en ambientes m\u00e1s arm\u00f3nicos que\nayuden a los estudiantes, docentes, asistentes de la educaci\u00f3n a acceder a mejores\ny m\u00e1s dignos espacios\u201d.<\/p>\n\n\n\n<p><strong>Establecimientos\nbeneficiados<\/strong><\/p>\n\n\n\n<ul class=\"wp-block-list\"><li><strong>Conservaci\u00f3n\ngeneral Escuela Coronel Santiago Bueras, Puerto Natales:<\/strong><\/li><\/ul>\n\n\n\n<p>Cuenta con una matr\u00edcula de 333 alumnos y el proyecto\ncomprometi\u00f3 financiamiento por $294.670.000 que permitir\u00e1 concretar el\nreacondicionamiento t\u00e9rmico envolvente del establecimiento que consiste en el\ncambio de ventanas termo panel en toda la escuela, mejoramiento de patios con\nimplementaci\u00f3n de equipamiento para los ni\u00f1os, entre otros.<\/p>\n\n\n\n<ul class=\"wp-block-list\"><li><strong>Conservaci\u00f3n\ngeneral Escuela Bernardo O\u00b4Higgins, Punta Arenas:<\/strong><\/li><\/ul>\n\n\n\n<p>Con una matr\u00edcula de 433 alumnos, el proyecto considera la\ndestinaci\u00f3n de $241.731.853., para la conservaci\u00f3n de la fachada del\nestablecimiento, patio exterior de juegos, patio interior, salas de clases, pasillos,\npatio interior, ba\u00f1os de damas y varones.<\/p>\n\n\n\n<ul class=\"wp-block-list\"><li><strong>Dise\u00f1o\nEscuela Villa Las Nieves, Punta Arenas:<\/strong><\/li><\/ul>\n\n\n\n<p>Con una matr\u00edcula de 642 alumnos, el proyecto cuenta con\nfinanciamiento de $149.959.670., que contempla la adquisici\u00f3n de los servicios\nde confecci\u00f3n de planos, informe de mec\u00e1nica de suelos, informe de ingenier\u00eda y\nc\u00e1lculo estructural, proyectos BIM, electricidad y corrientes d\u00e9biles,\nsanitario, gas, calefacci\u00f3n central y eficiencia energ\u00e9tica,&nbsp;para el\nmejoramiento y reposici\u00f3n parcial del establecimiento.<\/p>\n\n\n\n<ul class=\"wp-block-list\"><li><strong>Dise\u00f1o\nEscuela Baudilia Avenda\u00f1o de Youssuf, Puerto Natales:<\/strong><\/li><\/ul>\n\n\n\n<p>Este establecimiento cuenta con matr\u00edcula de 211 alumnos y\nel proyecto considera un financiamiento por $115.708.780., se contempla el\ndesarrollo del proyecto de arquitectura y especialidades concurrentes para el\nmejoramiento y reposici\u00f3n parcial del recinto.<\/p>\n\n\n\n<figure class=\"wp-block-table\"><table class=\"\"><tbody><tr><td>\n  <strong>Comuna<\/strong>\n  <\/td><td>\n  <strong>Establecimiento<\/strong>\n  <\/td><td>\n  <strong>Monto<\/strong>\n  <\/td><td>\n  <strong>Tipo Proyecto<\/strong>\n  <\/td><\/tr><tr><td>\n  NATALES\n  <\/td><td>\n  ESC BAUDILIA\n  AVENDA\u00d1O DE YOUSSUF\n  <\/td><td>\n  115.708.780\n  <\/td><td>\n  Dise\u00f1o\n  <\/td><\/tr><tr><td>\n  PUNTA ARENAS\n  <\/td><td>\n  ESCUELA VILLA\n  LAS NIEVES\n  <\/td><td>\n  149.959.670\n  <\/td><td>\n  Dise\u00f1o\n  <\/td><\/tr><tr><td>\n  NATALES\n  <\/td><td>\n  ESCUELA CORONEL\n  SANTIAGO BUERAS\n  <\/td><td>\n  294.670.000\n  <\/td><td>\n  Conservaci\u00f3n\n  <\/td><\/tr><tr><td>\n  PUNTA ARENAS\n  <\/td><td>\n  ESCUELA\n  LIBERTADOR CAP GRAL BDO OHIGGINS\n  <\/td><td>\n  241.731.853\n  <\/td><td>\n  Conservaci\u00f3n\n  <\/td><\/tr><tr><td>\n  <strong>TOTAL<\/strong>\n  <\/td><td>\n  <strong>&nbsp;<\/strong>\n  <\/td><td>\n  <strong>$802.070.303<\/strong>\n  <\/td><td>\n  <strong>&nbsp;<\/strong>\n  <\/td><\/tr><tr><td><\/td><td><\/td><td><\/td><td><\/td><\/tr><\/tbody><\/table><\/figure>\n","protected":false},"excerpt":{"rendered":"<p>El balance en materia de inversiones fue entregado por el Seremi de Educaci\u00f3n de Magallanes, Rodrigo Sep\u00falveda Tagle, tras cerrar el a\u00f1o presupuestario 2020, el que arroj\u00f3 una destinaci\u00f3n de&#8230; <a class=\"read-more\" href=\"https:\/\/www.radiopresidenteibanez.cl\/web\/mineduc-invirtio-mas-de-800-millones-para-mejoramiento-de-infraestructura-de-escuelas-en-la-region\/\">Leer m\u00e1s<\/a><\/p>\n","protected":false},"author":2,"featured_media":17265,"comment_status":"closed","ping_status":"closed","sticky":false,"template":"","format":"standard","meta":{"footnotes":""},"categories":[1],"tags":[],"class_list":["post-17264","post","type-post","status-publish","format-standard","has-post-thumbnail","hentry","category-cronica"],"_links":{"self":[{"href":"https:\/\/www.radiopresidenteibanez.cl\/web\/wp-json\/wp\/v2\/posts\/17264","targetHints":{"allow":["GET"]}}],"collection":[{"href":"https:\/\/www.radiopresidenteibanez.cl\/web\/wp-json\/wp\/v2\/posts"}],"about":[{"href":"https:\/\/www.radiopresidenteibanez.cl\/web\/wp-json\/wp\/v2\/types\/post"}],"author":[{"embeddable":true,"href":"https:\/\/www.radiopresidenteibanez.cl\/web\/wp-json\/wp\/v2\/users\/2"}],"replies":[{"embeddable":true,"href":"https:\/\/www.radiopresidenteibanez.cl\/web\/wp-json\/wp\/v2\/comments?post=17264"}],"version-history":[{"count":0,"href":"https:\/\/www.radiopresidenteibanez.cl\/web\/wp-json\/wp\/v2\/posts\/17264\/revisions"}],"wp:featuredmedia":[{"embeddable":true,"href":"https:\/\/www.radiopresidenteibanez.cl\/web\/wp-json\/wp\/v2\/media\/17265"}],"wp:attachment":[{"href":"https:\/\/www.radiopresidenteibanez.cl\/web\/wp-json\/wp\/v2\/media?parent=17264"}],"wp:term":[{"taxonomy":"category","embeddable":true,"href":"https:\/\/www.radiopresidenteibanez.cl\/web\/wp-json\/wp\/v2\/categories?post=17264"},{"taxonomy":"post_tag","embeddable":true,"href":"https:\/\/www.radiopresidenteibanez.cl\/web\/wp-json\/wp\/v2\/tags?post=17264"}],"curies":[{"name":"wp","href":"https:\/\/api.w.org\/{rel}","templated":true}]}}