{"id":1725,"date":"2019-03-01T17:10:55","date_gmt":"2019-03-01T17:10:55","guid":{"rendered":"http:\/\/www.radiopresidenteibanez.cl\/web\/?p=1725"},"modified":"2019-03-01T17:11:32","modified_gmt":"2019-03-01T17:11:32","slug":"se-constituyo-oficialmente-la-mesa-regional-de-la-ninez-en-la-region-de-magallanes","status":"publish","type":"post","link":"https:\/\/www.radiopresidenteibanez.cl\/web\/se-constituyo-oficialmente-la-mesa-regional-de-la-ninez-en-la-region-de-magallanes\/","title":{"rendered":"SE CONSTITUY\u00d3 OFICIALMENTE LA MESA REGIONAL DE LA NI\u00d1EZ EN LA REGI\u00d3N DE MAGALLANES"},"content":{"rendered":"\n<p>En el sal\u00f3n Nelda Panicucci de la Intendencia Regional, con la presencia de diversas autoridades regionales, se llevo a cabo la constituci\u00f3n oficial de la Mesa Regional de la Ni\u00f1ez en Magallanes, la cual busca resolver las tem\u00e1ticas de la infancia, a fin de que sean respetados los derechos de los ni\u00f1os y terminar con las vulnerabilidades a fin de que sean integrados de la mejor forma a la sociedad.<\/p>\n\n\n\n<p>En esta oportunidad la m\u00e1xima autoridad regional, Jos\u00e9 Fern\u00e1ndez D\u00fcbrock, presidi\u00f3 esta mesa que fue exitosamente convocada por la Seremi de Desarrollo Social, Liz Casanueva M\u00e9ndez, donde la Subsecretaria de la Ni\u00f1ez, Carol Bown Sep\u00falveda expuso el sistema de protecci\u00f3n de la ni\u00f1ez, lineamientos y el trabajo hecho y por hacer.<\/p>\n\n\n\n<p>Ante esto la Subsecretaria de la Ni\u00f1ez indic\u00f3: \u201cEstamos ac\u00e1 pidiendo que cada uno se comprometa en sus materias y que se priorice siempre entre la articulaci\u00f3n intersectorial a nuestros ni\u00f1os, para que podamos preocuparnos de ellos, podamos evitar vulneraciones y podamos evitar situaciones tan dolorosas como las que se han visto en los \u00faltimos tiempos\u201d.<\/p>\n\n\n\n<p>As\u00ed mismo el Intendente de la Regi\u00f3n de Magallanes y la Ant\u00e1rtica Chilena expres\u00f3: \u201cel tema de los ni\u00f1os primero no es solamente un slogan, si no que aqu\u00ed hoy d\u00eda lo estamos transformando en realidad al conformar esta mesa que tal como lo explic\u00f3 la subsecretaria est\u00e1 conformada por varios servicios y cada uno se va a comprometer en la infancia y la protecci\u00f3n de los ni\u00f1os creo que es prioritario para nuestro pa\u00eds y este es uno de los temas principales del Presidente\u201d.<\/p>\n\n\n\n<p>Todo nace del Acuerdo Nacional por la Infancia, del Presidente de la Rep\u00fablica, que busca promover el desarrollo integral de todos los ni\u00f1os, ni\u00f1as y adolescentes de nuestro pa\u00eds para que \u00e9stos alcancen el m\u00e1ximo desarrollo de sus capacidades, generando mecanismos que permitan actuar a tiempo, para as\u00ed prevenir que alguno de ellos se quede atr\u00e1s, as\u00ed como tambi\u00e9n proteger aquellos ni\u00f1os, ni\u00f1as y adolescentes que han sido vulnerados para que puedan retomar una trayectoria de desarrollo que contribuya a potenciar su bienestar. De igual forma se busca relevar la importancia de las familias, en su rol protector insustituible.<\/p>\n\n\n\n<p>La Secretaria Regional Ministerial de Desarrollo Social, Liz Casanueva mencion\u00f3: \u201chemos tenido un trabajo antes de esta mesa en el tema de infancia, as\u00ed que ya el hecho de que nuestras Subsecretaria Carol Bown haya visitado la Regi\u00f3n y haya hecho el puntapi\u00e9 inicial con respecto a la mesa, no nos cabe la menor duda de que vamos a sacar muchos productos de esta mesa y que van en directo beneficio con lo que tiene que ver con infancia y la familia\u201d<\/p>\n\n\n\n<p>Para culminar esta ceremonia se firm\u00f3 el acta de constituci\u00f3n de la mesa regional de la ni\u00f1ez que tendr\u00e1 por objetivo fortalecer el modelo de gesti\u00f3n intersectorial en el abordaje y tratamiento de las tem\u00e1ticas de ni\u00f1ez.<\/p>\n","protected":false},"excerpt":{"rendered":"<p>En el sal\u00f3n Nelda Panicucci de la Intendencia Regional, con la presencia de diversas autoridades regionales, se llevo a cabo la constituci\u00f3n oficial de la Mesa Regional de la Ni\u00f1ez&#8230; <a class=\"read-more\" href=\"https:\/\/www.radiopresidenteibanez.cl\/web\/se-constituyo-oficialmente-la-mesa-regional-de-la-ninez-en-la-region-de-magallanes\/\">Leer m\u00e1s<\/a><\/p>\n","protected":false},"author":2,"featured_media":1727,"comment_status":"closed","ping_status":"closed","sticky":false,"template":"","format":"standard","meta":{"footnotes":""},"categories":[1],"tags":[],"class_list":["post-1725","post","type-post","status-publish","format-standard","has-post-thumbnail","hentry","category-cronica"],"_links":{"self":[{"href":"https:\/\/www.radiopresidenteibanez.cl\/web\/wp-json\/wp\/v2\/posts\/1725","targetHints":{"allow":["GET"]}}],"collection":[{"href":"https:\/\/www.radiopresidenteibanez.cl\/web\/wp-json\/wp\/v2\/posts"}],"about":[{"href":"https:\/\/www.radiopresidenteibanez.cl\/web\/wp-json\/wp\/v2\/types\/post"}],"author":[{"embeddable":true,"href":"https:\/\/www.radiopresidenteibanez.cl\/web\/wp-json\/wp\/v2\/users\/2"}],"replies":[{"embeddable":true,"href":"https:\/\/www.radiopresidenteibanez.cl\/web\/wp-json\/wp\/v2\/comments?post=1725"}],"version-history":[{"count":0,"href":"https:\/\/www.radiopresidenteibanez.cl\/web\/wp-json\/wp\/v2\/posts\/1725\/revisions"}],"wp:featuredmedia":[{"embeddable":true,"href":"https:\/\/www.radiopresidenteibanez.cl\/web\/wp-json\/wp\/v2\/media\/1727"}],"wp:attachment":[{"href":"https:\/\/www.radiopresidenteibanez.cl\/web\/wp-json\/wp\/v2\/media?parent=1725"}],"wp:term":[{"taxonomy":"category","embeddable":true,"href":"https:\/\/www.radiopresidenteibanez.cl\/web\/wp-json\/wp\/v2\/categories?post=1725"},{"taxonomy":"post_tag","embeddable":true,"href":"https:\/\/www.radiopresidenteibanez.cl\/web\/wp-json\/wp\/v2\/tags?post=1725"}],"curies":[{"name":"wp","href":"https:\/\/api.w.org\/{rel}","templated":true}]}}