{"id":17237,"date":"2020-12-24T03:00:00","date_gmt":"2020-12-24T03:00:00","guid":{"rendered":"https:\/\/www.radiopresidenteibanez.cl\/web\/?p=17237"},"modified":"2020-12-23T16:05:41","modified_gmt":"2020-12-23T16:05:41","slug":"covid-19-claves-para-cuidarse-durante-las-fiestas-de-fin-de-ano","status":"publish","type":"post","link":"https:\/\/www.radiopresidenteibanez.cl\/web\/covid-19-claves-para-cuidarse-durante-las-fiestas-de-fin-de-ano\/","title":{"rendered":"COVID\u201319: CLAVES PARA CUIDARSE DURANTE LAS FIESTAS DE FIN DE A\u00d1O"},"content":{"rendered":"\n<p>La llegada del mes de diciembre trae consigo, todas las\ncelebraciones que caracterizan esta \u00e9poca del a\u00f1o. Sin embargo, \u00e9sta ser\u00e1\ndiferente, ya que el llamado es a seguir cuid\u00e1ndose para evitar una nueva ola\nde contagios por Covid\u201319. <\/p>\n\n\n\n<p>\u201cSabemos que las personas se quieren reunir para\nNavidad y A\u00f1o Nuevo, pero es clave mantener las medidas de seguridad que hemos\nvenido indicando todo este tiempo. Adem\u00e1s del uso de mascarilla, el\ndistanciamiento social y el lavado de manos, es clave que las personas eviten\nestar en aglomeraciones innecesariamente y privilegien la celebraci\u00f3n en su\nfamilia nuclear\u201d, se\u00f1al\u00f3 el especialista del grupo Bupa, Leonardo Siri.<\/p>\n\n\n\n<p>Respecto a una eventual nueva ola, el experto se\u00f1al\u00f3\nque lo cierto es que es muy dif\u00edcil predecir cu\u00e1ndo y c\u00f3mo ser\u00e1, ya que todo\ndepende del comportamiento de la poblaci\u00f3n. \u201cPodemos mirar los ejemplos\ninternacionales, pero eso no significa que lo mismo ocurrir\u00e1 ac\u00e1. En Europa,\npor ejemplo, la nueva ola parti\u00f3 con muchos m\u00e1s casos que la primera, pero con\nmenos mortalidad, ya que se infect\u00f3 principalmente gente joven, pero con el\npasar de las semanas la mortalidad volvi\u00f3 a aumentar, ya que nuevamente\ncomenzaron a infectarse personas susceptibles de evolucionar a un cuadro grave\nde Covid, con el consiguiente colapso sanitario\u201d, explic\u00f3 el infect\u00f3logo.<\/p>\n\n\n\n<p><strong>\u00bfQu\u00e9 hacer en\ncaso de s\u00edntomas?<\/strong><\/p>\n\n\n\n<p>Seg\u00fan lo que mencion\u00f3 el experto de Cl\u00ednica Bupa\nSantiago, todo paciente que manifieste s\u00edntomas respiratorios o incluso\ns\u00edntomas banales como un resfriado leve, debe abstenerse de asistir a los\neventos familiares y consultar de inmediato para realizarse un examen PCR.\n\u201cEsto es muy importante para poder mejorar la trazabilidad e indicar\naislamiento de los casos positivos. No esperar a tener fiebre para consultar,\nya que en etapas iniciales de la enfermedad no es el s\u00edntoma m\u00e1s frecuente\u201d,\nasegur\u00f3 el experto.<\/p>\n","protected":false},"excerpt":{"rendered":"<p>La llegada del mes de diciembre trae consigo, todas las celebraciones que caracterizan esta \u00e9poca del a\u00f1o. Sin embargo, \u00e9sta ser\u00e1 diferente, ya que el llamado es a seguir cuid\u00e1ndose&#8230; <a class=\"read-more\" href=\"https:\/\/www.radiopresidenteibanez.cl\/web\/covid-19-claves-para-cuidarse-durante-las-fiestas-de-fin-de-ano\/\">Leer m\u00e1s<\/a><\/p>\n","protected":false},"author":2,"featured_media":17238,"comment_status":"closed","ping_status":"closed","sticky":false,"template":"","format":"standard","meta":{"footnotes":""},"categories":[1],"tags":[],"class_list":["post-17237","post","type-post","status-publish","format-standard","has-post-thumbnail","hentry","category-cronica"],"_links":{"self":[{"href":"https:\/\/www.radiopresidenteibanez.cl\/web\/wp-json\/wp\/v2\/posts\/17237","targetHints":{"allow":["GET"]}}],"collection":[{"href":"https:\/\/www.radiopresidenteibanez.cl\/web\/wp-json\/wp\/v2\/posts"}],"about":[{"href":"https:\/\/www.radiopresidenteibanez.cl\/web\/wp-json\/wp\/v2\/types\/post"}],"author":[{"embeddable":true,"href":"https:\/\/www.radiopresidenteibanez.cl\/web\/wp-json\/wp\/v2\/users\/2"}],"replies":[{"embeddable":true,"href":"https:\/\/www.radiopresidenteibanez.cl\/web\/wp-json\/wp\/v2\/comments?post=17237"}],"version-history":[{"count":0,"href":"https:\/\/www.radiopresidenteibanez.cl\/web\/wp-json\/wp\/v2\/posts\/17237\/revisions"}],"wp:featuredmedia":[{"embeddable":true,"href":"https:\/\/www.radiopresidenteibanez.cl\/web\/wp-json\/wp\/v2\/media\/17238"}],"wp:attachment":[{"href":"https:\/\/www.radiopresidenteibanez.cl\/web\/wp-json\/wp\/v2\/media?parent=17237"}],"wp:term":[{"taxonomy":"category","embeddable":true,"href":"https:\/\/www.radiopresidenteibanez.cl\/web\/wp-json\/wp\/v2\/categories?post=17237"},{"taxonomy":"post_tag","embeddable":true,"href":"https:\/\/www.radiopresidenteibanez.cl\/web\/wp-json\/wp\/v2\/tags?post=17237"}],"curies":[{"name":"wp","href":"https:\/\/api.w.org\/{rel}","templated":true}]}}