{"id":17224,"date":"2020-12-24T02:30:00","date_gmt":"2020-12-24T02:30:00","guid":{"rendered":"https:\/\/www.radiopresidenteibanez.cl\/web\/?p=17224"},"modified":"2020-12-23T13:21:57","modified_gmt":"2020-12-23T13:21:57","slug":"ips-y-red-chileatiende-invitan-a-informarse-sobre-solicitud-de-aporte-previsional-solidario-de-vejez","status":"publish","type":"post","link":"https:\/\/www.radiopresidenteibanez.cl\/web\/ips-y-red-chileatiende-invitan-a-informarse-sobre-solicitud-de-aporte-previsional-solidario-de-vejez\/","title":{"rendered":"IPS Y RED CHILEATIENDE INVITAN A INFORMARSE SOBRE SOLICITUD DE APORTE PREVISIONAL SOLIDARIO DE VEJEZ"},"content":{"rendered":"\n<p>Si bien m\u00e1s de 1 mill\u00f3n de\npensionadas y pensionados en el pa\u00eds ya cuentan con el Aporte Previsional\nSolidario de Vejez (APSV), a\u00fan hay algunas personas que, cumpliendo los\nrequisitos, no han solicitado este beneficio que complementa las pensiones m\u00e1s\nbajas, ya sea del Sistema de AFP o de las ex cajas de previsi\u00f3n. <\/p>\n\n\n\n<p>Por lo mismo, el Instituto\nde Previsi\u00f3n Social y la red ChileAtiende impulsan la campa\u00f1a \u201cUn Aporte a tu\nvida\u201d, para que las personas que no lo han hecho puedan acceder a esta ayuda\nestatal. Entre las acciones que se desarrollan, el IPS ha determinado qu\u00e9\npensionados de su instituci\u00f3n tienen derecho al beneficio -sin haberlo a\u00fan\nsolicitado- y les est\u00e1 entregando un volante informativo en las sucursales de\npago Los H\u00e9roes. Es importante se\u00f1alar que el valor del Aporte para cada\npersona depender\u00e1 del monto de la pensi\u00f3n.<\/p>\n\n\n\n<p>\u201cLes invitamos a que\npuedan realizar este tr\u00e1mite para solicitar este Aporte Previsional Solidario\nde Vejez, privilegiando los canales virtuales, la atenci\u00f3n remota. Para eso,\ntenemos el Call Center 101, tambi\u00e9n nuestra p\u00e1gina ChileAtiende y tambi\u00e9n la\nposibilidad de realizarlo con un ejecutivo virtual\u201d, afirm\u00f3 el director\nregional del IPS, Eduardo Barahona Kompatzki. <\/p>\n\n\n\n<p><strong>\u00bfCu\u00e1les son los principales requisitos para poder solicitar\neste aporte, si la persona a\u00fan no lo ha pedido?<\/strong><\/p>\n\n\n\n<p>Para solicitar este\nbeneficio, estos son los principales requisitos que deben cumplir las personas:<\/p>\n\n\n\n<p>&#8211; Tener, al menos, 65 a\u00f1os\nde edad. <\/p>\n\n\n\n<p>&#8211; Integrar un grupo\nfamiliar del 60 % m\u00e1s pobre de la poblaci\u00f3n. Este requisito se eval\u00faa en el\nInstituto de Previsi\u00f3n Social. Previamente, las personas deben estar inscritas\nen el Registro Social de Hogares.<\/p>\n\n\n\n<p>&#8211; Tener una pensi\u00f3n\nprevisional -del Sistema de AFP o ex cajas de previsi\u00f3n- bajo los siguientes\nmontos:<\/p>\n\n\n\n<figure class=\"wp-block-table\"><table class=\"\"><tbody><tr><td>\n  <strong>Rango de edad<\/strong>\n  <\/td><td>\n  <strong>Pueden solicitarlo personas<\/strong>\n  <strong>con pensiones menores a:<\/strong>\n  <\/td><\/tr><tr><td>\n  65 a 74 a\u00f1os\n  <\/td><td>\n  $ 417.764\n  <\/td><\/tr><tr><td>\n  75 a 79 a\u00f1os\n  <\/td><td>\n  $ 434.474\n  <\/td><\/tr><tr><td>\n  80 y m\u00e1s a\u00f1os\n  <\/td><td>\n  $ 501.316\n  <\/td><\/tr><\/tbody><\/table><\/figure>\n\n\n\n<p>&#8211; No ser imponente ni\npensionado de Dipreca o Capredena.<\/p>\n\n\n\n<p>&#8211; Acreditar residencia en\nChile por un per\u00edodo de 20 a\u00f1os, contados desde que se cumplieron los 20 a\u00f1os\nde edad.<\/p>\n\n\n\n<p>&#8211; Haber vivido en el pa\u00eds,\nal menos, 4 de los \u00faltimos 5 a\u00f1os anteriores a la solicitud.<\/p>\n\n\n\n<p>Alternativas para\nsolicitar este beneficio:<\/p>\n\n\n\n<p>1. Sucursales de la red\nChileAtiende<\/p>\n\n\n\n<p>2. Por Internet, si tienes\nClave\u00danica del Estado:<\/p>\n\n\n\n<p>&#8211; Sitio web <a href=\"http:\/\/www.ipsenlinea.cl\">www.ipsenlinea.cl<\/a>: ingresa a la secci\u00f3n \u201cPersona\u201d, opci\u00f3n \u201cPilar\nSolidario\u201d.<\/p>\n\n\n\n<p>&#8211; Sitio web <a href=\"http:\/\/www.chileatiende.cl\">www.chileatiende.cl<\/a>: busca \u201cAporte Previsional Solidario de Vejez\u201d y\naccede a \u201cIr al tr\u00e1mite en l\u00ednea\u201d.<\/p>\n\n\n\n<p>3. En forma remota, a\ndistancia, sin Clave\u00danica: como alternativa excepcional hasta diciembre de\n2020, si no se tiene Clave\u00danica, se puede tramitar la solicitud en forma\nremota, as\u00ed:<\/p>\n\n\n\n<p>&#8211; Sitio web <a href=\"http:\/\/www.chileatiende.cl\">www.chileatiende.cl<\/a>: ingresa a \u201cContacto\u201d. Como motivo de consulta,\nselecciona \u201cSolicitud extraordinaria de Beneficio del Pilar Solidario de\nPensiones\u201d. <\/p>\n\n\n\n<p>&#8211; Redes sociales\nChileAtiende (Facebook, Instagram y Twitter): Esta opci\u00f3n est\u00e1 disponible de\nlunes a viernes, en horario h\u00e1bil. All\u00ed, la persona se\u00f1ala que desea solicitar\nal Aporte Previsional Solidario de Vejez. <\/p>\n\n\n\n<p><strong>Importante: Para esta alternativa remota, se necesita un\ncomputador o tel\u00e9fono habilitados para videollamadas. <\/strong><\/p>\n\n\n\n<p><strong>\u00bfD\u00f3nde informarse?<\/strong><\/p>\n\n\n\n<p>Se puede encontrar m\u00e1s\ninformaci\u00f3n sobre el Aporte Previsional Solidario de Vejez en:<\/p>\n\n\n\n<p>&#8211; <a href=\"http:\/\/www.chileatiende.cl\">www.chileatiende.cl<\/a> <\/p>\n\n\n\n<p>&#8211; <a href=\"http:\/\/www.ips.gob.cl\">www.ips.gob.cl<\/a> <\/p>\n\n\n\n<p>&#8211;\nCall Center 101<\/p>\n","protected":false},"excerpt":{"rendered":"<p>Si bien m\u00e1s de 1 mill\u00f3n de pensionadas y pensionados en el pa\u00eds ya cuentan con el Aporte Previsional Solidario de Vejez (APSV), a\u00fan hay algunas personas que, cumpliendo los&#8230; <a class=\"read-more\" href=\"https:\/\/www.radiopresidenteibanez.cl\/web\/ips-y-red-chileatiende-invitan-a-informarse-sobre-solicitud-de-aporte-previsional-solidario-de-vejez\/\">Leer m\u00e1s<\/a><\/p>\n","protected":false},"author":2,"featured_media":17225,"comment_status":"closed","ping_status":"closed","sticky":false,"template":"","format":"standard","meta":{"footnotes":""},"categories":[1],"tags":[],"class_list":["post-17224","post","type-post","status-publish","format-standard","has-post-thumbnail","hentry","category-cronica"],"_links":{"self":[{"href":"https:\/\/www.radiopresidenteibanez.cl\/web\/wp-json\/wp\/v2\/posts\/17224","targetHints":{"allow":["GET"]}}],"collection":[{"href":"https:\/\/www.radiopresidenteibanez.cl\/web\/wp-json\/wp\/v2\/posts"}],"about":[{"href":"https:\/\/www.radiopresidenteibanez.cl\/web\/wp-json\/wp\/v2\/types\/post"}],"author":[{"embeddable":true,"href":"https:\/\/www.radiopresidenteibanez.cl\/web\/wp-json\/wp\/v2\/users\/2"}],"replies":[{"embeddable":true,"href":"https:\/\/www.radiopresidenteibanez.cl\/web\/wp-json\/wp\/v2\/comments?post=17224"}],"version-history":[{"count":0,"href":"https:\/\/www.radiopresidenteibanez.cl\/web\/wp-json\/wp\/v2\/posts\/17224\/revisions"}],"wp:featuredmedia":[{"embeddable":true,"href":"https:\/\/www.radiopresidenteibanez.cl\/web\/wp-json\/wp\/v2\/media\/17225"}],"wp:attachment":[{"href":"https:\/\/www.radiopresidenteibanez.cl\/web\/wp-json\/wp\/v2\/media?parent=17224"}],"wp:term":[{"taxonomy":"category","embeddable":true,"href":"https:\/\/www.radiopresidenteibanez.cl\/web\/wp-json\/wp\/v2\/categories?post=17224"},{"taxonomy":"post_tag","embeddable":true,"href":"https:\/\/www.radiopresidenteibanez.cl\/web\/wp-json\/wp\/v2\/tags?post=17224"}],"curies":[{"name":"wp","href":"https:\/\/api.w.org\/{rel}","templated":true}]}}