{"id":17221,"date":"2020-12-24T02:15:00","date_gmt":"2020-12-24T02:15:00","guid":{"rendered":"https:\/\/www.radiopresidenteibanez.cl\/web\/?p=17221"},"modified":"2020-12-23T13:19:44","modified_gmt":"2020-12-23T13:19:44","slug":"vii-cuenta-publica-del-consejo-regional-de-magallanes-y-de-la-antartica-chilena-gestion-ano-2020","status":"publish","type":"post","link":"https:\/\/www.radiopresidenteibanez.cl\/web\/vii-cuenta-publica-del-consejo-regional-de-magallanes-y-de-la-antartica-chilena-gestion-ano-2020\/","title":{"rendered":"VII CUENTA P\u00daBLICA DEL CONSEJO REGIONAL DE MAGALLANES Y DE LA ANT\u00c1RTICA CHILENA GESTI\u00d3N A\u00d1O 2020"},"content":{"rendered":"\n<p>Discurso del\npresidente del Consejo Regional, Sr Tolentino Soto Espa\u00f1a:<\/p>\n\n\n\n<p>Antes de iniciar la\npresente cuenta p\u00fablica, queremos manifestar como Consejo Regional, nuestro m\u00e1s\nprofundo pesar por el reciente fallecimiento del destacado profesional y\nfuncionario del Servicio Gobierno Regional de Magallanes y de la Ant\u00e1rtica\nChilena, el se\u00f1or <em>Juan Eduardo Stewart Holden <\/em>(Q.E.P.D.). Nuestras palabras de consuelo y aliento para su\nfamilia y para todos sus compa\u00f1eros de trabajo, aqu\u00ed en el Gobierno Regional.<\/p>\n\n\n\n<p>En cuanto a lo que nos\nconvoca el d\u00eda de hoy y como dice el viejo refr\u00e1n popular, \u00ab<em>nobleza obliga<\/em>\u00bb, se\u00f1alar que gran parte\nde la presente Cuenta P\u00fablica, considera la gesti\u00f3n del Presidente anterior del\nCORE, ex\u2013Consejero Regional, Sr. Alejandro\nKusanovic Glusevic, quien renunci\u00f3 a dicha calidad a partir del 20 de\nnoviembre del presente a\u00f1o. &nbsp;&nbsp;&nbsp;&nbsp;&nbsp;&nbsp;&nbsp;&nbsp; <\/p>\n\n\n\n<p>Dicho todo lo anterior, como\nun acto muy republicano y en cumplimiento a lo dispuesto en la letra k) del\nart\u00edculo 30 ter de la Ley Org\u00e1nica Constitucional sobre Gobierno y\nAdministraci\u00f3n Regional, vengo en exponer ante todos ustedes, la cuenta p\u00fablica\ndel Consejo Regional de Magallanes y de la Ant\u00e1rtica Chilena. Esta ser\u00e1 la s\u00e9ptima\ncuenta entregada por este Consejo a la comunidad regional, ello desde que sus\nintegrantes fueran elegidos democr\u00e1ticamente por votaci\u00f3n popular.<\/p>\n\n\n\n<p>Esta cuenta p\u00fablica\ncontempla el periodo comprendido entre los meses de enero a diciembre del\npresente a\u00f1o, donde, contamos con proyectos en tramitaci\u00f3n correspondientes a\nlos Fondos (FNDR) (Fondo Regional de Desarrollo Regional) y (FONDEMA) (Fondo de\nDesarrollo para Magallanes) sancionados por este Cuerpo Colegiado durante el\npresente a\u00f1o, siendo una inversi\u00f3n total aprobada de alrededor de <strong>65 mil millones de pesos<\/strong>, en esta tabla\nque ustedes pueden observar, se consideran todas las comunas m\u00e1s la inversi\u00f3n\nIntercomunal, la cual dice relaci\u00f3n con proyectos o iniciativas que contemplan\nterritorialmente dos o m\u00e1s comunas de la Regi\u00f3n. <\/p>\n\n\n\n<p>En este contexto, destaca\nla Comuna de Punta Arenas con un porcentaje del 53,9 %, luego el Intercomunal\ncon un 21,6%, luego la Comuna de Natales con un porcentaje del 9,0%, la\nAnt\u00e1rtica con un 3,8% y si bien es cierto, la Ant\u00e1rtica no opera\nadministrativamente como una comuna individual propiamente tal, es importante\ndestacar que se consider\u00f3 la inversi\u00f3n regional realizada all\u00ed, toda vez que\nella contribuye decididamente a afianzar la presencia soberana de nuestro pa\u00eds\ny Regi\u00f3n en el Territorio Chileno Ant\u00e1rtico; continuando seguimos con la Comuna\nTorres del Paine 3,4%, Timaukel con un 3%, Porvenir con un 2,1%, Primavera 0,9%,\nCabo de Hornos 0,8%, San Gregorio 0,7%, Laguna Blanca y la comuna de R\u00edo Verde\ncon un 0,4% del total. <\/p>\n\n\n\n<p>Esta segunda tabla explica\nla inversi\u00f3n, considerando esta vez s\u00f3lo a las comunas de la regi\u00f3n, sin el\ncomponente intercomunal. Se puede observar que se presenta una relaci\u00f3n similar\nen el comportamiento de la distribuci\u00f3n, ello en cuanto a los porcentajes por\ncomuna. <\/p>\n\n\n\n<p><strong>DISTRIBUCI\u00d3N DE LA INVERSI\u00d3N EN LA PROVINCIA MAGALLANES<\/strong><\/p>\n\n\n\n<ol class=\"wp-block-list\"><li><strong>Comuna Punta Arenas<\/strong>, con una inversi\u00f3n de alrededor de\n     35 mil millones de pesos; los cuales se distribuyen en el Fondo Nacional de\n     Desarrollo Regional <strong>(FNDR) <\/strong>con\n     un monto de m\u00e1s de 32 mil millones de pesos;<strong> FRIL<\/strong>, Fondo Regional de Iniciativa Local, con un monto de\n     1.800 millones de pesos; <strong>FONDEMA<\/strong>,\n     Fondo de Desarrollo de Magallanes; con un monto de m\u00e1s de 420 millones de\n     pesos y <strong>SECTORIAL<\/strong>, que se\n     refiere a algunas iniciativas sectoriales que requieren pronunciamiento\n     del Consejo Regional, para su ejecuci\u00f3n y contempla un monto que bordea\n     los 60 millones de pesos.<\/li><\/ol>\n\n\n\n<ol class=\"wp-block-list\"><li><strong>Comuna R\u00edo Verde<\/strong> con una inversi\u00f3n de 255 millones\n     de pesos; los cuales corresponden al <strong>FRIL<\/strong>,\n     Fondo Regional de Iniciativa Local.<\/li><\/ol>\n\n\n\n<ol class=\"wp-block-list\"><li><strong>Comuna Laguna Blanca<\/strong> con una inversi\u00f3n alrededor de 256\n     millones de pesos; los cuales se distribuyen en el <strong>FRIL<\/strong>, Fondo Regional de Iniciativa\n     Local, con un monto de alrededor de 225 millones de pesos; <strong>SECTORIAL<\/strong>, que se\n     refiere a algunas iniciativas sectoriales que requieren pronunciamiento\n     del Consejo Regional, para su ejecuci\u00f3n y contempla un monto de m\u00e1s de 31\n     millones de pesos.<\/li><\/ol>\n\n\n\n<ol class=\"wp-block-list\"><li><strong>Comuna San Gregorio<\/strong> con una inversi\u00f3n m\u00e1s de 456\n     millones de pesos; los cuales se distribuyen en el Fondo Nacional de\n     Desarrollo Regional <strong>(FNDR) <\/strong>con\n     un monto de m\u00e1s de 147 millones de pesos;<strong> FRIL<\/strong>, Fondo Regional de Iniciativa Local, con un monto de m\u00e1s\n     de 309 millones de pesos<\/li><\/ol>\n\n\n\n<p><strong>Iniciativas destacadas de financiamiento \u2013 Provincia de\nMagallanes a\u00f1o 2020.<\/strong><\/p>\n\n\n\n<ol class=\"wp-block-list\"><li>\u201cProyectos\nhabitacionales denominados; \u201cMonte Fenton\u201d, \u201cMonte Sarmiento\u201d y \u201cMonte Aymond\u201d\n(en su etapa de Ejecuci\u00f3n), Comuna de Punta Arenas\u201d, (m\u00e1s de 2.400 millones de pesos).<\/li><\/ol>\n\n\n\n<ul class=\"wp-block-list\"><li>Proyectos habitacionales denominados; \u201cLoteo\nHornillas\u201d, \u201cLoteo General del Canto\u201d, \u201cLoteo R\u00edo de los Ciervos\u201d (en su etapa\nde Ejecuci\u00f3n) Comuna de Punta Arenas, (m\u00e1s de 6.900 millones de pesos).<\/li><\/ul>\n\n\n\n<ul class=\"wp-block-list\"><li>Proyectos habitacionales; Enrique Abello 3 y Loteo\nEnrique Abello 4, en la comuna de Punta Arenas, (m\u00e1s de 5 mil millones de pesos).<\/li><\/ul>\n\n\n\n<p>Los tres\nproyectos mencionados hacen un total de m\u00e1s de 14 mil millones de pesos y son\nparte del Convenio de Programaci\u00f3n que existe actualmente entre Ministerio de Vivienda y\nUrbanismo y el Gobierno Regional de Magallanes y de la Ant\u00e1rtica Chilena,\nconvenio que hemos solicitado revisar para ex- tenderlo en condiciones m\u00e1s\nventajosas para nuestra Regi\u00f3n.<\/p>\n\n\n\n<ul class=\"wp-block-list\"><li>\u201cNormalizaci\u00f3n CESFAM 18 de Septiembre Punta Arenas\u201d, en\nsu etapa de ejecuci\u00f3n, (m\u00e1s\nde 7.600 millones de pesos). Tan anhelado proyecto por la comunidad del sector\nque ha esperado muchos a\u00f1os para esta soluci\u00f3n que entregar\u00e1 m\u00e1s dignidad en la\natenci\u00f3n de salud.<\/li><\/ul>\n\n\n\n<ul class=\"wp-block-list\"><li>\u201cReposici\u00f3n\nEquipos de Simulaci\u00f3n Para Tratamiento de Pacientes con C\u00e1ncer\u201d, (m\u00e1s de 892 millones\nde pesos).<\/li><\/ul>\n\n\n\n<p>&nbsp;Tambi\u00e9n se debe destacar que los dos \u00faltimos\nproyectos le\u00eddos, son parte del Convenio de Programaci\u00f3n que existe actualmente entre\nMinisterio de Salud y el Gobierno Regional de Magallanes y de la Ant\u00e1rtica\nChilena.<\/p>\n\n\n\n<ul class=\"wp-block-list\"><li>Distribuci\u00f3n del Fondo Regional de Iniciativa Local\nFRIL, a\u00f1o 2020\u201d &#8211; Comuna de Punta Arenas, (1.800 millones de pesos).<\/li><\/ul>\n\n\n\n<ul class=\"wp-block-list\"><li>Distribuci\u00f3n\ndel Fondo Regional de Iniciativa Local FRIL, a\u00f1o 2020\u201d &#8211; Comuna de R\u00edo Verde, (255 millones\nde pesos).<\/li><\/ul>\n\n\n\n<ul class=\"wp-block-list\"><li>Distribuci\u00f3n\ndel Fondo Regional de Iniciativa Local FRIL, a\u00f1o 2020\u201d &#8211; Comuna de Laguna\nBlanca, (224 millones, 500 mil pesos).<\/li><\/ul>\n\n\n\n<ul class=\"wp-block-list\"><li>Distribuci\u00f3n\ndel Fondo Regional de Iniciativa Local FRIL, a\u00f1o 2020\u201d &#8211; Comuna de San Gregorio, (309 millones,\n500 mil pesos).<\/li><\/ul>\n\n\n\n<ol class=\"wp-block-list\"><li>\u201cConstrucci\u00f3n Sistema de Recolecci\u00f3n de Aguas Servidas\nSector Sur, Punta Arenas\u201d (en su etapa de Dise\u00f1o), (m\u00e1s de 360 millones de pesos).<\/li><\/ol>\n\n\n\n<ol class=\"wp-block-list\"><li>\u201cRestauraci\u00f3n y Normalizaci\u00f3n Primera Compa\u00f1\u00eda de\nBomberos, Punta Arenas\u201d (en su etapa de Ejecuci\u00f3n), (m\u00e1s de 3.700 millones de pesos),\naprobado por nuestro Consejo Regional recientemente.<\/li><\/ol>\n\n\n\n<ol class=\"wp-block-list\"><li>Incremento de recursos del proyecto denominado \u201cReposici\u00f3n\nRed Alcantarillado y Construcci\u00f3n Planta de Tratamiento de Aguas Servidas\u201d &#8211; Punta\nDelgada, en su etapa de Ejecuci\u00f3n, (m\u00e1s de 147 millones de pesos, lo que hace un total de m\u00e1s\nde 1.700 millones de pesos).<\/li><\/ol>\n\n\n\n<ol class=\"wp-block-list\"><li>Pronunciamiento favorable para el estudio de\npre-inversi\u00f3n denominado \u201cReposici\u00f3n y Ampliaci\u00f3n Sistema APR Villa Tehuelches,\nComuna Laguna Blanca\u201d, con cargo a fondos Sectoriales y aprobaci\u00f3n del Consejo\nRegional.<\/li><\/ol>\n\n\n\n<p>&nbsp;&nbsp;&nbsp;&nbsp;&nbsp;&nbsp;&nbsp;&nbsp;&nbsp;&nbsp;&nbsp; Con\nestos dos \u00faltimos proyectos, contribuimos a igualar el derecho al acceso a los\nservicios b\u00e1sicos que debieran tener to-dos los centros urbanos de nuestra\nRegi\u00f3n, por m\u00e1s apartados que \u00e9stos se encuentren.<\/p>\n\n\n\n<p><strong>DISTRIBUCI\u00d3N DE LA INVERSI\u00d3N EN LA PROVINCIA DE \u00daLTIMA\nESPERANZA<\/strong><\/p>\n\n\n\n<ol class=\"wp-block-list\"><li><strong>Comuna\nPuerto Natales<\/strong>,\ncon una inversi\u00f3n de m\u00e1s de 5.800 millones de pesos; los cuales se\ndistribuyen en el Fondo Nacional de Desarrollo Regional <strong>(FNDR) <\/strong>con un monto de m\u00e1s de 4.300 millones de pesos;<strong> FRIL<\/strong>, Fondo Regional de Iniciativa\nLocal, con un monto de 945 millones de pesos; <strong>FONDEMA<\/strong>, Fondo de Desarrollo de Magallanes; con un monto de m\u00e1s de\n473 millones de pesos y <strong>SECTORIAL<\/strong>,\nque se refiere a algunas iniciativas sectoriales que requieren pronunciamiento\ndel Consejo Regional para su ejecuci\u00f3n y contempla un monto de m\u00e1s de 93\nmillones de pesos.<\/li><\/ol>\n\n\n\n<ul class=\"wp-block-list\"><li><strong>Comuna\nTorres del Paine<\/strong>,\ncon una inversi\u00f3n de m\u00e1s de 2.100 millones de pesos; los cuales se\ndistribuyen en el <strong>FRIL<\/strong>, Fondo\nRegional de Iniciativa Local, con un monto de 499 millones 500 mil pesos; <strong>FONDEMA<\/strong>, Fondo de Desarrollo de\nMagallanes; con un monto de m\u00e1s de 1.600 millones de pesos y <strong>SECTORIAL<\/strong>, que se refiere a algunas\niniciativas sectoriales que requieren pronunciamiento del Consejo Regional,\npara su ejecuci\u00f3n y contempla un monto de m\u00e1s de 37 millones de pesos.<\/li><\/ul>\n\n\n\n<p><strong>Iniciativas destacadas de\nfinanciamiento \u2013 Provincia de \u00daltima Esperanza, a\u00f1o 2020.<\/strong><\/p>\n\n\n\n<ol class=\"wp-block-list\"><li>Distribuci\u00f3n del Fondo Regional de Iniciativa Local\nFRIL, a\u00f1o 2020\u201d &#8211; Comuna de Puerto Natales, (945 millones de pesos).<\/li><\/ol>\n\n\n\n<ul class=\"wp-block-list\"><li>Distribuci\u00f3n del Fondo Regional de Iniciativa Local\nFRIL, a\u00f1o 2020\u201d &#8211; Comuna de Torres del Paine, (499 millones 500 mil pesos).<\/li><\/ul>\n\n\n\n<ul class=\"wp-block-list\"><li>\u201cReposici\u00f3n Centro de Atenci\u00f3n de la Corporaci\u00f3n de Asistencia\nJudicial en Puerto Natales\u201d, en su etapa de ejecuci\u00f3n, (m\u00e1s de 473 millones de\npesos).<\/li><\/ul>\n\n\n\n<ul class=\"wp-block-list\"><li>&nbsp;Proyectos\nhabitacionales denominados \u201cLoteo Centenario y San Pedro\u201d, en su etapa de\nejecuci\u00f3n, (m\u00e1s\nde 3.700 millones de pesos).<\/li><\/ul>\n\n\n\n<ul class=\"wp-block-list\"><li>Subsidio en la operaci\u00f3n del sistema de autogeneraci\u00f3n\nde energ\u00eda de la localidad de Puerto Ed\u00e9n, Comuna de Puerto Natales\u201d, (m\u00e1s de 100 millones de\npesos).<\/li><\/ul>\n\n\n\n<ul class=\"wp-block-list\"><li>\u201cMejoramiento Infraestructura Habitacional de Monta\u00f1a\nen Parque Nacional Torres del Paine\u201d, en su etapa de ejecuci\u00f3n, (m\u00e1s de 1.600 millones de\npesos).<\/li><\/ul>\n\n\n\n<ul class=\"wp-block-list\"><li>Reposici\u00f3n Primera Compa\u00f1\u00eda de Bomberos, Puerto\nNatales\u201d, en su etapa de Dise\u00f1o, (m\u00e1s de 79 millones de pesos).<\/li><\/ul>\n\n\n\n<p><strong>DISTRIBUCI\u00d3N DE LA INVERSI\u00d3N EN LA PROVINCIA DE TIERRA DEL\nFUEGO<\/strong><\/p>\n\n\n\n<ol class=\"wp-block-list\"><li><strong>Comuna\nPorvenir<\/strong>,\ncon una inversi\u00f3n de m\u00e1s de 1.300 millones de pesos; los cuales se\ndistribuyen en el <strong>FRIL<\/strong>, Fondo\nRegional de Iniciativa Local, con un monto de 626 millones de pesos; <strong>FONDEMA<\/strong>, Fondo de Desarrollo de Magallanes;\ncon un monto de m\u00e1s de 728 millones de pesos.<\/li><\/ol>\n\n\n\n<ul class=\"wp-block-list\"><li><strong>Comuna\nPrimavera<\/strong>,\ncon una inversi\u00f3n de 594 millones de pesos; los cuales corresponden al <strong>FRIL<\/strong>, Fondo Regional de Iniciativa\nLocal.<\/li><\/ul>\n\n\n\n<ul class=\"wp-block-list\"><li><strong>Comuna\nTimaukel<\/strong>,\ncon una inversi\u00f3n de m\u00e1s de 1.900 millones de pesos; los cuales se\ndistribuyen en el Fondo Nacional de Desarrollo Regional <strong>(FNDR) <\/strong>con un monto de m\u00e1s de 1.600 millones de pesos;<strong> FRIL<\/strong>, Fondo Regional de Iniciativa\nLocal, con un monto de 281 millones 500 mil pesos.<\/li><\/ul>\n\n\n\n<p><strong>Iniciativas destacadas de\nfinanciamiento \u2013 Provincia de Tierra del Fuego, a\u00f1o 2020.<\/strong><\/p>\n\n\n\n<ol class=\"wp-block-list\"><li>Distribuci\u00f3n del Fondo Regional de Iniciativa Local\nFRIL, a\u00f1o 2020\u201d &#8211; Comuna de Porvenir, (626 millones de pesos).<\/li><\/ol>\n\n\n\n<ul class=\"wp-block-list\"><li>Distribuci\u00f3n del Fondo Regional de Iniciativa Local\nFRIL, a\u00f1o 2020\u201d &#8211; Comuna de Primavera, (594 millones de pesos).<\/li><\/ul>\n\n\n\n<ul class=\"wp-block-list\"><li>Distribuci\u00f3n del Fondo Regional de Iniciativa Local\nFRIL, a\u00f1o 2020\u201d &#8211; Comuna de Timaukel, (281 millones 500 mil pesos).<\/li><\/ul>\n\n\n\n<ul class=\"wp-block-list\"><li>Reevaluaci\u00f3n del proyecto denominado \u201cSistema de agua\nPotable Rural, Loteo Selknam y loteo Los Cisnes, Porvenir\u201d, en su etapa de\nejecuci\u00f3n, (alrededor\nde 599 millones de pesos, lo que hace un total de m\u00e1s de 2.100 millones de\npesos).<\/li><\/ul>\n\n\n\n<ul class=\"wp-block-list\"><li>\u201cConstrucci\u00f3n Gimnasio Zavattaro, Porvenir, Tierra del\nFuego\u201d, en su etapa de Dise\u00f1o, (m\u00e1s de 129 millones de pesos).<\/li><\/ul>\n\n\n\n<p>Menci\u00f3n aparte\npara este proyecto tan anhelado por la comunidad porvenire\u00f1a, el que, por fin y\ndespu\u00e9s de tantos tropiezos, comienza a dar sus primeros pasos en el camino\ncorrecto para su materializaci\u00f3n.<\/p>\n\n\n\n<ul class=\"wp-block-list\"><li>Subsidio para la operaci\u00f3n del sistema de\nautogeneraci\u00f3n de energ\u00eda de la localidad de Villa Cameron, (m\u00e1s de 58 millones de\npesos).<\/li><\/ul>\n\n\n\n<ul class=\"wp-block-list\"><li>\u201cConstrucci\u00f3n Alcantarillado y Tratamiento Aguas\nServidas Villa Cameron, Timaukel\u201d, en su etapa de Ejecuci\u00f3n, (m\u00e1s de 784 millones de\npesos).<\/li><\/ul>\n\n\n\n<ul class=\"wp-block-list\"><li>\u201cReposici\u00f3n Sistema de Abastecimiento Agua Potable\nRural Villa Cameron, Timaukel\u201d, en su etapa de Ejecuci\u00f3n, (m\u00e1s de 843 millones de\npesos).<\/li><\/ul>\n\n\n\n<p>&nbsp;Estos dos \u00faltimos proyectos comprometen una\nfuerte inversi\u00f3n regional a una de las comunas m\u00e1s apartadas de la Regi\u00f3n y que\nvan en la direcci\u00f3n de entregar igualdad de oportunidades a sus esforzados\nhabitantes, permiti\u00e9ndoles en un futuro pr\u00f3ximo, gozar de las mismas\nprestaciones b\u00e1sicas, tal cual lo hacen quienes habitan en centros urbanos\nmayores. <\/p>\n\n\n\n<p><strong>DISTRIBUCI\u00d3N DE LA INVERSI\u00d3N EN LA PROVINCIA ANT\u00c1RTICA\nCHILENA<\/strong><\/p>\n\n\n\n<ol class=\"wp-block-list\"><li><strong>Comuna\nCabo de Hornos<\/strong>,\ncon una inversi\u00f3n de m\u00e1s de 517 millones de pesos; los cuales se\ndistribuyen en el <strong>FRIL<\/strong>, Fondo\nRegional de Iniciativa Local, con un monto de 465 millones de pesos y <strong>SECTORIAL<\/strong>, que se refiere a algunas\niniciativas secto-riales que requieren pronunciamiento del Consejo Regional,\npara su ejecuci\u00f3n y contempla un monto de m\u00e1s de 52 millones de pesos.<\/li><\/ol>\n\n\n\n<ul class=\"wp-block-list\"><li><strong>Ant\u00e1rtica<\/strong>, con una inversi\u00f3n de m\u00e1s\nde 2.400 millones de pesos; los cuales corresponden en el Fondo Nacional de\nDesarrollo Regional <strong>(FNDR) <\/strong>y se\ndestaca en forma individual, toda vez que estas inversiones regionales\nrefuerzan el ejercicio de nuestra soberan\u00eda y presencia en el continente\nant\u00e1rtico.<\/li><\/ul>\n\n\n\n<p><strong>Iniciativas destacadas de\nfinanciamiento \u2013 Provincia Ant\u00e1rtica Chilena, a\u00f1o 2020.<\/strong><\/p>\n\n\n\n<ol class=\"wp-block-list\"><li>Distribuci\u00f3n\n     del Fondo Regional de Iniciativa Local FRIL, a\u00f1o 2020\u201d &#8211; Cabo de Hornos, (465 millones de\n     pesos).<\/li><\/ol>\n\n\n\n<ol class=\"wp-block-list\"><li>\u201cConstrucci\u00f3n\n     Infraestructura Portuaria Bah\u00eda Fildes, Ant\u00e1rtica Chilena\u201d, en su etapa de\n     Ejecuci\u00f3n, (m\u00e1s\n     de 2.400 millones de pesos), proyecto recientemente aprobado por el\n     Consejo Regional.<\/li><\/ol>\n\n\n\n<p><strong>DISTRIBUCI\u00d3N DE LA INVERSI\u00d3N INTERCOMUNAL<\/strong><\/p>\n\n\n\n<p>&nbsp;&nbsp;&nbsp;&nbsp;&nbsp;&nbsp;&nbsp;&nbsp;&nbsp;&nbsp;&nbsp; La\ninversi\u00f3n del a\u00f1o 2020, es m\u00e1s de 14 mil millones de pesos, los cuales se\ndistribuyen en el Fondo Nacional de Desarrollo Regional <strong>(FNDR) <\/strong>con un monto de m\u00e1s de 8.800 millones de pesos;<strong> FNDR 6%<\/strong>,con m\u00e1s de 1.100 millones de pesos; <strong>FIC;<\/strong> Fondo de Innovaci\u00f3n para la Competitividad, con un monto de\nm\u00e1s de 494 millones de pesos; y <strong>FONDEMA<\/strong>,\nFondo de Desarrollo de Magallanes; con un monto de m\u00e1s de 3.500 millones de\npesos.<\/p>\n\n\n\n<p>Debido a la contingencia\nsanitaria, econ\u00f3mica y social vinculada al COVID-19 y que tan duramente a\ngolpeado a los habitantes de nuestra Regi\u00f3n, muy tempranamente este Cuerpo\nColegiado focaliz\u00f3 el esfuerzo regional para hacerle frente en tres grupos, <strong>Salud<\/strong>, para contribuir en la prevenci\u00f3n,\nan\u00e1lisis en la detecci\u00f3n de COVID-19, ex\u00e1menes y seguimientos; tambi\u00e9n\nentregando apoyo <strong>Social <\/strong>y <strong>Aportes Financieros<\/strong>, esto \u00faltimo, con\nel prop\u00f3sito de contribuir en la econom\u00eda regional y tambi\u00e9n dom\u00e9stica. <\/p>\n\n\n\n<p><strong>Iniciativas destacadas Intercomunales<\/strong><\/p>\n\n\n\n<ol class=\"wp-block-list\"><li><strong>En el \u00e1rea de apoyo directo a\nla gesti\u00f3n de Salud<\/strong>, cabe des-tacar el proyecto\n\u201cAdquisici\u00f3n de Equipamientos e Insumos CO-VID-19 Servicio Salud de Magallanes\u201d,\npor m\u00e1s de 4.100 millones de pesos, lo que incluy\u00f3 equipos para adultos como\nser los ventiladores mec\u00e1nicos, elementos de protecci\u00f3n personal para evitar el\ncontagio del personal de salud y la adquisici\u00f3n de equipos PCR, entre otros.<\/li><\/ol>\n\n\n\n<ul class=\"wp-block-list\"><li><strong>Distribuci\u00f3n de Recursos 6% a\u00f1o 2020<\/strong>, los que se\nconcentraron exclusivamente en el Fondo Social por v\u00eda de asignaci\u00f3n no\nconcursable a instituciones privadas sin fines de lucro conforme a la ley, con\nexpresa indicaci\u00f3n de financiar iniciativas relacionadas con situaciones originadas a causa o con\nocasi\u00f3n de la pandemia y tambi\u00e9n, para la prevenci\u00f3n de este flagelo actual de\nla humanidad, lo que signific\u00f3 disponer de m\u00e1s de 1.100 millones de pesos para este fin.<\/li><\/ul>\n\n\n\n<p>As\u00ed, de acuerdo a lo informado por la Divisi\u00f3n de\nPlanificaci\u00f3n y Desarrollo Regional del GORE; se pueden destacar algunas de\nestas iniciativas que han sido un importante aporte en cada una de las provincias\nde nuestra Regi\u00f3n:<\/p>\n\n\n\n<ul class=\"wp-block-list\"><li>Entrega\nde elementos de protecci\u00f3n personal y otros insumos para comunas rurales de la\nRegi\u00f3n de Magallanes y programas sociales del Hogar de Cristo, derivada de la\npandemia COVID-19, con m\u00e1s de 148 millones de pesos, resultando beneficiadas\nlas comunas rurales de nuestra regi\u00f3n.<\/li><li>Prevenci\u00f3n\ny mitigaci\u00f3n de la Pandemia COVID-19 en la comuna de Porvenir (2 INICIATIVAS), con\nm\u00e1s de 110 millones de pesos.<\/li><li>Cabo\nde Hornos previene y mitiga el contagio de COVID-19, con m\u00e1s de 13 millones de\npesos.<\/li><li>Prevenci\u00f3n\ny cuidado de los adultos mayores de Puerto Natales contra el COVID-19, con m\u00e1s\nde 132 millones de pesos.<\/li><li>Adquisici\u00f3n\ny distribuci\u00f3n y entrega de agua potable a familias vulnerables y\/o afectadas\npor la emergencia &nbsp;sanitaria residentes\nen sectores periurbanos y rurales de la comuna de Punta Arenas, con m\u00e1s de 50\nmillones de pesos.<\/li><li>Entrega\nde le\u00f1a a 150 beneficiarios en situaci\u00f3n de vulnerabilidad social en la ciudad\nde Punta Arenas (2 INICIATIVAS), con m\u00e1s de 69 millones de pesos.<\/li><li>Tratamiento\ncon plasma hiperinmune para pacientes cr\u00edticos con covid-19, Magallanes y de la\nAnt\u00e1rtica Chilena, con m\u00e1s de 91 millones de pesos. <\/li><\/ul>\n\n\n\n<p>&nbsp;&nbsp;&nbsp;&nbsp;&nbsp;&nbsp;&nbsp;&nbsp;&nbsp;&nbsp;&nbsp; Menci\u00f3n aparte a esta iniciativa,\npues gracias a ella, se han podido recuperar satisfactoriamente alrededor de 60\npersonas y cuyo desenlace a causa del COVID-19 pudo haber sido otro muy\nlamentable, de no haber mediado este novedoso tratamiento de salud, financiado\ncon estos recursos regionales del fondo Social 6% FNDR. Este tipo de cosas son\nlas que justifican el esfuerzo de todos los actores e incumbentes y reconfortan\nnotablemente el esp\u00edritu al encontrar el sentido y el prop\u00f3sito del trabajo\nmancomunado.<\/p>\n\n\n\n<ul class=\"wp-block-list\"><li>Contrataci\u00f3n\nde recursos humanos para habilitaci\u00f3n de 12 camas UTI y reforzando atenci\u00f3n UCI\nen el hospital Cl\u00ednico de Magallanes, con m\u00e1s de 212 millones de pesos.<\/li><\/ul>\n\n\n\n<p>Adem\u00e1s, cabe destacar:<\/p>\n\n\n\n<p>-Atenci\u00f3n para 80 personas consistente\nen Servicios de Colecistectom\u00eda por videolaparoscop\u00eda.<\/p>\n\n\n\n<p>-Atenci\u00f3n para 80 personas en Servicios\nde Hernia simple y\/o compleja (diafragm\u00e1tica, abdominal, inguinal y\/o\ncualquiera otra hernia con uso de pr\u00f3tesis).<\/p>\n\n\n\n<p>-Servicios de Toma de Procedimientos de\nEcocardiogramas para 100 personas.<\/p>\n\n\n\n<p>-Contrataci\u00f3n de un profesional de salud\nque se encargue del seguimiento de los pacientes.<\/p>\n\n\n\n<ul class=\"wp-block-list\"><li><strong>Traspaso de recursos de emergencia del\n5% del presupuesto total de la Regi\u00f3n<\/strong>,\nconsiderados en el marco de la glosa 06 com\u00fan de la Ley de Presupuestos para\nlos Gobiernos Regionales del a\u00f1o 2020, a la Subsecretar\u00eda del Interior, con el\nobjeto de financiar situaciones de emergencias generadas a causa o con ocasi\u00f3n del\nCOVID-19, (m\u00e1s de 2.300 millones de\npesos)<\/li><\/ul>\n\n\n\n<p>&nbsp;&nbsp;&nbsp;&nbsp;&nbsp;&nbsp;&nbsp;&nbsp;&nbsp;&nbsp;&nbsp; De acuerdo a lo informado por el\nDepartamento Social de Gobierno Interior; estos recursos se han distribuido de\nacuerdo a la siguiente descripci\u00f3n:<\/p>\n\n\n\n<ul class=\"wp-block-list\"><li><strong>Canastas Familiares<\/strong>; se han entregado un monto de m\u00e1s de\n1.900 millones de pesos y corresponde a un 83,41% del monto total.<\/li><li><strong>Aportes en Arriendo<\/strong>; se han entregado un monto de m\u00e1s de\n285 millones de pesos y corresponde a un 12,35% del monto total.<\/li><li><strong>Aportes en Gas<\/strong>; se han entregado un monto de m\u00e1s de 77\nmillones de pesos y corresponde a un 3,36% del monto total.<\/li><li><strong>Aportes en Medicamentos, pa\u00f1ales e\nInsumos M\u00e9di-cos<\/strong>; se\nhan entregado un monto de m\u00e1s de 20 millones de pesos y corresponde a un 0,89%\ndel monto total.<\/li><\/ul>\n\n\n\n<p>Respecto de la entrega de Canastas\nfamiliares y seg\u00fan lo informado, han sido beneficiados 51.653 habitantes de\nnuestra Regi\u00f3n, distribuidos en cada una de las comunas, cuyo desglose se puede\napreciar en la tabla.<\/p>\n\n\n\n<p>&nbsp;En\ncuanto al&nbsp; aporte en Medicamentos,\npa\u00f1ales e Insumos M\u00e9dicos, han sido beneficiados 684 personas, distribuidos en\nlas comunas de Puerto Natales y Punta Arenas, como se puede ver en la tabla.<\/p>\n\n\n\n<p>Por su parte, con el Aporte en Gas, han\nsido beneficiados 2.730 personas, distribuidas en las comunas de Porvenir,\nPuerto Natales y Punta Arenas, como se puede observar en la presentaci\u00f3n que se\ndespliega ante ustedes. Finalmente, con el aporte en arriendos, han sido\nbeneficia-dos 1.918 personas, distribuidas en las comunas de Cabo de Hornos,\nPorvenir, Puerto Natales y Punta Arenas, lo que tambi\u00e9n se puede apreciar en la\ntabla.<\/p>\n\n\n\n<ul class=\"wp-block-list\"><li><strong>Subsidio para ser distribuido en los 10\nmunicipios de la Regi\u00f3n de Magallanes y de la Ant\u00e1rtica Chilena<\/strong> conforme a lo indicado en la Glosa 2.3.\ncom\u00fan de la Ley de Presupuestos del presente a\u00f1o, (450 millones de pesos) y es\nimportante considerar que el prop\u00f3sito de la entrega de este subsidio, buscaba\npermitir liberar recursos a cada municipio, estableci\u00e9ndose clara-mente en el\nAcuerdo del Consejo Regional, que los nuevos recursos disponibles, producto de\nla entrega de este subsidio, deb\u00edan ser utilizados exclusivamente para\nfinanciar iniciativas en materia social, econ\u00f3mica y\/o sanitaria derivadas del\nCOVID-19.<\/li><\/ul>\n\n\n\n<ul class=\"wp-block-list\"><li><strong>Distribuci\u00f3n de Recursos para Fondo de\nInnovaci\u00f3n para la Competitividad (FIC-R) a\u00f1o 2020<\/strong>, (494 millones de pesos), exclusivamente\norientados a proyectos relacionados directamente con tem\u00e1ticas de desarrollo\nproductivo, emprendimiento, fomento e innovaci\u00f3n derivado de la crisis social,\necon\u00f3mica y sanitaria a causa o con ocasi\u00f3n del COVID-19.<\/li><\/ul>\n\n\n\n<ul class=\"wp-block-list\"><li><strong>Reevaluaci\u00f3n del programa denominado; \u201cTransferencia\nrecursos y capacitaci\u00f3n a emprendedores y MIPES de la Regi\u00f3n\u201d<\/strong>, el cual incorpora el componente \u201cApoyo\na la MIPE Regional\u201d, l\u00edneas \u201cReact\u00edvate Multisectorial\u201d y \u201cReact\u00edvate Turismo\u201d,\n(m\u00e1s de 3.300 millones de pesos, lo que hace un total de m\u00e1s de 6.900 millones\nde pesos). El nuevo enfoque se vincula con ampliar la cobertura a los\nbeneficiarios de este programa para mitigar los efectos negativos por la\npandemia en esta \u00e1rea. Elevar la competitividad y productividad de los\nemprendedores\/as y las MIPES de la Regi\u00f3n, aumentando y facilitando el acceso a\ncompetencias y financiamiento para el desarrollo de negocios de los\nemprendedores, emprendedoras y MIPES.<\/li><\/ul>\n\n\n\n<ul class=\"wp-block-list\"><li><strong>Reevaluaci\u00f3n del programa denominado; \u201cCapacitaci\u00f3n\nT\u00e9cnica de Horticultura Sustentable para peque\u00f1os Agricultores de Magallanes\u201d<\/strong>, (m\u00e1s de 183 millones de pesos, lo que\nhace un total de m\u00e1s de 750 millones de pesos). Cuyo nuevo objetivo contempl\u00f3\nampliar la cobertura a los beneficiarios de este programa para mitigar efectos\nnegativos por la pandemia, en esta \u00e1rea.<\/li><\/ul>\n\n\n\n<ul class=\"wp-block-list\"><li><strong>\u201cTransferencia de Recursos para\nReactivaci\u00f3n del Sector Turismo de Magallanes\u201d<\/strong>, (m\u00e1s de 1.100 millones de pesos). Este\nprograma considera una serie de actividades del turismo al escenario post\npandemia y as\u00ed asegurar que est\u00e9n dadas las condiciones para su reactivaci\u00f3n,\napenas se levanten las restricciones al desplazamiento y privilegiar la\ncontrataci\u00f3n de servicios y mano de obra regional. Principalmente, una parte de\neste pro-grama se llevar\u00e1 a efecto en la Provincia de \u00daltima Esperanza, sin\nembargo, se considerar\u00e1 igualmente la participaci\u00f3n de las otras provincias de\nla Regi\u00f3n a trav\u00e9s de subproductos asocia-dos, lo que fue una clara exigencia\ndel Consejo Regional, plasmado en el Acuerdo correspondiente. <\/li><\/ul>\n\n\n\n<p>&nbsp;&nbsp;&nbsp;&nbsp;&nbsp;&nbsp;&nbsp;&nbsp;&nbsp;&nbsp;&nbsp; La ejecuci\u00f3n de este programa de\nCORFO, cuyo resultado de marca mundial se denomina \u201cEcochallenge\u201d y que es\nproducido por las compa\u00f1\u00edas Metro-Goldwyn-Mayer y Amazon Prime, se inserta en\nlo que se conoce como \u201cIndustria de Locaciones\u201d y constituye la \u201cpunta de\nlanza\u201d para la realizaci\u00f3n de otros proyectos futuros en el \u00e1rea audiovisual con\nproyecci\u00f3n internacional, abriendo un nuevo mercado que hoy en Chile no existe,\nya que, como todos sabemos, nuestra Regi\u00f3n tiene&nbsp; escenarios naturales inigualables y\ncapacidades para desarrollar el \u201cTurismo de Locaciones\u201d. Adem\u00e1s, una vez\nfinalizada esta megaproducci\u00f3n f\u00edlmica y sea difundida por el mundo, probablemente,\nse convertir\u00e1 en un producto de turismo de aventura, estableci\u00e9ndose de esta\nforma, un v\u00ednculo virtuoso entre la \u201cIndustria de Locaciones\u201d y el \u201cTurismo de\nLocaciones\u201d, lo que, finalmente, podr\u00eda fortalecer nuestra vocaci\u00f3n tur\u00edstica\nregional y posicionarnos de mejor forma a nivel global.<\/p>\n\n\n\n<ul class=\"wp-block-list\"><li><strong>Reevaluaci\u00f3n del programa denominado \u201cCapacitaci\u00f3n\ny Apoyo a Mujeres Para el Fortalecimiento de Autonom\u00eda Econ\u00f3mica, Magallanes\u201d<\/strong>, (m\u00e1s de 730 millones de pesos, lo que\nhace un total de m\u00e1s de 1.800 millones de pesos), cuyo nuevo objetivo contempl\u00f3\nampliar la cobertura a los beneficiarios de este programa para mitigar efectos\nnegativos por la pandemia en esta \u00e1rea.<\/li><\/ul>\n\n\n\n<p>&nbsp;&nbsp;&nbsp;&nbsp;&nbsp;&nbsp;&nbsp;&nbsp;&nbsp;&nbsp;&nbsp; Cabe\nse\u00f1alar que estas reevaluaciones y transferencias, fueron las \u00fanicas\nherramientas con que cont\u00f3 este Consejo Regional destinadas a brindar alg\u00fan tipo\nde apoyo financiero semidirecto, toda vez que la Direcci\u00f3n de Presupuestos (DI-PRES),\ndependiente del Ministerio de Hacienda, congel\u00f3 por el presente a\u00f1o la\nposibilidad de presentar nuevos proyectos en esta l\u00ednea, centralizando adem\u00e1s,\nlos flujos financieros de todos los Gobiernos Regionales, lo que ralentiz\u00f3\nenormemente el trata-miento de todas estas materias, atentando as\u00ed, con el\nproceso de descentralizaci\u00f3n que est\u00e1 en marcha.&nbsp;&nbsp; <\/p>\n\n\n\n<p>&nbsp;&nbsp;&nbsp;&nbsp;&nbsp;&nbsp;&nbsp;&nbsp;&nbsp;&nbsp;&nbsp; En\neste punto relacionado con el COVID-19 respecto de la distribuci\u00f3n intercomunal\na nivel Regional, cabe destacar que los Consejeros y Consejeras aqu\u00ed presentes,\nfueron los primeros en reaccionar a nivel nacional y hacer frente a este\nflagelo, por aquel entonces, aun en ciernes, de forma tal que en el mes de\nabril del presente a\u00f1o, el Consejo hab\u00eda aprobado aproximadamente 4.100\nmillones de pesos para la compra de equipamientos e insumos m\u00e9dicos para el\nServicio de Salud de Magallanes, lo que incluy\u00f3 entre otros, los tan anhelados\nventiladores mec\u00e1nicos y equipos PCR; dispuso adem\u00e1s, que alrededor de 1.100\nmillones de pesos del 6% FNDR se concentraran en el fondo Social y se\ndistribuyeran en forma m\u00e1s expedita a trav\u00e9s de asignaci\u00f3n no concursable,\nsacrificando para el resto del a\u00f1o las otras l\u00edneas de financiamiento como ser deporte,\ncultura, seguridad ciudadana y medioambiente por nombrar algunas; y tambi\u00e9n en\ndicho mes, autoriz\u00f3 el traspaso a la Subsecretar\u00eda del Interior del 5% del\nmarco del Fondo Nacional de Desarrollo Regional (FNDR), es decir, m\u00e1s de 2.300\nmillones de pesos, como Fondos de Emergencia, dineros que administr\u00f3\ndirectamente la Intendencia Regional, es decir, Gobierno Interior, en la compra\nde canastas, pagos de arriendos y diversos subsidios. <\/p>\n\n\n\n<p>&nbsp;En s\u00edntesis, solamente en el mes de abril de\neste a\u00f1o, el CORE aprob\u00f3 m\u00e1s de 7.500 millones de pesos, es decir, al rededor\ndel 15% del total del presupuesto anual del FNDR de la Regi\u00f3n, para combatir a\nun enemigo que, a esa fecha, a\u00fan era desconocido. A esto, hay que sumar todo lo\nindicado anteriormente, lo que nos entrega un total aproximado de 14 mil\nmillones de pesos destinados exclusivamente a hacer frente a los estragos de\nesta pandemia. Adem\u00e1s, la temprana preocupaci\u00f3n del Consejo Regional redund\u00f3 en\naumentar considerablemente los ex\u00e1menes de PCR que se realizaban en la Regi\u00f3n,\ntoda vez que se incorpor\u00f3 al Centro CADI-UMAG en esta important\u00edsima labor que\npermiti\u00f3 identificar con mayor precisi\u00f3n quienes portaban el virus, alertando\nla posibilidad de contagio. Con esto \u00faltimo, finalizamos la revisi\u00f3n de los\nmontos sanciona-dos por el Consejo Regional en el per\u00edodo comprendido entre los\nmeses de enero a diciembre del presente a\u00f1o.<\/p>\n\n\n\n<p>&nbsp;&nbsp;&nbsp;&nbsp;&nbsp;&nbsp;&nbsp;&nbsp;&nbsp;&nbsp;&nbsp; Como\nustedes han podido observar, pese a ser este un a\u00f1o muy dif\u00edcil en todos los\nsentidos de la palabra, el Consejo Regional igual-mente aprob\u00f3 una importante\ncantidad de recursos regionales, procurando siempre equilibrar el urgente apoyo\nen el plano sanitario y social con el de moderada reactivaci\u00f3n en materia\necon\u00f3mica, lo que a\u00fan dista mucho de ser lo que se requiere y en ello estar\u00e1 nuestro\nempe\u00f1o en los meses que vienen. Sin embargo, como \u00f3rgano colegiado, esta\npandemia tambi\u00e9n nos dej\u00f3 otras ense\u00f1anzas y muchos nuevos desaf\u00edos. Uno de los\nprimeros problemas pr\u00e1cticos que tuvimos que enfrentar, fue la forma de\ntrabajo. La necesidad de operar con estas plataformas inform\u00e1ticas de\nvideoconferencias ha resultado un desaf\u00edo no menor, tanto en adaptarse a una\nforma distinta de relacionarse con las otras personas, lo que no ha resultado\ndel agrado de todos, como las dificultades de conectividad que a\u00fan sufre\nnuestra Regi\u00f3n, que han quedado al descubierto al conectar Consejeros que se\nencuentran en distintos puntos geogr\u00e1ficos.<\/p>\n\n\n\n<p>&nbsp;Con todo, el trabajo del Consejo Regional no\nse detuvo ni un instante siquiera. Por el contrario, aumentamos notoriamente en\neste a\u00f1o las cantidad y frecuencias de las reuniones y en muchos casos, los\nhorarios y las duraciones de las mismas, reuni\u00e9ndonos con muchas personas de\nlos distintos \u00e1mbitos del quehacer regional con el prop\u00f3sito de hacer frente a\nlas diversas situaciones que se nos pon\u00edan por delante.&nbsp; En este punto, quiero aprovechar la\noportunidad de agradecer al equipo profesional y administrativo de la\nSecretar\u00eda Ejecutiva del Consejo Regional, quienes nos han apoyado en todo\nmomento y han hecho posible que, a pesar de todo, pudi\u00e9ramos seguir trabajando\ncomo un cuerpo colegiado, no obstante estar distanciados f\u00edsica y geogr\u00e1ficamente,\ncomo lo es en este mismo instante.<\/p>\n\n\n\n<p>&nbsp;Otro punto que nos ha develado esta pandemia,\nes evidenciar el brutal centralismo con que se toman las decisiones en este\npa\u00eds. Respetando y reconociendo la inmensa labor que ha desempe\u00f1ado la\nAutoridad Sanitaria en estos dif\u00edciles tiempos, no podemos pasar por alto la\nfalta de sensibilidad y empat\u00eda con las realidades locales al momento de disponer\nde ciertas medidas, donde, claramente, la opini\u00f3n fundada de los representantes\nlocales y regionales, simple-mente, no se tomaron en cuenta, lo que constituye\nun grave error, toda vez que, sin desconocer el sentido pa\u00eds, debemos\nreconocernos en nuestras diferencias y realidades.<\/p>\n\n\n\n<p>&nbsp;No es lo mismo Antofagasta que Magallanes o\nSantiago con el resto de las regiones. La necesidad de contar con protocolos\npropios para el comercio y otras actividades, nacidos desde cada una de las\nregiones, adaptados a sus propias realidades locales, era lo que clam\u00e1bamos a\ngritos durante meses, sin embargo, cuando la \u201ccapital del reino\u201d ingres\u00f3 a Fase\n2 del Plan \u201cPaso a Paso\u201d, inmediatamente ellos realizaron las adecuaciones\nnecesarias para que su comercio y sus establecimientos gastron\u00f3micos pudieran\nseguir funcionando. La indolencia y la desidia con que actu\u00f3 en esta materia el\ncentralismo con todas las regiones, es francamente inaceptable, considerando en\nla pr\u00e1ctica a nuestras autoridades territoriales como si fueran de \u201cpapel\u201d, al\nigual como lo fuera su fallida cuarentena prolongada.<\/p>\n\n\n\n<p>Con todo, los\nprimeros llamados a cuidarnos de este virus, somos nosotros y por lo mismo, se\nreitera la obligaci\u00f3n del uso de la mascarilla, el frecuente lavado de manos y\nmantener la debida distancia f\u00edsica. Es preocupante lo que ha ocurrido en los\n\u00faltimos d\u00edas con grandes aglomeraciones de personas en algunos centros\ncomerciales mayores de la ciudad de Punta Arenas. <\/p>\n\n\n\n<p>\u00a1Se\u00f1oras y\nse\u00f1ores, a problemas locales, soluciones locales y punto!<\/p>\n\n\n\n<p>Sin embargo, no\ntodo est\u00e1 perdido. Se nos presenta una gran oportunidad para generar un nuevo\ntrato con el centralismo, una nueva forma de relacionarnos con el nivel central\ny ello es a trav\u00e9s del proceso constituyente que est\u00e1 en marcha. Una nueva\nConstituci\u00f3n debiera reconocer una nueva forma de distribuci\u00f3n del poder, una\nrelaci\u00f3n m\u00e1s equilibrada en la toma de decisiones y en la distribuci\u00f3n de los\nrecursos econ\u00f3micos. Nuestras esperanzas en esta y otras materias, est\u00e1n\ndepositadas en la futura Convenci\u00f3n Constitucional, la que, confiamos, estar\u00e1 a\nla altura de los grandes desaf\u00edos que nos depara el destino como pa\u00eds y como\nRegi\u00f3n.<\/p>\n\n\n\n<p>&nbsp;Otro aspecto relevante del pr\u00f3ximo a\u00f1o 2021,\nes la elecci\u00f3n del futuro Gobernador o Gobernadora Regional. Esta nueva\nautoridad electa por sufragio universal, adem\u00e1s de convertirse en el \u00d3rgano\nEjecutivo del Gobierno Regional, presidir\u00e1 el Consejo Regional.<\/p>\n\n\n\n<p>Este es otro\naspecto destacable del proceso de descentralizaci\u00f3n en marcha, toda vez que\npermitir\u00e1 establecer una estabilidad y continuidad de gesti\u00f3n, la consecuci\u00f3n\nde un proyecto de principio a fin, a lo menos, durante cuatro a\u00f1os, renovable\npor una vez, por cuatro a\u00f1os m\u00e1s y no lo que ocurre en la actualidad con esta\ndualidad de los hoy Intendentes Regionales, quienes s\u00f3lo se mantienen en el\nejercicio de su cargo mientras cuenten con la confianza del Presidente de la\nRep\u00fablica, lo que puede llegar a situaciones extremas y de tanta fragilidad,\ncomo lo que ha ocurrido en nuestra Regi\u00f3n, donde en menos de tres a\u00f1os del\nactual Gobierno, ya han habido cuatro Intendentes, lo que, claramente, no\npermite una conducci\u00f3n \u00f3ptima de la Regi\u00f3n.<\/p>\n\n\n\n<p>&nbsp;El nuevo Gobernador o Gobernadora Regional\nasumir\u00e1 sus funciones a partir del 10 de junio del a\u00f1o 2021 y desde all\u00ed en\nadelante, como se indic\u00f3, presidir\u00e1 el Consejo Regional. Los Consejeros y\nConsejeras Regionales actualmente en ejercicio aqu\u00ed presentes, acompa\u00f1ar\u00e1n a\nesta nueva autoridad, en principio, hasta el 10 de marzo del a\u00f1o 2022,\naportando con toda su experiencia y compromiso con el progreso y desarrollo de\nnuestra Regi\u00f3n y en consecuencia, colaborar\u00e1n en su adecuada instalaci\u00f3n, en\nesta primera parte de su gesti\u00f3n.<\/p>\n\n\n\n<p>&nbsp;Otro punto importante y aprovechando la\npresencia de la Sra. Intendenta Regional y de los alcaldes y alcaldesas de la\nRegi\u00f3n, es lo que dice relaci\u00f3n con el uso adecuado de los recursos regionales\na la hora de invertirlos en proyectos e iniciativas dise\u00f1ados y ejecutados por\nlas diversas unidades t\u00e9cnicas de la Regi\u00f3n. &nbsp;Con pesar, hemos sido testigos de una serie de\nfalencias que han presentado muchos de estos proyectos e iniciativas debido a\nfallas en sus dise\u00f1os por parte de las unidades t\u00e9cnicas, produciendo aumentos\nde obras, obras extraordinarias o incluso, reevaluaciones, que han demorado en\ndemas\u00eda la ejecuci\u00f3n de los mismos, perdiendo el sentido de oportunidad y\ngenerando una razonable frustraci\u00f3n respecto de los destinatarios finales,\nadem\u00e1s del desembolso de nuevos recursos p\u00fablicos que, tal vez, se pudieran\nhaber evitado, lo que muchas veces se ha agravado a\u00fan m\u00e1s, por la notable falta\nde fiscalizaci\u00f3n en di-chas obras, entreg\u00e1ndose finalmente un producto\ndefectuoso o de poca duraci\u00f3n en el tiempo, llegando inclusive, a ser\ndenunciado ante la propia Contralor\u00eda, lo que a\u00fan demora m\u00e1s todo el proceso. Todo\nello debilita enormemente el esfuerzo y la dedicaci\u00f3n que compromete todo el\nConsejo Regional al momento de aprobar muchas de estas obras que, finalmente,\nllegan a destiempo o con serias fallas que se evidencian al poco tiempo de uso.<\/p>\n\n\n\n<p>&nbsp;Hoy d\u00eda, la situaci\u00f3n cambi\u00f3 diametralmente y\n\u201cde un peso hay que rendir dos\u201d, porque, literalmente, hay compatriotas que no\ntiene que echarle a la olla. Este es un llamado de atenci\u00f3n a que las Unida-des\nT\u00e9cnicas pongan su mejor esfuerzo, tanto en la prolijidad de su trabajo, as\u00ed\ncomo en el seguimiento y control de las obras que dise\u00f1an o ejecutan, de forma\ntal, que todo el esfuerzo del aparato p\u00fablico regional, llegue a tiempo y de la\nmejor forma, es decir, eficiente y eficazmente, velando todos los actores, por\nel buen uso de los recursos que son de los habitantes de magallanes. <\/p>\n\n\n\n<p>Austeridad,\noportunidad, funcionalidad y durabilidad deben ser los principios rectores en\nesta nueva etapa de la obra p\u00fablica regional. <\/p>\n\n\n\n<p>&nbsp;Finalmente y en el mismo sentido, aprovechando\neste espacio, quiero manifestar que \u00e9sta apremiante situaci\u00f3n, la que que nos\naqueja a todos y todas sin distinci\u00f3n alguna, nos obliga, como Administraci\u00f3n\nRegional, a actuar en forma coordinada, oportuna y diligentemente, ello para\nhacer frente com\u00fan a los grandes desaf\u00edos presentes y futuros que nos depara el\ndestino y es por ello que, como Consejo Regional, invitamos desde esta tribuna\na la se\u00f1ora Intendenta Regional y a trav\u00e9s de ella, a todo el aparato\nadministrativo regional, as\u00ed como a los alcaldes y alcaldesas presentes y sus\nrespectivos equipos municipales de trabajo, a que todos redoblemos nuestros\nesfuerzos y saquemos lo mejor de s\u00ed, ello con el firme prop\u00f3sito de azuzar la\npasividad de los esp\u00edritus y quebrantar la nefasta inercia y desaz\u00f3n que a\nratos nos embarga y entre todos, generemos un polo virtuoso de progreso y\ndesarrollo, como los tiempos y nuestra gente nos demanda y requiere.<\/p>\n\n\n\n<p>El futuro es\npromisorio y est\u00e1 en todos nosotros alcanzarlo. Este es un mensaje de esperanza\ny fe en tiempos oscuros, porque de lo que s\u00ed estamos seguros, es que la\nfortaleza del pueblo magall\u00e1nico siempre prevalecer\u00e1, a pesar de todas las\nadversidades presentes. Nosotros somos hijos del rigor, del viento, del frio y\nla escarcha, donde nada se nos ha dado f\u00e1cilmente en esta \u201cbendita tierra\u201d que\namamos infinitamente, con todo nuestro ser y nuestra alma.<\/p>\n\n\n\n<p>\u00a1Viva\nMagallanes! Muchas gracias.<\/p>\n","protected":false},"excerpt":{"rendered":"<p>Discurso del presidente del Consejo Regional, Sr Tolentino Soto Espa\u00f1a: Antes de iniciar la presente cuenta p\u00fablica, queremos manifestar como Consejo Regional, nuestro m\u00e1s profundo pesar por el reciente fallecimiento&#8230; <a class=\"read-more\" href=\"https:\/\/www.radiopresidenteibanez.cl\/web\/vii-cuenta-publica-del-consejo-regional-de-magallanes-y-de-la-antartica-chilena-gestion-ano-2020\/\">Leer m\u00e1s<\/a><\/p>\n","protected":false},"author":2,"featured_media":17222,"comment_status":"closed","ping_status":"closed","sticky":false,"template":"","format":"standard","meta":{"footnotes":""},"categories":[1],"tags":[],"class_list":["post-17221","post","type-post","status-publish","format-standard","has-post-thumbnail","hentry","category-cronica"],"_links":{"self":[{"href":"https:\/\/www.radiopresidenteibanez.cl\/web\/wp-json\/wp\/v2\/posts\/17221","targetHints":{"allow":["GET"]}}],"collection":[{"href":"https:\/\/www.radiopresidenteibanez.cl\/web\/wp-json\/wp\/v2\/posts"}],"about":[{"href":"https:\/\/www.radiopresidenteibanez.cl\/web\/wp-json\/wp\/v2\/types\/post"}],"author":[{"embeddable":true,"href":"https:\/\/www.radiopresidenteibanez.cl\/web\/wp-json\/wp\/v2\/users\/2"}],"replies":[{"embeddable":true,"href":"https:\/\/www.radiopresidenteibanez.cl\/web\/wp-json\/wp\/v2\/comments?post=17221"}],"version-history":[{"count":0,"href":"https:\/\/www.radiopresidenteibanez.cl\/web\/wp-json\/wp\/v2\/posts\/17221\/revisions"}],"wp:featuredmedia":[{"embeddable":true,"href":"https:\/\/www.radiopresidenteibanez.cl\/web\/wp-json\/wp\/v2\/media\/17222"}],"wp:attachment":[{"href":"https:\/\/www.radiopresidenteibanez.cl\/web\/wp-json\/wp\/v2\/media?parent=17221"}],"wp:term":[{"taxonomy":"category","embeddable":true,"href":"https:\/\/www.radiopresidenteibanez.cl\/web\/wp-json\/wp\/v2\/categories?post=17221"},{"taxonomy":"post_tag","embeddable":true,"href":"https:\/\/www.radiopresidenteibanez.cl\/web\/wp-json\/wp\/v2\/tags?post=17221"}],"curies":[{"name":"wp","href":"https:\/\/api.w.org\/{rel}","templated":true}]}}