{"id":17206,"date":"2020-12-23T03:15:00","date_gmt":"2020-12-23T03:15:00","guid":{"rendered":"https:\/\/www.radiopresidenteibanez.cl\/web\/?p=17206"},"modified":"2020-12-22T21:17:06","modified_gmt":"2020-12-22T21:17:06","slug":"minvu-anuncia-inversion-por-36-mil-millones-de-pesos-en-viviendas-sociales-para-magallanes-en-2021","status":"publish","type":"post","link":"https:\/\/www.radiopresidenteibanez.cl\/web\/minvu-anuncia-inversion-por-36-mil-millones-de-pesos-en-viviendas-sociales-para-magallanes-en-2021\/","title":{"rendered":"MINVU ANUNCIA INVERSI\u00d3N POR 36 MIL MILLONES DE PESOS EN VIVIENDAS SOCIALES PARA MAGALLANES EN 2021"},"content":{"rendered":"\n<p>El Ministerio de Vivienda y Urbanismo en Magallanes contar\u00e1 para el a\u00f1o 2021 con un presupuesto hist\u00f3rico que permitir\u00e1 la inversi\u00f3n de 36 mil millones de pesos para la construcci\u00f3n de 1225 viviendas sociales en 11 loteos, en Punta Arenas, Natales y Porvenir y otras obras urbanas en las distintas comunas de la Regi\u00f3n.<\/p>\n\n\n\n<p>El anuncio fue realizado esta ma\u00f1ana por la intendenta regional Jenniffer Rojas Garcia, junto al seremi (s) de Vivienda y Urbanismo Atircio Aguilera y el director regional de Serviu Dubalio P\u00e9rez y acompa\u00f1ados por el alcalde Claudio Radonich, en el inicio de obras del proyecto habitacional Rio de los Ciervos, financiado a trav\u00e9s de subsidios del Fondo Solidario de Elecci\u00f3n de Vivienda y recursos adicionales aportados por el Gobierno Regional.<\/p>\n\n\n\n<p>La intendenta regional destac\u00f3 que \u201cnunca un gobierno hab\u00eda invertido tanto en algo tan necesario como es la vivienda y eso se traduce en nuestra regi\u00f3n en un aumento del 10% del presupuesto del Minvu para favorecer a las familias y otras obras de pavimentaci\u00f3n y espacios p\u00fablicos\u201d.<\/p>\n\n\n\n<p>Agreg\u00f3 que \u201cson muy buenas noticias para nuestra Regi\u00f3n y adem\u00e1s entendido todo lo que hemos vivido producto de esta Pandemia, esto generar\u00e1 m\u00e1s de 6 mil puestos de empleo que tambi\u00e9n es muy relevante, por lo que estamos muy contentos por esta noticia, reafirmando el compromiso del Presidente Sebasti\u00e1n Pi\u00f1era con nuestra Regi\u00f3n. Insisto esta es la primera vez que se invierte tanto en vivienda que es algo tan necesario y tan sentido por la comunidad\u201d.<\/p>\n\n\n\n<p>En tanto, el seremi (s) Atircio Aguilera explic\u00f3 que \u201cla Ley de Presupuestos nos indica un presupuesto sectorial de 67 mil millones de pesos, lo que nos da un aumento del 10%. Sin duda nuestros principales esfuerzos van a ir en el \u00e1mbito de vivienda. No obstante, tengo que destacar tambi\u00e9n lo que hacemos en temas de vialidad, solo en el \u00faltimo trimestre de este a\u00f1o licitamos tres iniciativas del orden de los 15 mil millones de pesos, que van a estar en plena ejecuci\u00f3n en el a\u00f1o 2021\u201d.<\/p>\n\n\n\n<p>Destac\u00f3, adem\u00e1s, que a trav\u00e9s del programa Pavimentos Participativos, se pavimentar\u00e1n 12 km de calzadas de calles y pasajes y veredas durante el a\u00f1o 2021 y por primera vez se ejecutar\u00e1n Pavimentos Participativos en la comuna de Rio Verde.<\/p>\n\n\n\n<p><strong>125 viviendas en Loteo Rio de los Ciervos<\/strong><\/p>\n\n\n\n<p>El anuncio fue realizado en la formalizaci\u00f3n de la entrega de terreno a la constructora Salfa que estar\u00e1 a cargo de la construcci\u00f3n y a la agrupaci\u00f3n de vivienda beneficiada con el proyecto.<\/p>\n\n\n\n<p>El director de Serviu Dubalio P\u00e9rez indic\u00f3 que \u201cson 125 familias de la agrupaci\u00f3n Alto Alerce las que se ven beneficiadas con este proyecto que presenta un 10% de avance por trabajos en corte de terreno, confecci\u00f3n de plataformas y sistemas de contenci\u00f3n. El Loteo R\u00edo de los Ciervos cuenta con 120 viviendas de dos pisos, de 56 m2 y 5 para personas en situaci\u00f3n de discapacidad de 63 m2. La inversi\u00f3n de $7500 millones de pesos del Minvu y con aporte del Gobierno Regional en la compra del terreno y para la urbanizaci\u00f3n.<\/p>\n\n\n\n<p>La construcci\u00f3n de este loteo, que se ubica en el sector sur de Punta Arenas, tiene fecha de t\u00e9rmino para junio de 2022.<\/p>\n","protected":false},"excerpt":{"rendered":"<p>El Ministerio de Vivienda y Urbanismo en Magallanes contar\u00e1 para el a\u00f1o 2021 con un presupuesto hist\u00f3rico que permitir\u00e1 la inversi\u00f3n de 36 mil millones de pesos para la construcci\u00f3n&#8230; <a class=\"read-more\" href=\"https:\/\/www.radiopresidenteibanez.cl\/web\/minvu-anuncia-inversion-por-36-mil-millones-de-pesos-en-viviendas-sociales-para-magallanes-en-2021\/\">Leer m\u00e1s<\/a><\/p>\n","protected":false},"author":2,"featured_media":17207,"comment_status":"closed","ping_status":"closed","sticky":false,"template":"","format":"standard","meta":{"footnotes":""},"categories":[1],"tags":[],"class_list":["post-17206","post","type-post","status-publish","format-standard","has-post-thumbnail","hentry","category-cronica"],"_links":{"self":[{"href":"https:\/\/www.radiopresidenteibanez.cl\/web\/wp-json\/wp\/v2\/posts\/17206","targetHints":{"allow":["GET"]}}],"collection":[{"href":"https:\/\/www.radiopresidenteibanez.cl\/web\/wp-json\/wp\/v2\/posts"}],"about":[{"href":"https:\/\/www.radiopresidenteibanez.cl\/web\/wp-json\/wp\/v2\/types\/post"}],"author":[{"embeddable":true,"href":"https:\/\/www.radiopresidenteibanez.cl\/web\/wp-json\/wp\/v2\/users\/2"}],"replies":[{"embeddable":true,"href":"https:\/\/www.radiopresidenteibanez.cl\/web\/wp-json\/wp\/v2\/comments?post=17206"}],"version-history":[{"count":0,"href":"https:\/\/www.radiopresidenteibanez.cl\/web\/wp-json\/wp\/v2\/posts\/17206\/revisions"}],"wp:featuredmedia":[{"embeddable":true,"href":"https:\/\/www.radiopresidenteibanez.cl\/web\/wp-json\/wp\/v2\/media\/17207"}],"wp:attachment":[{"href":"https:\/\/www.radiopresidenteibanez.cl\/web\/wp-json\/wp\/v2\/media?parent=17206"}],"wp:term":[{"taxonomy":"category","embeddable":true,"href":"https:\/\/www.radiopresidenteibanez.cl\/web\/wp-json\/wp\/v2\/categories?post=17206"},{"taxonomy":"post_tag","embeddable":true,"href":"https:\/\/www.radiopresidenteibanez.cl\/web\/wp-json\/wp\/v2\/tags?post=17206"}],"curies":[{"name":"wp","href":"https:\/\/api.w.org\/{rel}","templated":true}]}}