{"id":17203,"date":"2020-12-23T03:00:00","date_gmt":"2020-12-23T03:00:00","guid":{"rendered":"https:\/\/www.radiopresidenteibanez.cl\/web\/?p=17203"},"modified":"2020-12-22T21:15:07","modified_gmt":"2020-12-22T21:15:07","slug":"con-nuevo-centro-reductor-gasco-magallanes-potencia-continuidad-de-suministro-en-puerto-natales","status":"publish","type":"post","link":"https:\/\/www.radiopresidenteibanez.cl\/web\/con-nuevo-centro-reductor-gasco-magallanes-potencia-continuidad-de-suministro-en-puerto-natales\/","title":{"rendered":"CON NUEVO CENTRO REDUCTOR GASCO MAGALLANES POTENCIA CONTINUIDAD DE SUMINISTRO EN PUERTO NATALES"},"content":{"rendered":"\n<p>En el marco de una serie de inversiones que Gasco Magallanes est\u00e1 realizando en Puerto Natales, es que se inici\u00f3 la construcci\u00f3n de un nuevo centro regulador de presiones que permitir\u00e1 brindar mayor seguridad al suministro de gas natural en la capital de la provincia de \u00daltima Esperanza,&nbsp;el cual permitir\u00e1 diferenciar las demandas del sector residencial-comercial&nbsp;respecto de los requeridos para la industria.<\/p>\n\n\n\n<p>As\u00ed lo manifest\u00f3 el gerente de Operaciones de la empresa distribuidora de gas natural y GLP, Pedro Mart\u00edn, quien explic\u00f3 que la nueva infraestructura&nbsp;incluye reguladores de presi\u00f3n, tuber\u00edas, v\u00e1lvulas, elementos de seguridad y accesorios necesarios para su buen funcionamiento y de acuerdo con las normativas vigentes.<\/p>\n\n\n\n<p>\u201cEste nuevo centro regulador viene a robustecer el sistema de distribuci\u00f3n de gas, el cual&nbsp;permitir\u00e1&nbsp;mejorar el control de&nbsp;la presi\u00f3n del ducto primario que proporciona gas natural a la ciudad en dos etapas\u201d, explic\u00f3 el ejecutivo.<\/p>\n\n\n\n<p>El centro regulador de presiones permitir\u00e1 dar m\u00e1s confiabilidad, seguridad y continuidad de suministro&nbsp;a sus clientes residenciales y comerciales, alineados con el desarrollo y crecimiento futuro, destacaron desde la empresa.<\/p>\n\n\n\n<p>Se estima que este centro regulador entrara en operaci\u00f3n entre marzo-abril de 2021, demandando una inversi\u00f3n de $150 millones.<\/p>\n","protected":false},"excerpt":{"rendered":"<p>En el marco de una serie de inversiones que Gasco Magallanes est\u00e1 realizando en Puerto Natales, es que se inici\u00f3 la construcci\u00f3n de un nuevo centro regulador de presiones que&#8230; <a class=\"read-more\" href=\"https:\/\/www.radiopresidenteibanez.cl\/web\/con-nuevo-centro-reductor-gasco-magallanes-potencia-continuidad-de-suministro-en-puerto-natales\/\">Leer m\u00e1s<\/a><\/p>\n","protected":false},"author":2,"featured_media":17204,"comment_status":"closed","ping_status":"closed","sticky":false,"template":"","format":"standard","meta":{"footnotes":""},"categories":[1],"tags":[],"class_list":["post-17203","post","type-post","status-publish","format-standard","has-post-thumbnail","hentry","category-cronica"],"_links":{"self":[{"href":"https:\/\/www.radiopresidenteibanez.cl\/web\/wp-json\/wp\/v2\/posts\/17203","targetHints":{"allow":["GET"]}}],"collection":[{"href":"https:\/\/www.radiopresidenteibanez.cl\/web\/wp-json\/wp\/v2\/posts"}],"about":[{"href":"https:\/\/www.radiopresidenteibanez.cl\/web\/wp-json\/wp\/v2\/types\/post"}],"author":[{"embeddable":true,"href":"https:\/\/www.radiopresidenteibanez.cl\/web\/wp-json\/wp\/v2\/users\/2"}],"replies":[{"embeddable":true,"href":"https:\/\/www.radiopresidenteibanez.cl\/web\/wp-json\/wp\/v2\/comments?post=17203"}],"version-history":[{"count":0,"href":"https:\/\/www.radiopresidenteibanez.cl\/web\/wp-json\/wp\/v2\/posts\/17203\/revisions"}],"wp:featuredmedia":[{"embeddable":true,"href":"https:\/\/www.radiopresidenteibanez.cl\/web\/wp-json\/wp\/v2\/media\/17204"}],"wp:attachment":[{"href":"https:\/\/www.radiopresidenteibanez.cl\/web\/wp-json\/wp\/v2\/media?parent=17203"}],"wp:term":[{"taxonomy":"category","embeddable":true,"href":"https:\/\/www.radiopresidenteibanez.cl\/web\/wp-json\/wp\/v2\/categories?post=17203"},{"taxonomy":"post_tag","embeddable":true,"href":"https:\/\/www.radiopresidenteibanez.cl\/web\/wp-json\/wp\/v2\/tags?post=17203"}],"curies":[{"name":"wp","href":"https:\/\/api.w.org\/{rel}","templated":true}]}}