{"id":17197,"date":"2020-12-23T02:30:00","date_gmt":"2020-12-23T02:30:00","guid":{"rendered":"https:\/\/www.radiopresidenteibanez.cl\/web\/?p=17197"},"modified":"2020-12-22T21:11:39","modified_gmt":"2020-12-22T21:11:39","slug":"autoridad-laboral-recuerda-que-proximo-25-de-diciembre-y-1-de-enero-son-feriados-irrenunciables","status":"publish","type":"post","link":"https:\/\/www.radiopresidenteibanez.cl\/web\/autoridad-laboral-recuerda-que-proximo-25-de-diciembre-y-1-de-enero-son-feriados-irrenunciables\/","title":{"rendered":"AUTORIDAD LABORAL RECUERDA QUE PR\u00d3XIMO 25 DE DICIEMBRE Y 1 DE ENERO SON FERIADOS IRRENUNCIABLES"},"content":{"rendered":"\n<p><em>Ante un\npr\u00f3ximo feriado irrenunciable para el sector Comercio, la autoridad laboral de\nla regi\u00f3n, nuevamente, hizo un llamado a los empleadores a respetar dicho\ndescanso obligatorio para los trabajadores de este rubro, fijado por ley para\nlos d\u00edas 25 de diciembre y 1 de enero pr\u00f3ximos.<\/em><em><\/em><\/p>\n\n\n\n<p><em>Seg\u00fan detall\u00f3\nel Seremi (s) del Trabajo, Marcelo Trivi\u00f1o \u00c1lvarez, \u201cestamos recordando a los\ndue\u00f1os y trabajadores de establecimientos comerciales que este 25 de diciembre\ny 1 de enero son feriados irrenunciables, cuyo descanso debe ser respetado. En\nel caso del descanso de Navidad, este comienza a las 20:00 horas del jueves 24\nde diciembre -horario en que los trabajadores deber\u00e1n estar fuera de sus\nlugares de trabajo- y concluye el d\u00eda s\u00e1bado 26 del mismo mes, a las 06:00\nhoras\u201d.<\/em><em><\/em><\/p>\n\n\n\n<p><em>En el caso\ndel feriado de A\u00f1o Nuevo, \u201cse repiten los horarios: el feriado obligatorio\nparte a las 20:00 horas del d\u00eda jueves 31 de diciembre y concluye a las 06:00\nhoras del d\u00eda 2 de enero del 2021\u201d, agreg\u00f3 Trivi\u00f1o.<\/em><em><\/em><\/p>\n\n\n\n<p><em>Seg\u00fan especifica\nla Direcci\u00f3n del Trabajo, son considerados como trabajadores del comercio\naquellos que se desempe\u00f1en en un establecimiento como tal y cuyas funciones se\nrelacionan con el expendio o venta directa al p\u00fablico de mercader\u00edas o\nproductos que all\u00ed se ofrecen.<\/em><em><\/em><\/p>\n\n\n\n<p><em>\u201cQuedan\nexceptuados de este feriado obligatorio los trabajadores que se desempe\u00f1en en\nexpendio de combustibles, farmacias de urgencia o que deban cumplir turnos\nfijados por la autoridad sanitaria. Se recuerda, adem\u00e1s, que todos estos\ntrabajadores exceptuados podr\u00e1n tener derecho a tomar descanso a\u00f1o por medio\nsiempre que contin\u00faen contratados por el mismo empleador. Por ejemplo, si un\ntrabajador labor\u00f3 el 25 de diciembre del a\u00f1o pasado y contin\u00faa trabajando para\nla misma empresa, esta vez podr\u00e1 ejercer su descanso\u201d, expuso la autoridad.<\/em><em><\/em><\/p>\n\n\n\n<p><em>Como todos\nlos a\u00f1os, la autoridad llam\u00f3 a los empleadores a precaver infracciones, pues,\nen caso de no cumplir con estos descansos obligatorios, las multas van desde\nlas 5 Unidades Tributarias Mensuales (UTM) \u2013equivalentes a $255.145 al mes de\ndiciembre- hasta las 20 UTM \u2013equivalentes a $1.020.580 al mes de diciembre- por\ncada trabajador afectado por la infracci\u00f3n, seg\u00fan el n\u00famero total de\ntrabajadores que tenga la empresa.<\/em><em><\/em><\/p>\n\n\n\n<p><em>\u201cEn caso de\nsorprender alguna infracci\u00f3n, los trabajadores tienen que detener sus labores\nde inmediato y abandonar su lugar de trabajo, sin perjuicio de la multa\nrespectiva a cursar por la Direcci\u00f3n del Trabajo. Es importante recordar que\naquellos negocios atendidos por sus propios due\u00f1os y\/o familiares directos\npodr\u00e1n abrir, dado que no existe relaci\u00f3n laboral en estos casos\u201d, a\u00f1adi\u00f3 el\nSeremi (s).<\/em><em><\/em><\/p>\n\n\n\n<p><em>En el sitio\nweb de la Direcci\u00f3n del Trabajo, <\/em><a href=\"http:\/\/www.direcciondeltrabajo.cl\">www.direcciondeltrabajo.cl<\/a><em>, se habilitar\u00e1 un banner donde se\npodr\u00e1n ingresar denuncias o consultar sobre la normativa vigente respecto a los\nferiados obligatorios e irrenunciables.<\/em><em><\/em><\/p>\n","protected":false},"excerpt":{"rendered":"<p>Ante un pr\u00f3ximo feriado irrenunciable para el sector Comercio, la autoridad laboral de la regi\u00f3n, nuevamente, hizo un llamado a los empleadores a respetar dicho descanso obligatorio para los trabajadores&#8230; <a class=\"read-more\" href=\"https:\/\/www.radiopresidenteibanez.cl\/web\/autoridad-laboral-recuerda-que-proximo-25-de-diciembre-y-1-de-enero-son-feriados-irrenunciables\/\">Leer m\u00e1s<\/a><\/p>\n","protected":false},"author":2,"featured_media":17198,"comment_status":"closed","ping_status":"closed","sticky":false,"template":"","format":"standard","meta":{"footnotes":""},"categories":[1],"tags":[],"class_list":["post-17197","post","type-post","status-publish","format-standard","has-post-thumbnail","hentry","category-cronica"],"_links":{"self":[{"href":"https:\/\/www.radiopresidenteibanez.cl\/web\/wp-json\/wp\/v2\/posts\/17197","targetHints":{"allow":["GET"]}}],"collection":[{"href":"https:\/\/www.radiopresidenteibanez.cl\/web\/wp-json\/wp\/v2\/posts"}],"about":[{"href":"https:\/\/www.radiopresidenteibanez.cl\/web\/wp-json\/wp\/v2\/types\/post"}],"author":[{"embeddable":true,"href":"https:\/\/www.radiopresidenteibanez.cl\/web\/wp-json\/wp\/v2\/users\/2"}],"replies":[{"embeddable":true,"href":"https:\/\/www.radiopresidenteibanez.cl\/web\/wp-json\/wp\/v2\/comments?post=17197"}],"version-history":[{"count":0,"href":"https:\/\/www.radiopresidenteibanez.cl\/web\/wp-json\/wp\/v2\/posts\/17197\/revisions"}],"wp:featuredmedia":[{"embeddable":true,"href":"https:\/\/www.radiopresidenteibanez.cl\/web\/wp-json\/wp\/v2\/media\/17198"}],"wp:attachment":[{"href":"https:\/\/www.radiopresidenteibanez.cl\/web\/wp-json\/wp\/v2\/media?parent=17197"}],"wp:term":[{"taxonomy":"category","embeddable":true,"href":"https:\/\/www.radiopresidenteibanez.cl\/web\/wp-json\/wp\/v2\/categories?post=17197"},{"taxonomy":"post_tag","embeddable":true,"href":"https:\/\/www.radiopresidenteibanez.cl\/web\/wp-json\/wp\/v2\/tags?post=17197"}],"curies":[{"name":"wp","href":"https:\/\/api.w.org\/{rel}","templated":true}]}}