{"id":17194,"date":"2020-12-22T21:06:00","date_gmt":"2020-12-22T21:06:00","guid":{"rendered":"https:\/\/www.radiopresidenteibanez.cl\/web\/?p=17194"},"modified":"2020-12-22T21:06:05","modified_gmt":"2020-12-22T21:06:05","slug":"partieron-14-horas-solidarias-en-magallanes-del-hogar-de-cristo","status":"publish","type":"post","link":"https:\/\/www.radiopresidenteibanez.cl\/web\/partieron-14-horas-solidarias-en-magallanes-del-hogar-de-cristo\/","title":{"rendered":"PARTIERON 14 HORAS SOLIDARIAS EN MAGALLANES DEL HOGAR DE CRISTO"},"content":{"rendered":"\n<p>La jornada se\ntransmitir\u00e1 simult\u00e1neamente por las redes sociales de Hogar de Cristo,\nStreaming Sur y Sermac TV. El objetivo de la campa\u00f1a es conseguir alimentos,\n\u00fatiles de aseo y ropa para los m\u00e1s excluidos de la regi\u00f3n Magallanes.<\/p>\n\n\n\n<p>A partir de las 10 de\nla ma\u00f1ana de este martes 22 de diciembre, los diversos seguidores de Hogar de\nCristo, Streaming Sur y Sermac\nTV, podr\u00e1n vivir un show familiar que se extender\u00e1 durante 14 horas ininterrumpidas\nde historias de vida, m\u00fasica, entrevistas y testimonios. <\/p>\n\n\n\n<p>\u201cComo este no ha sido\nun a\u00f1o f\u00e1cil para nadie,\nquisimos\nrealizar una jornada que nos volviera a reunir bajo una misma causa solidaria\u201d,\nexplica el jefe territorial de Hogar de Cristo en Magallanes, \u00c1lvaro Rond\u00f3n. \u201c\u00a1Hoy\nm\u00e1s que nunca nos necesitamos! Nuestra regi\u00f3n ha sido una de las m\u00e1s golpeadas\npor el virus\u2026 Todo esto en un territorio donde se calcula que cerca de 125\npersonas viven en situaci\u00f3n de calle. Un drama que empeora, si consideramos que\nadem\u00e1s hay m\u00e1s de mil familias en nuestro territorio sufriendo escasez\nalimentaria, una de las formas m\u00e1s crudas de la extrema pobreza. La mayor\u00eda vive\nhacinada, sin calefacci\u00f3n, en condiciones precarias, mucho m\u00e1s expuestos a la\nenfermedad\u201d.<\/p>\n\n\n\n<p>El evento solidario\ncuenta con la participaci\u00f3n del Circo del Sur, los cantantes Nicole Vera, Fredy\nCanales y Claudia Lucero, Mar\u00eda Zi\u00f3n, Jby Trap, Tommy Villarroel y Faggu, Banda\nSugar, Sebasti\u00e1n Amand y Dani Cort\u00e9s, Sandra Vald\u00e9s, Carol Saldivia y Miguel\nCastillo, Banda 7 Julio, Banda PCR, adem\u00e1s del show circense del payaso\nPolvorita, Bomkila y el payaso Chispita. <\/p>\n\n\n\n<p>No te pierdas la\ntransmisi\u00f3n en vivo desde Facebook Live Hogar de Cristo (@hdecristo), Streaming\nSur (@StreamingSur) y Sermac TV (@sermac.eventos) a partir de las 10 de la\nma\u00f1ana. \u00a1Te esperamos! El centro de acopio se encuentra ubicado en Calle\nRep\u00fablica #484, Punta Arenas, Magallanes. <\/p>\n","protected":false},"excerpt":{"rendered":"<p>La jornada se transmitir\u00e1 simult\u00e1neamente por las redes sociales de Hogar de Cristo, Streaming Sur y Sermac TV. El objetivo de la campa\u00f1a es conseguir alimentos, \u00fatiles de aseo y&#8230; <a class=\"read-more\" href=\"https:\/\/www.radiopresidenteibanez.cl\/web\/partieron-14-horas-solidarias-en-magallanes-del-hogar-de-cristo\/\">Leer m\u00e1s<\/a><\/p>\n","protected":false},"author":2,"featured_media":17195,"comment_status":"closed","ping_status":"closed","sticky":false,"template":"","format":"standard","meta":{"footnotes":""},"categories":[1],"tags":[],"class_list":["post-17194","post","type-post","status-publish","format-standard","has-post-thumbnail","hentry","category-cronica"],"_links":{"self":[{"href":"https:\/\/www.radiopresidenteibanez.cl\/web\/wp-json\/wp\/v2\/posts\/17194","targetHints":{"allow":["GET"]}}],"collection":[{"href":"https:\/\/www.radiopresidenteibanez.cl\/web\/wp-json\/wp\/v2\/posts"}],"about":[{"href":"https:\/\/www.radiopresidenteibanez.cl\/web\/wp-json\/wp\/v2\/types\/post"}],"author":[{"embeddable":true,"href":"https:\/\/www.radiopresidenteibanez.cl\/web\/wp-json\/wp\/v2\/users\/2"}],"replies":[{"embeddable":true,"href":"https:\/\/www.radiopresidenteibanez.cl\/web\/wp-json\/wp\/v2\/comments?post=17194"}],"version-history":[{"count":0,"href":"https:\/\/www.radiopresidenteibanez.cl\/web\/wp-json\/wp\/v2\/posts\/17194\/revisions"}],"wp:featuredmedia":[{"embeddable":true,"href":"https:\/\/www.radiopresidenteibanez.cl\/web\/wp-json\/wp\/v2\/media\/17195"}],"wp:attachment":[{"href":"https:\/\/www.radiopresidenteibanez.cl\/web\/wp-json\/wp\/v2\/media?parent=17194"}],"wp:term":[{"taxonomy":"category","embeddable":true,"href":"https:\/\/www.radiopresidenteibanez.cl\/web\/wp-json\/wp\/v2\/categories?post=17194"},{"taxonomy":"post_tag","embeddable":true,"href":"https:\/\/www.radiopresidenteibanez.cl\/web\/wp-json\/wp\/v2\/tags?post=17194"}],"curies":[{"name":"wp","href":"https:\/\/api.w.org\/{rel}","templated":true}]}}