{"id":17190,"date":"2020-12-23T02:15:00","date_gmt":"2020-12-23T02:15:00","guid":{"rendered":"https:\/\/www.radiopresidenteibanez.cl\/web\/?p=17190"},"modified":"2020-12-22T14:04:12","modified_gmt":"2020-12-22T14:04:12","slug":"autoridades-regionales-realizan-despliegue-informativo-para-preparar-sociabilizar-e-informar-a-la-ciudadania-y-a-locatarios-de-diferentes-sectores-de-punta-arenas","status":"publish","type":"post","link":"https:\/\/www.radiopresidenteibanez.cl\/web\/autoridades-regionales-realizan-despliegue-informativo-para-preparar-sociabilizar-e-informar-a-la-ciudadania-y-a-locatarios-de-diferentes-sectores-de-punta-arenas\/","title":{"rendered":"AUTORIDADES REGIONALES REALIZAN DESPLIEGUE INFORMATIVO PARA PREPARAR, SOCIABILIZAR E INFORMAR A LA CIUDADAN\u00cdA Y A LOCATARIOS DE DIFERENTES SECTORES DE PUNTA ARENAS"},"content":{"rendered":"\n<p>Luego del anuncio realizado por\nel Ministro de Salud, Enrique Paris, en el que inform\u00f3 que la comuna de Punta\nArenas avanzaba al Paso 2 del Plan Paso a Paso a partir del jueves 17 de\ndiciembre, autoridades regionales de diversas carteras, lideradas por la\nIntendenta Jennifer Rojas, han visitado diferentes comercios de sectores\nic\u00f3nicos como la calle Bories, el barrio 18 de Septiembre, Zona Franca y Mall\nEspacio Urbano, junto con peluquer\u00edas que, tras cerca de cuatro meses, pueden\nvolver a atender a p\u00fablico en Punta Arenas. Este importante despliegue se\nenmarca en un fuerte plan de difusi\u00f3n que se ha sostenido desde el inicio de la\npandemia, en relaci\u00f3n a la implementaci\u00f3n de protocolos sanitarios en diversas\nactividades comerciales, factor que resulta clave para que la reapertura se\nrealice en forma responsable, y que se ha buscado reforzar en forma especial de\ncara al avance de la comuna al Paso 2. <\/p>\n\n\n\n<p>Las visitas han permitido\nentregar material informativo y responder consultas de m\u00e1s de 100 locatarios en\nlos cuatro principales epicentros del comercio de la ciudad. Espec\u00edficamente,\nlas autoridades compartieron protocolos de manejo y prevenci\u00f3n ante el Covid-19\npara establecimientos de bienes y servicios no esenciales, junto al formulario\n\u00fanico de fiscalizaci\u00f3n de medidas preventivas (FUF), con la finalidad de que los\nlocatarios se auto apliquen el <em>check list<\/em>\nen forma previa a las fiscalizaciones de la Seremi de Salud. Adicionalmente\ndistribuyeron Sellos de Apertura Responsable, que acreditan la recepci\u00f3n de\ndicha documentaci\u00f3n y el compromiso de implementaci\u00f3n de las medidas indicadas.\nEste sello tambi\u00e9n busca fomentar un comercio responsable, en el que los\nclientes prefieran aquellos establecimientos que cuenten con protocolos\nsanitarios correctamente implementados, propiciando que la actividad comercial\nno aumente el riesgo de contagio, en especial en fechas de alto flujo como\nnavidad. Cabe destacar que el sello no es requisito para la apertura.<\/p>\n\n\n\n<p>En este contexto la Seremi de\nEconom\u00eda, Fomento y Turismo Natalia Easton, coment\u00f3 la importancia que tendr\u00e1\neste avance en el Plan Paso a Paso: \u201cConocemos los profundos efectos que ha\ncausado la prolongada cuarentena en la econom\u00eda regional y, por cierto, en el\ncomercio no esencial. Diciembre ha sido hist\u00f3ricamente un mes especialmente\nfuerte en ventas para el comercio, por lo que el avance de Punta Arenas a Paso\n2 sin duda es una buena noticia para el sector y permitir\u00e1 que muchas pymes\nlocales puedan aumentar sus ventas a trav\u00e9s del canal presencial. Tambi\u00e9n\npermitir\u00e1 retomar las prestaciones de servicio, lo que contribuir\u00e1 a dinamizar\nnuestra econom\u00eda local y avanzar hacia la recuperaci\u00f3n de los empleos. Sin\nembargo, este avance trae de la mano una gran responsabilidad, que es que la\napertura se realice en forma responsable, bajo el estricto cumplimiento de los\nprotocolos sanitarios, para que el avance sea positivo y nos permita continuar\nhacia los pasos siguientes del Plan Paso a Paso\u201d. <\/p>\n","protected":false},"excerpt":{"rendered":"<p>Luego del anuncio realizado por el Ministro de Salud, Enrique Paris, en el que inform\u00f3 que la comuna de Punta Arenas avanzaba al Paso 2 del Plan Paso a Paso&#8230; <a class=\"read-more\" href=\"https:\/\/www.radiopresidenteibanez.cl\/web\/autoridades-regionales-realizan-despliegue-informativo-para-preparar-sociabilizar-e-informar-a-la-ciudadania-y-a-locatarios-de-diferentes-sectores-de-punta-arenas\/\">Leer m\u00e1s<\/a><\/p>\n","protected":false},"author":2,"featured_media":17191,"comment_status":"closed","ping_status":"closed","sticky":false,"template":"","format":"standard","meta":{"footnotes":""},"categories":[1],"tags":[],"class_list":["post-17190","post","type-post","status-publish","format-standard","has-post-thumbnail","hentry","category-cronica"],"_links":{"self":[{"href":"https:\/\/www.radiopresidenteibanez.cl\/web\/wp-json\/wp\/v2\/posts\/17190","targetHints":{"allow":["GET"]}}],"collection":[{"href":"https:\/\/www.radiopresidenteibanez.cl\/web\/wp-json\/wp\/v2\/posts"}],"about":[{"href":"https:\/\/www.radiopresidenteibanez.cl\/web\/wp-json\/wp\/v2\/types\/post"}],"author":[{"embeddable":true,"href":"https:\/\/www.radiopresidenteibanez.cl\/web\/wp-json\/wp\/v2\/users\/2"}],"replies":[{"embeddable":true,"href":"https:\/\/www.radiopresidenteibanez.cl\/web\/wp-json\/wp\/v2\/comments?post=17190"}],"version-history":[{"count":0,"href":"https:\/\/www.radiopresidenteibanez.cl\/web\/wp-json\/wp\/v2\/posts\/17190\/revisions"}],"wp:featuredmedia":[{"embeddable":true,"href":"https:\/\/www.radiopresidenteibanez.cl\/web\/wp-json\/wp\/v2\/media\/17191"}],"wp:attachment":[{"href":"https:\/\/www.radiopresidenteibanez.cl\/web\/wp-json\/wp\/v2\/media?parent=17190"}],"wp:term":[{"taxonomy":"category","embeddable":true,"href":"https:\/\/www.radiopresidenteibanez.cl\/web\/wp-json\/wp\/v2\/categories?post=17190"},{"taxonomy":"post_tag","embeddable":true,"href":"https:\/\/www.radiopresidenteibanez.cl\/web\/wp-json\/wp\/v2\/tags?post=17190"}],"curies":[{"name":"wp","href":"https:\/\/api.w.org\/{rel}","templated":true}]}}