{"id":17184,"date":"2020-12-22T01:58:31","date_gmt":"2020-12-22T01:58:31","guid":{"rendered":"https:\/\/www.radiopresidenteibanez.cl\/web\/?p=17184"},"modified":"2020-12-22T01:58:36","modified_gmt":"2020-12-22T01:58:36","slug":"municipio-oficializo-solicitud-para-obtener-comodato-de-laguna-del-pudeto","status":"publish","type":"post","link":"https:\/\/www.radiopresidenteibanez.cl\/web\/municipio-oficializo-solicitud-para-obtener-comodato-de-laguna-del-pudeto\/","title":{"rendered":"MUNICIPIO OFICIALIZ\u00d3 SOLICITUD PARA OBTENER COMODATO DE LAGUNA DEL PUDETO"},"content":{"rendered":"\n<p>Con la idea de generar un nuevo parque urbano para Punta Arenas, el concejal Germ\u00e1n Flores, desarroll\u00f3 una iniciativa para poder avanzar en el desarrollo del proyecto, gestionando una serie de colaboraciones y as\u00ed potenciar un \u00e1rea de conservaci\u00f3n y cuidado del medio ambiente en plena ciudad, abarcando sectores de recreaci\u00f3n, pero tambi\u00e9n de educaci\u00f3n para los ni\u00f1os de la comuna. Hablamos de la recuperaci\u00f3n de la Laguna del Pudeto y su entorno.<\/p>\n\n\n\n<p>Es as\u00ed como durante la presente jornada, el Alcalde Claudio Radonich y la secretaria regional ministerial de Bienes Nacionales, Francisca Rojas, firmaron un compromiso de colaboraci\u00f3n para poder avanzar y obtener la concesi\u00f3n del espacio una vez presentado el proyecto y lograr comprometer recursos para su ejecuci\u00f3n.<\/p>\n\n\n\n<p>\u201cEsta es una gran idea presentada por el concejal Germ\u00e1n Flores. Creemos que es fundamental tener m\u00e1s espacios p\u00fablicos de calidad, lo cual hemos conversado tambi\u00e9n con los integrantes de la agrupaci\u00f3n de humedales, porque vamos a ser de las primeras comunas que contar\u00e1 con una nueva ordenanza de humedales urbanos, por tanto, estamos adelantados y bajo ese argumento, queremos incorporar la Laguna del Pudeto dentro de este circuito, y que sea administrada por los que saben y conocen, generando un uso mixto de recreaci\u00f3n y conservaci\u00f3n o cuidado del medio ambiente\u201d, explic\u00f3 el Alcalde Claudio Radonich.<\/p>\n\n\n\n<p>En tanto, Germ\u00e1n Flores agradeci\u00f3 la buena recepci\u00f3n de la propuesta y agreg\u00f3 que \u201cla idea es convertir este lugar en un parque urbano, por lo que hemos concretado la petici\u00f3n formal para avanzar en ello y tener la concesi\u00f3n para poder traspasar la administraci\u00f3n de la Agrupaci\u00f3n Ecol\u00f3gica Humedal Tres Puentes\u201d.<\/p>\n\n\n\n<p>Por su parte, Francisca Rojas, seremi de Bienes Nacionales, demostr\u00f3 su inter\u00e9s en avanzar y detall\u00f3: \u201cQueremos ser parte de la recuperaci\u00f3n de este lugar y generar un espacio de conservaci\u00f3n para Magallanes. Hoy d\u00eda nos encontramos trabajando en los detalles del proyecto, por lo que se ha presentado la solicitud formal\u201d.<\/p>\n\n\n\n<p>Asimismo, Rojas argument\u00f3 que \u201cla tramitaci\u00f3n para la concesi\u00f3n de corto plazo, toma cerca de seis meses, y eso esperamos apurarlo y poder tomar posesi\u00f3n del espacio por parte del Municipio. Por lo pronto, lo esencial es el cierre perimetral para el lugar, adem\u00e1s de pensar en el resguardo que significa para la fauna, siendo estos, los primeros pasos del proyecto\u201d.<\/p>\n\n\n\n<p>Quien tambi\u00e9n destac\u00f3 la idea, fue Humberto G\u00f3mez, presidente de la Agrupaci\u00f3n Ecol\u00f3gica Patag\u00f3nica. \u201cEsto es una iniciativa tremendamente valorable, porque estamos justo en el marco de una ley nueva y un reglamento que debemos aplicar, pensando en resolver varias situaciones como ciudad. Entonces es importante pensar en ir construyendo entorno a la biodiversidad y a la educaci\u00f3n ambiental de nuestros ni\u00f1os\u201d.<\/p>\n\n\n\n<p>De igual manera, Radonich resalt\u00f3 el aporte de Iv\u00e1n Mauricio Low, \u201cun joven arquitecto magall\u00e1nico que est\u00e1 colaborando con su tesis sobre la laguna, para poder construir una mejor ciudad, lo que servir\u00e1 de base para lo que queremos hacer en dicho lugar\u201d.<\/p>\n\n\n\n<p>\u201cEn este proyecto de t\u00edtulo, se plasma una idea que busca generar un parque urbano y ver las variables que podr\u00edan realizarse, rescatando la memoria colectiva que existe en torno al lugar, sobretodo en el invierno, y compatibilizarlo con el cuidado del medio ambiente, la conservaci\u00f3n de aves y trabajar ambos temas, para poder asociarlo al uso de la comunidad en general\u201d, dijo Iv\u00e1n Low, egresado de Arquitectura de la Universidad de Magallanes.<\/p>\n","protected":false},"excerpt":{"rendered":"<p>Con la idea de generar un nuevo parque urbano para Punta Arenas, el concejal Germ\u00e1n Flores, desarroll\u00f3 una iniciativa para poder avanzar en el desarrollo del proyecto, gestionando una serie&#8230; <a class=\"read-more\" href=\"https:\/\/www.radiopresidenteibanez.cl\/web\/municipio-oficializo-solicitud-para-obtener-comodato-de-laguna-del-pudeto\/\">Leer m\u00e1s<\/a><\/p>\n","protected":false},"author":2,"featured_media":17185,"comment_status":"closed","ping_status":"closed","sticky":false,"template":"","format":"standard","meta":{"footnotes":""},"categories":[1],"tags":[],"class_list":["post-17184","post","type-post","status-publish","format-standard","has-post-thumbnail","hentry","category-cronica"],"_links":{"self":[{"href":"https:\/\/www.radiopresidenteibanez.cl\/web\/wp-json\/wp\/v2\/posts\/17184","targetHints":{"allow":["GET"]}}],"collection":[{"href":"https:\/\/www.radiopresidenteibanez.cl\/web\/wp-json\/wp\/v2\/posts"}],"about":[{"href":"https:\/\/www.radiopresidenteibanez.cl\/web\/wp-json\/wp\/v2\/types\/post"}],"author":[{"embeddable":true,"href":"https:\/\/www.radiopresidenteibanez.cl\/web\/wp-json\/wp\/v2\/users\/2"}],"replies":[{"embeddable":true,"href":"https:\/\/www.radiopresidenteibanez.cl\/web\/wp-json\/wp\/v2\/comments?post=17184"}],"version-history":[{"count":0,"href":"https:\/\/www.radiopresidenteibanez.cl\/web\/wp-json\/wp\/v2\/posts\/17184\/revisions"}],"wp:featuredmedia":[{"embeddable":true,"href":"https:\/\/www.radiopresidenteibanez.cl\/web\/wp-json\/wp\/v2\/media\/17185"}],"wp:attachment":[{"href":"https:\/\/www.radiopresidenteibanez.cl\/web\/wp-json\/wp\/v2\/media?parent=17184"}],"wp:term":[{"taxonomy":"category","embeddable":true,"href":"https:\/\/www.radiopresidenteibanez.cl\/web\/wp-json\/wp\/v2\/categories?post=17184"},{"taxonomy":"post_tag","embeddable":true,"href":"https:\/\/www.radiopresidenteibanez.cl\/web\/wp-json\/wp\/v2\/tags?post=17184"}],"curies":[{"name":"wp","href":"https:\/\/api.w.org\/{rel}","templated":true}]}}