{"id":17181,"date":"2020-12-22T01:56:42","date_gmt":"2020-12-22T01:56:42","guid":{"rendered":"https:\/\/www.radiopresidenteibanez.cl\/web\/?p=17181"},"modified":"2020-12-22T01:56:47","modified_gmt":"2020-12-22T01:56:47","slug":"consejo-regional-de-evopoli-magallanes-ratifica-candidatura-independiente-de-destacada-deportista-magallanica-al-proceso-constituyente","status":"publish","type":"post","link":"https:\/\/www.radiopresidenteibanez.cl\/web\/consejo-regional-de-evopoli-magallanes-ratifica-candidatura-independiente-de-destacada-deportista-magallanica-al-proceso-constituyente\/","title":{"rendered":"CONSEJO REGIONAL DE EV\u00d3POLI MAGALLANES RATIFICA CANDIDATURA INDEPENDIENTE DE DESTACADA DEPORTISTA MAGALL\u00c1NICA AL PROCESO CONSTITUYENTE"},"content":{"rendered":"\n<p>Durante la jornada del lunes 14 de diciembre del presente\na\u00f1o, la institucionalidad de Ev\u00f3poli Magallanes ratific\u00f3 por medio de su cuerpo\ncolegiado, el nombre de la destacada profesora y deportista regional Silvana\nCamelio Thomsen como una de sus cartas al proceso constituyente que se\ndesarrollara el pr\u00f3ximo 11 de abril del 2020.<\/p>\n\n\n\n<p>Esta mujer magall\u00e1nica, que a sus 17 a\u00f1os ya se hab\u00eda\ncoronado como la mejor deportista del pa\u00eds, tr\u00e1nsito en diversas diciplinas del\ndeporte, iniciando su exitosa carrera en el esqu\u00ed, para posteriormente estudiar\npedagog\u00eda en educaci\u00f3n f\u00edsica, desarrollarse como instructora de esqu\u00ed y\nfinalmente dedicarse al atletismo profesional, representando siempre a nuestra\nregi\u00f3n con orgullo en m\u00faltiples competencias nacionales e internacionales\nentreg\u00e1ndonos un sinf\u00edn de alegr\u00edas y j\u00fabilos. Uno de sus \u00faltimos logros, fue\ncompetir en el Wold Marathon Challenger, que consist\u00eda en correr 7 maratones, 7\nd\u00edas y en 7 continentes, obteniendo el primer lugar para Chile. <\/p>\n\n\n\n<p>Silvana Camelio pretende entregar sus conocimientos, su\nfuerza y su talento a todos los magall\u00e1nicos\/as en este proceso hist\u00f3rico que\nvivimos como pa\u00eds, con una visi\u00f3n estrat\u00e9gica del territorio, desde una\nperspectiva de g\u00e9nero y con un gran componente social.<\/p>\n\n\n\n<p>Para la Directiva Regional de Ev\u00f3poli y su Consejo Regional,\nla figura de Silvana Camelio representa fielmente los valores y principios de\neste partido, compartiendo la visi\u00f3n de un Chile m\u00e1s libre, m\u00e1s justo y m\u00e1s\ninclusivo.<\/p>\n\n\n\n<p>La Secretaria Regional de Ev\u00f3poli Magallanes, Daniela\nArecheta Borquez se\u00f1ala: \u201cSin lugar a duda, la figura de Silvana Camelio, su\nincre\u00edble trayectoria y vida personal, representa y encarna muy bien a la mujer\nmagall\u00e1nica; una mujer que se esfuerza y se saca la mugre por lograr sus metas\ny objetivos, que, aunque se caiga una y mil veces, se levanta para seguir\nadelante y destacarse como mujer independiente y luchadora. A t\u00edtulo personal\nme siento muy contenta que una mujer independiente como Silvana Camelio nos\nrepresente en la constituyente\u201d.<\/p>\n","protected":false},"excerpt":{"rendered":"<p>Durante la jornada del lunes 14 de diciembre del presente a\u00f1o, la institucionalidad de Ev\u00f3poli Magallanes ratific\u00f3 por medio de su cuerpo colegiado, el nombre de la destacada profesora y&#8230; <a class=\"read-more\" href=\"https:\/\/www.radiopresidenteibanez.cl\/web\/consejo-regional-de-evopoli-magallanes-ratifica-candidatura-independiente-de-destacada-deportista-magallanica-al-proceso-constituyente\/\">Leer m\u00e1s<\/a><\/p>\n","protected":false},"author":2,"featured_media":17182,"comment_status":"closed","ping_status":"closed","sticky":false,"template":"","format":"standard","meta":{"footnotes":""},"categories":[1],"tags":[],"class_list":["post-17181","post","type-post","status-publish","format-standard","has-post-thumbnail","hentry","category-cronica"],"_links":{"self":[{"href":"https:\/\/www.radiopresidenteibanez.cl\/web\/wp-json\/wp\/v2\/posts\/17181","targetHints":{"allow":["GET"]}}],"collection":[{"href":"https:\/\/www.radiopresidenteibanez.cl\/web\/wp-json\/wp\/v2\/posts"}],"about":[{"href":"https:\/\/www.radiopresidenteibanez.cl\/web\/wp-json\/wp\/v2\/types\/post"}],"author":[{"embeddable":true,"href":"https:\/\/www.radiopresidenteibanez.cl\/web\/wp-json\/wp\/v2\/users\/2"}],"replies":[{"embeddable":true,"href":"https:\/\/www.radiopresidenteibanez.cl\/web\/wp-json\/wp\/v2\/comments?post=17181"}],"version-history":[{"count":0,"href":"https:\/\/www.radiopresidenteibanez.cl\/web\/wp-json\/wp\/v2\/posts\/17181\/revisions"}],"wp:featuredmedia":[{"embeddable":true,"href":"https:\/\/www.radiopresidenteibanez.cl\/web\/wp-json\/wp\/v2\/media\/17182"}],"wp:attachment":[{"href":"https:\/\/www.radiopresidenteibanez.cl\/web\/wp-json\/wp\/v2\/media?parent=17181"}],"wp:term":[{"taxonomy":"category","embeddable":true,"href":"https:\/\/www.radiopresidenteibanez.cl\/web\/wp-json\/wp\/v2\/categories?post=17181"},{"taxonomy":"post_tag","embeddable":true,"href":"https:\/\/www.radiopresidenteibanez.cl\/web\/wp-json\/wp\/v2\/tags?post=17181"}],"curies":[{"name":"wp","href":"https:\/\/api.w.org\/{rel}","templated":true}]}}