{"id":17178,"date":"2020-12-22T01:55:02","date_gmt":"2020-12-22T01:55:02","guid":{"rendered":"https:\/\/www.radiopresidenteibanez.cl\/web\/?p=17178"},"modified":"2020-12-22T01:55:08","modified_gmt":"2020-12-22T01:55:08","slug":"estudiantes-pueden-conocer-desde-hoy-cual-sera-su-local-de-aplicacion-de-la-prueba-de-transicion-universitaria","status":"publish","type":"post","link":"https:\/\/www.radiopresidenteibanez.cl\/web\/estudiantes-pueden-conocer-desde-hoy-cual-sera-su-local-de-aplicacion-de-la-prueba-de-transicion-universitaria\/","title":{"rendered":"ESTUDIANTES PUEDEN CONOCER DESDE HOY CU\u00c1L SER\u00c1 SU LOCAL DE APLICACI\u00d3N DE LA PRUEBA DE TRANSICI\u00d3N UNIVERSITARIA"},"content":{"rendered":"\n<p>Un llamado a la responsabilidad de los estudiantes que rendir\u00e1n la Prueba\nde Transici\u00f3n Universitaria \u2013 PDT hizo el Seremi de Educaci\u00f3n de Magallanes,\nRodrigo Sep\u00falveda Tagle, al comenzar hoy el proceso de informaci\u00f3n de locales\nde aplicaci\u00f3n, que este a\u00f1o se realiza a trav\u00e9s de la p\u00e1gina <a href=\"http:\/\/acceso.mineduc.cl\">http:\/\/acceso.mineduc.cl<\/a>. De esta manera los 2.317 alumnos\ninscritos para rendir la PDT en la regi\u00f3n de Magallanes podr\u00e1n conocer en qu\u00e9\nlocal deben rendir su prueba, la sala y el d\u00eda que deber\u00e1n presentarse: 4 y 5 o\n7 y 8 de enero 2021.<\/p>\n\n\n\n<p>\u201cEl llamado es que a que todos los alumnos de cuarto medio puedan revisar y\nchequear su cartola que deber\u00e1n imprimir, en la cual vendr\u00e1n incluidos todos\nlos detalles: horario, fecha y lugar donde deben rendir su prueba. Invito a los\npadres y apoderados y alumnos a tomar los resguardos de distanciamiento social\npara no contagiarse durante las fiestas de fin de a\u00f1o. Eso les permitir\u00e1 estar\nsanos y tranquilos para rendir su prueba. Les pedimos que, en estas fechas que\nson tradicionalmente de encuentro familiar, en las que celebramos la navidad y\na\u00f1o nuevo, les pido a los estudiantes que tomen los resguardos necesarios como\ny evitemos problemas que les impidan rendir la prueba en la fecha que\ncorresponde\u201d, enfatiz\u00f3 el <strong>Seremi de educaci\u00f3n Rodrigo Sep\u00falveda Tagle<\/strong> al\ninformar los detalles del proceso.&nbsp;&nbsp; <\/p>\n\n\n\n<p><strong>Nuevo sistema de acceso a la\neducaci\u00f3n universitaria<\/strong><\/p>\n\n\n\n<p>Como parte del reemplazo de la PSU por la nueva Prueba de Transici\u00f3n, el\nSeremi de Educaci\u00f3n de Magallanes tambi\u00e9n record\u00f3 a los estudiantes que las\nnuevas pruebas obligatorias de Comprensi\u00f3n Lectora y Matem\u00e1ticas disminuir\u00e1n\nsus preguntas de 80 a 65, producto en gran parte de la menor cantidad de\ncontenidos que se consideran respecto de la PSU. \u201cDe esta forma, para la prueba\nque se llevar\u00e1 a cabo para la Admisi\u00f3n 2021, ya se suprimieron alrededor de un\ntercio de los contenidos o secciones de la antigua PSU que, de acuerdo con toda\nla evidencia, no eran esenciales y propiciaban inequidades entre los\nestudiantes. En concreto, se actualizaron los temarios de las pruebas\nobligatorias de Comprensi\u00f3n Lectora y Matem\u00e1ticas, adem\u00e1s de la prueba electiva\nde Historia. &nbsp;En el caso de\nCiencias, no se contempla un ajuste del temario, ya que, tanto en el m\u00f3dulo\ncom\u00fan como en los electivos, se consideran principalmente contenidos que se\nimparten hasta 3\u00b0 medio\u201d, agreg\u00f3 la autoridad. <\/p>\n\n\n\n<p>Junto a lo anterior, Rodrigo Sep\u00falveda Tagle tambi\u00e9n record\u00f3 que el\nnuevo Sistema de Acceso a la Educaci\u00f3n Universitaria a partir de este a\u00f1o es\nadministrado por la Subsecretar\u00eda de Educaci\u00f3n Superior y un comit\u00e9 t\u00e9cnico,\ncompuesto por rectores de diversas universidades. Este comit\u00e9 decidi\u00f3 enfocar\nla PDT para medir competencias y no s\u00f3lo conocimientos, como hasta ahora hac\u00eda\nla PSU (que estaba a cargo del Consejo de Rectores). La Prueba de Transici\u00f3n durar\u00e1 2 a\u00f1os. A partir del 2022, se tomar\u00e1 la nueva\nPrueba de Acceso.<\/p>\n\n\n\n<p><strong>Proceso incluir\u00e1 rigurosas medidas de seguridad<\/strong><\/p>\n\n\n\n<p>Los 268 mil postulantes a nivel nacional y los 2.317 a nivel regional ser\u00e1n\ndivididos en los dos grupos de manera aleatoria para que puedan rendir los\nex\u00e1menes obligatorios y electivos durante la misma semana de aplicaci\u00f3n. <\/p>\n\n\n\n<p>De acuerdo a los protocolos elaborados por la Mesa de Seguridad, para la\nrendici\u00f3n de las pruebas, los j\u00f3venes deber\u00e1n llegar a su local con tiempo\nsuficiente, con el objetivo de evitar aglomeraciones e ingresar luego de la\nrevisi\u00f3n de Carabineros, que estar\u00e1 custodiando los recintos y fiscalizando que\nlos asistentes no est\u00e9n en la n\u00f3mina de enfermos por COVID-19. \u201cEsto, porque\ntodos los estudiantes que al momento de rendir la prueba tengan un PCR Positivo\no est\u00e9n en cuarentena obligatoria certificada por el Ministerio de Salud podr\u00e1n\nexcusarse de asistir ese d\u00eda. En ese caso, ellos podr\u00e1n notificar su situaci\u00f3n\na trav\u00e9s del portal acceso.mineduc.cl, para que dicha informaci\u00f3n sea validada\ny, tras la confirmaci\u00f3n del Minsal, se les habilite para rendir la evaluaci\u00f3n\nen una fecha extraordinaria\u201d, asegur\u00f3 el Seremi de Educaci\u00f3n.&nbsp; <\/p>\n\n\n\n<p><strong>Protocolo sanitario<\/strong><\/p>\n\n\n\n<ol class=\"wp-block-list\"><li><strong>Locales de rendici\u00f3n: <\/strong>Para la aplicaci\u00f3n de las pruebas, se habilitar\u00e1n m\u00e1s de 700 locales a lo\nlargo del pa\u00eds que deber\u00e1n implementar los protocolos sanitarios elaborados\npara esta ocasi\u00f3n. En Magallanes se habilitar\u00e1n 9 locales en Punta Arenas, 2 en\nNatales, 1 en Porvenir y 1 en Puerto Williams. Entre ellos destaca que las\nsalas tendr\u00e1n un espacio suficiente para garantizar una distancia de al menos 1\nmetro lineal entre postulantes y se dispondr\u00e1n salas especiales para personas en\nsituaci\u00f3n de discapacidad. Las salas adem\u00e1s deber\u00e1n tener ventilaci\u00f3n natural permanente\ndurante la rendici\u00f3n de las pruebas y los recintos contar\u00e1n con v\u00edas de ingreso\ny salida diferenciadas.<\/li><li><strong>Sanitizaci\u00f3n e higienizaci\u00f3n: <\/strong>Los locales de aplicaci\u00f3n ser\u00e1n sanitizados el d\u00eda previo al proceso y se\ndemarcar\u00e1n en los ingresos y dentro de las salas las medidas de distanciamiento\nexigidas. Previo a la aplicaci\u00f3n de cada prueba, un equipo de auxiliares\npreviamente capacitado realizar\u00e1 la limpieza y desinfecci\u00f3n de los espacios\ncomunes, salas, ba\u00f1os, etc., la cual se efectuar\u00e1 tambi\u00e9n entre cada prueba y\nal t\u00e9rmino de cada jornada. <strong><\/strong><\/li><li><strong>Kit Sanitarios: <\/strong>El\nproceso considerar\u00e1 la entrega de Kit Sanitarios para los 26 mil colaboradores\nque facilitar\u00e1n la aplicaci\u00f3n, los que incluyen set de mascarillas, guantes\ndesechables, desinfectantes, alcohol gel, rociadores desinfectantes, pa\u00f1os de\nlimpieza especiales, etc. Considerando el tiempo de permanencia para la\nrendici\u00f3n de las pruebas, los postulantes deben llevar su mascarilla y una de\nrecambio, alcohol gel, l\u00e1piz grafito y goma de borrar, junto a su tarjeta de\nidentificaci\u00f3n y c\u00e9dula de identidad. En la eventualidad de que un\npostulante no llegue con los insumos sanitarios, cada local contar\u00e1 con un\nn\u00famero de mascarillas, alcohol gel, l\u00e1piz y goma de reemplazo. <\/li><li><strong>Ingreso de estudiantes y aplicaci\u00f3n de la prueba: <\/strong>Al momento de ingresar a los locales de rendici\u00f3n,\ntodas las personas, sin excepci\u00f3n, deber\u00e1n desinfectar sus manos con alcohol\ngel y seguir las instrucciones de ingreso, respetando siempre el metro lineal\nde distancia, con el fin de que los examinadores puedan verificar su identidad.\nEn cada local se fiscalizar\u00e1 que ning\u00fan postulante est\u00e9 con PCR Positivo o\ncuarentena obligatoria dictaminada por la autoridad sanitaria. <\/li><\/ol>\n","protected":false},"excerpt":{"rendered":"<p>Un llamado a la responsabilidad de los estudiantes que rendir\u00e1n la Prueba de Transici\u00f3n Universitaria \u2013 PDT hizo el Seremi de Educaci\u00f3n de Magallanes, Rodrigo Sep\u00falveda Tagle, al comenzar hoy&#8230; <a class=\"read-more\" href=\"https:\/\/www.radiopresidenteibanez.cl\/web\/estudiantes-pueden-conocer-desde-hoy-cual-sera-su-local-de-aplicacion-de-la-prueba-de-transicion-universitaria\/\">Leer m\u00e1s<\/a><\/p>\n","protected":false},"author":2,"featured_media":17179,"comment_status":"closed","ping_status":"closed","sticky":false,"template":"","format":"standard","meta":{"footnotes":""},"categories":[1],"tags":[],"class_list":["post-17178","post","type-post","status-publish","format-standard","has-post-thumbnail","hentry","category-cronica"],"_links":{"self":[{"href":"https:\/\/www.radiopresidenteibanez.cl\/web\/wp-json\/wp\/v2\/posts\/17178","targetHints":{"allow":["GET"]}}],"collection":[{"href":"https:\/\/www.radiopresidenteibanez.cl\/web\/wp-json\/wp\/v2\/posts"}],"about":[{"href":"https:\/\/www.radiopresidenteibanez.cl\/web\/wp-json\/wp\/v2\/types\/post"}],"author":[{"embeddable":true,"href":"https:\/\/www.radiopresidenteibanez.cl\/web\/wp-json\/wp\/v2\/users\/2"}],"replies":[{"embeddable":true,"href":"https:\/\/www.radiopresidenteibanez.cl\/web\/wp-json\/wp\/v2\/comments?post=17178"}],"version-history":[{"count":0,"href":"https:\/\/www.radiopresidenteibanez.cl\/web\/wp-json\/wp\/v2\/posts\/17178\/revisions"}],"wp:featuredmedia":[{"embeddable":true,"href":"https:\/\/www.radiopresidenteibanez.cl\/web\/wp-json\/wp\/v2\/media\/17179"}],"wp:attachment":[{"href":"https:\/\/www.radiopresidenteibanez.cl\/web\/wp-json\/wp\/v2\/media?parent=17178"}],"wp:term":[{"taxonomy":"category","embeddable":true,"href":"https:\/\/www.radiopresidenteibanez.cl\/web\/wp-json\/wp\/v2\/categories?post=17178"},{"taxonomy":"post_tag","embeddable":true,"href":"https:\/\/www.radiopresidenteibanez.cl\/web\/wp-json\/wp\/v2\/tags?post=17178"}],"curies":[{"name":"wp","href":"https:\/\/api.w.org\/{rel}","templated":true}]}}