{"id":17176,"date":"2020-12-22T01:50:51","date_gmt":"2020-12-22T01:50:51","guid":{"rendered":"https:\/\/www.radiopresidenteibanez.cl\/web\/?p=17176"},"modified":"2020-12-22T01:50:56","modified_gmt":"2020-12-22T01:50:56","slug":"sernac-estara-fiscalizando-cumplimiento-de-plazos-de-tickets-de-cambio-y-condiciones-de-la-garantia-legal","status":"publish","type":"post","link":"https:\/\/www.radiopresidenteibanez.cl\/web\/sernac-estara-fiscalizando-cumplimiento-de-plazos-de-tickets-de-cambio-y-condiciones-de-la-garantia-legal\/","title":{"rendered":"SERNAC ESTAR\u00c1 FISCALIZANDO CUMPLIMIENTO DE PLAZOS DE TICKETS DE CAMBIO Y CONDICIONES DE LA GARANT\u00cdA LEGAL"},"content":{"rendered":"\n<p>Considerando la cercan\u00eda de navidad y las\nparticularidades de la pandemia, el SERNAC estar\u00e1 fiscalizando el cumplimiento\nde las condiciones de la garant\u00eda legal de los productos, poniendo especial\natenci\u00f3n a lo que est\u00e1n ofreciendo las empresas para el cambio voluntario de\nlas compras.<\/p>\n\n\n\n<p>El organismo ha definido una serie de\nbuenas pr\u00e1cticas en la materia, especialmente considerando que algunas tiendas\nimpiden la prueba de las prendas o productos como parte de sus protocolos\nsanitarios propios para evitar contagios.<\/p>\n\n\n\n<p>El Director del SERNAC, Lucas Del Villar,\nexplica que un consumidor que no pudo probarse determinada prenda, aun cuando\nconozca la talla, el material, modelo y color, no tiene la informaci\u00f3n\nnecesaria respecto de otras caracter\u00edsticas relevantes del producto (como su\nentalle, ca\u00edda, elasticidad, ligereza, entre otras) que afectar\u00e1n su intenci\u00f3n\nde compra. En otras palabras, \u201cel consumidor que no puede probarse una prenda,\nterminar\u00e1 comprando el producto en base a expectativas incompletas, que no\ncoincidir\u00e1n con su fisonom\u00eda, caracter\u00edsticas personales, su necesidad o sus\nleg\u00edtimas expectativas\u201d. <\/p>\n\n\n\n<p>En este escenario, si bien las razones se\nbasan en recomendaciones sanitarias, la empresa impide al consumidor el acceso\noportuno a la informaci\u00f3n completa del producto, necesaria para determinar su\nintenci\u00f3n de compra, inst\u00e1ndole a comprar con una informaci\u00f3n a medias que s\u00f3lo\nser\u00e1 satisfecha cuando pueda probarse la prenda, vestimenta o calzado, entre\notros productos.<\/p>\n\n\n\n<p>Por tanto, para la autoridad, ello\njustifica que las empresas entreguen un mayor plazo y facilidades distintas a\nun per\u00edodo normal, pudiendo hacer aplicable la extensi\u00f3n del plazo tambi\u00e9n a\nlas normas de la triple opci\u00f3n o garant\u00eda legal, adem\u00e1s de las voluntarias o\npor gusto.<\/p>\n\n\n\n<p>Recordemos que cuando un producto sale\nmalo o no es apto para el uso al que est\u00e1 destinado, los\nconsumidores tienen derecho a exigir el cambio, la devoluci\u00f3n de lo pagado o la\nreparaci\u00f3n del producto a su elecci\u00f3n, con indemnizaci\u00f3n de perjuicios, en caso\nde existir da\u00f1os o perjuicios. <\/p>\n\n\n\n<p>Algunos productos como electrodom\u00e9sticos\nhabitualmente requieren de un primer diagn\u00f3stico en los servicios t\u00e9cnicos,\npero luego de eso, los consumidores tienen derecho a exigir las opciones si el\nproducto tiene da\u00f1os no atribuibles a su uso.<\/p>\n\n\n\n<p>Por\notra parte, est\u00e1n los tickets de cambio que pueden ser \u201cgarant\u00edas de\nsatisfacci\u00f3n\u201d, que operan como un ofrecimiento que realizan las empresas\nvoluntariamente para que los consumidores cambien el producto porque no les\ngust\u00f3 o no le qued\u00f3 la talla. En un contexto normal, suelen ofrecer 10 d\u00edas\npara ello, no obstante, el SERNAC realiz\u00f3 un levantamiento e identific\u00f3 que las\nempresas est\u00e1n ofreciendo mayores plazos, aunque con algunas particularidades y\nrestricciones.<\/p>\n\n\n\n<p>En un barrido de las principales empresas<a href=\"#_ftn1\"><sup>[1]<\/sup><\/a>,\nse identificaron pol\u00edticas distintas de cambios, que van desde los 10 hasta los\n60 d\u00edas.&nbsp; Algunas empresas ofrecen plazos\ndiferentes seg\u00fan el tipo de producto, incluso con retiro en el domicilio.<\/p>\n\n\n\n<figure class=\"wp-block-table\"><table class=\"\"><tbody><tr><td>\n  <strong>Tienda<\/strong>\n  <\/td><td>\n  <strong>Pol\u00edtica de cambio<\/strong>\n  <\/td><td>\n  <strong>Modalidad<\/strong>\n  <\/td><\/tr><tr><td>\n  Falabella\n  <\/td><td>\n  30 d\u00edas con\n  embalaje original (algunas categor\u00edas sin ser abiertos)<br>\n  90 d\u00edas para coches.\n  <\/td><td>\n  Presencial o con\n  retiro en domicilio previo contacto. No se se\u00f1alan cobros espec\u00edficos.\n  <\/td><\/tr><tr><td>\n  Ripley\n  <\/td><td>\n  10 o 30 d\u00edas\n  corridos dependiendo de la categor\u00eda de producto.\n  <\/td><td>\n  Presencial o con\n  retiro en domicilio con cobro por retiro a cargo del consumidor.\n  <\/td><\/tr><tr><td>\n  Paris\n  <\/td><td>\n  Devoluci\u00f3n: 10\n  d\u00edas corridos (embalaje y sellos intactos).\n  <br>\n  Cambio: 60 d\u00edas corridos para productos de f\u00e1cil traslado (embalajes y sellos\n  intactos).\n  <\/td><td>\n  Presencial para\n  productos de f\u00e1cil traslado. Retiro a domicilio para dif\u00edcil traslado (sin\n  costo en caso de falla).\n  <\/td><\/tr><tr><td>\n  La Polar\n  <\/td><td>\n  10 d\u00edas.\n  <\/td><td>\n  Presencial o con\n  retiro en domicilio gratuito si hubo cobro por env\u00edo.\n  <\/td><\/tr><tr><td>\n  ABC\/DIN\n  <\/td><td>\n  10 d\u00edas salvo\n  motocicletas.\n  <\/td><td>\n  Presencial o\n  rechazando el producto en la entrega.\n  <\/td><\/tr><tr><td>\n  Sodimac\n  <\/td><td>\n  15 d\u00edas con\n  embalaje original.\n  <\/td><td>\n  Presencial o con\n  retiro en domicilio previo contacto. Se reserva el derecho a la empresa de realizar\n  visita t\u00e9cnica. El costo de despacho original no es devuelto.\n  <\/td><\/tr><tr><td>\n  Easy\n  <\/td><td>\n  30 d\u00edas con\n  embalaje original.\n  <\/td><td>\n  Presencial para\n  productos de f\u00e1cil traslado. Retiro a domicilio para dif\u00edcil traslado (sin\n  costo en caso de falla).\n  <\/td><\/tr><\/tbody><\/table><\/figure>\n\n\n\n<p>El Director del SERNAC, Lucas Del Villar,\nrecord\u00f3 a las empresas que pese a que el cambio por gusto es un ofrecimiento\nvoluntario, en el contexto de pandemia, se deben extender los plazos y dar\nfacilidades dado que el consumidor no puede tener acceso al producto como en un\ncontexto normal.<\/p>\n\n\n\n<p>Asimismo, una vez que se informa el plazo\nde cambio, debe cumplirse. \u201cHemos detectado en los reclamos recibidos este a\u00f1o\nque pese a que hay empresas que ofrecen plazos y facilidades para los cambios,\nno lo est\u00e1n cumpliendo en todos los casos. Se prometen retiros en domicilio o\nllamados de vuelta que nunca ocurren\u201d.<\/p>\n\n\n\n<p>Respecto a la garant\u00eda legal, \u201clos\nconsumidores se quejan de que pasan meses sin respuesta y sin poder usar\nproductos que compraron; que se les niega la triple opci\u00f3n condicionando s\u00f3lo\nal cambio o la reparaci\u00f3n; o bien las tiendas se desentienden,\nresponsabilizando a los servicios t\u00e9cnicos o a las dificultades de la\nemergencia sanitaria. La pandemia no es excusa para no mantener la comunicaci\u00f3n\ncon los consumidores y resolver sus problemas. Hoy m\u00e1s que nunca los\nconsumidores necesitan facilidades y no dificultades\u201d, enfatiz\u00f3 Del Villar.<\/p>\n\n\n\n<p>Por eso el SERNAC estar\u00e1 fiscalizando,\nespecialmente en los d\u00edas posteriores a Navidad, que es cuando se estima que se\nrecibir\u00e1 el mayor n\u00famero de reclamos, si las empresas cumplen o no con las\ncondiciones ofrecidas en los cambios de regalos.<\/p>\n\n\n\n<p>La autoridad llam\u00f3 a las empresas a tener\nla mayor flexibilidad y extender los plazos para el ejercicio del cambio a\nvoluntad para evitar aglomeraciones que puedan ser riesgosas para la salud.<\/p>\n\n\n\n<p>Asimismo, record\u00f3 a los consumidores que\nsu derecho a la garant\u00eda legal de los productos que salen malos se mantiene\nintacto \u201cy si no existe posibilidad de ejercerlo en las tiendas f\u00edsicas por las\nrestricciones de la pandemia, el plazo de tres meses para ejercerlo se suspende\nhasta que puedan hacerlo\u201d. <\/p>\n\n\n\n<p><strong>Radiograf\u00eda de los reclamos<\/strong><\/p>\n\n\n\n<p>Desde el <strong>1 de marzo hasta el 9 de diciembre<\/strong> de este a\u00f1o 2020, el SERNAC ha\nrecibido <strong>30.073 <\/strong>reclamos por\nproblemas para ejercer el derecho a <strong>garant\u00eda\nlegal<\/strong>. Durante el mismo per\u00edodo del a\u00f1o pasado [2019], el Servicio\nrecepcion\u00f3 <strong>18.960 reclamos<\/strong>. Esto\nrepresenta un aumento de un <strong>58%.<\/strong> <\/p>\n\n\n\n<p><strong>\u00bfQu\u00e9 reclaman los consumidores?<\/strong><\/p>\n\n\n\n<p>Cerca de un 80% de los reclamos de\ngarant\u00eda se refieren a inconvenientes relacionados con la no devoluci\u00f3n del\ndinero o que las empresas no permiten el cambio de los productos con fallas.<\/p>\n\n\n\n<p>En los primeros meses de la pandemia, los\nconsumidores reclamaron <strong>la dificultad de\nejercer el derecho de garant\u00eda (efectuar el cambio) <\/strong>por problemas de\ncontactabilidad con las empresas, o por el condicionamiento de las empresas a\nejercer la garant\u00eda legal, previo env\u00edo del producto al servicio t\u00e9cnico. Ese\ncomportamiento cambia desde <strong>el mes de\nseptiembre<\/strong>, donde se observa que la categor\u00eda m\u00e1s reclamada comienza a ser\nla negativa a devolver el dinero<strong>.<\/strong><\/p>\n\n\n\n<p>Los submercados m\u00e1s reclamados est\u00e1n\nliderados por <strong>\u201ctiendas por departamento<\/strong>\u201d\ncon el 48% de los reclamos en esta materia (14.607); seguido por \u201cventas por\ninternet\u201d con el 8% (2.407); y \u201ctiendas medianas y peque\u00f1as\u201d con el 7% (2.158).\n<\/p>\n\n\n\n<p>Las empresas m\u00e1s reclamadas (sin\nconsiderar participaci\u00f3n de mercado o nivel de transacciones), las encabeza\nFalabella (14,7%), Ripley (12,1%) y Paris (9,4%). Es decir, estas tres\ncompa\u00f1\u00edas concentran un 32,3% del total de los reclamos relacionados con\ngarant\u00eda. <\/p>\n\n\n\n<p>En un an\u00e1lisis cualitativo de los\nreclamos los consumidores describen las siguientes dificultades:<\/p>\n\n\n\n<ul class=\"wp-block-list\"><li>Las empresas limitan el ejercicio de la triple opci\u00f3n cuando el\nconsumidor solicita cambio o devoluci\u00f3n<strong>,\ns\u00f3lo a la reparaci\u00f3n<\/strong>, derivando al servicio t\u00e9cnico.<ul><li>Condicionamiento a ejercer la garant\u00eda legal previo env\u00edo del producto\nal servicio t\u00e9cnico.<\/li><\/ul><ul><li><strong>Las empresas o el servicio t\u00e9cnico<\/strong> se comprometen a contactar al consumidor\nque reporta la falla, pero no cumplen. Esta es la conducta que se observa con\nmayor frecuencia, y se puede evidenciar en los siguientes reclamos: <\/li><\/ul><\/li><\/ul>\n\n\n\n<figure class=\"wp-block-table\"><table class=\"\"><tbody><tr><td>\n  <strong>Ejemplo reclamos:<\/strong>\n  &nbsp;\n  <strong><em>\u201c<\/em><\/strong><em>Compr\u00e9 anteojos para lectura para un adulto mayor imposibilitado\n  de acudir personalmente a comprar. Al llegar a casa se prob\u00f3 los lentes y no\n  le ajustaban a su cabeza. Son con im\u00e1n y no calzaban. Luego fui a efectuar el\n  cambio del producto y poco menos que me pegaron, aludiendo que el producto\n  estaba fuera de su caja sellada. Ahora, si ellos saben c\u00f3mo probarse un lente\n  dentro de la caja, sin abrirla\u2026no s\u00e9 qu\u00e9 clase de magia habr\u00eda que aplicar.\n  Me trataron de mala manera y me negaron cualquier tipo de soluci\u00f3n<strong>\u201d.<\/strong><\/em>\n  &nbsp;\n  <em>\u201cRecib\u00ed un sof\u00e1 en mal estado y he\n  solicitado el retiro en varias oportunidades (al menos tres). Coordinan,\n  indican hora de llegada para el retiro pero no aparecen\u201d. <\/em>\n  &nbsp;\n  <em>\u201c(\u2026) compr\u00e9 un disfraz talla 6-8 este\n  supermercado, pero eleg\u00ed una talla muy chica. Fui a cambiarlo y me dice el\n  encargado de la tienda que no realizan cambios de ropa POR EL CORONAVIRUS,\n  pero tampoco permiten probarse\u201d.<\/em>\n  &nbsp;\n  <em>\u201cCompr\u00e9 un celular en esta empresa el cual\n  ha presentado fallas antes de los tres meses. Cuando llamo, me dicen que no\n  me escuchan bien y me he comunicado con la empresa para hacer efectiva la\n  garant\u00eda legal pero me dejan 45 minutos esperando y cortan el llamado\u201d<\/em>\n  <em>&nbsp;<\/em>\n  <em>\u201cEl 01 de julio lleg\u00f3 una compra de un\n  computador. S\u00f3lo prende el teclado y la pantalla queda apagada. Hice el\n  reclamo y <strong>me indicaron que dentro de\n  72 hrs se comunicar\u00edan y no lo hicieron<\/strong>. Ni la marca ni la tienda se\n  hacen responsables\u201d.<\/em>\n  &nbsp;\n  <em>\u201cRecib\u00ed un skate Hover board en mal estado<strong>. Ped\u00ed la devoluci\u00f3n de dinero<\/strong> y me\n  vinieron a retirar (el) producto. <strong>Han\n  pasado m\u00e1s de 2 meses y no me dan soluci\u00f3n. He llamado m\u00e1s de 20 veces<\/strong> y\n  me dicen que se comunicaran conmigo en un plazo m\u00e1ximo de 72 horas. Cada vez\n  que llamo me piden mail y tel\u00e9fono de contacto y no me han contactado nunca.\n  Despu\u00e9s de innumerables llamados, pido si puedo escalar a otro call center\n  porque no estoy teniendo soluci\u00f3n y la respuesta m\u00e1s de 10 veces ha sido que\n  no se puede hacer m\u00e1s. No contestan, no dan soluciones y ya han pasado m\u00e1s de\n  tres meses que compr\u00e9 un producto que lleg\u00f3 defectuoso. Me siento realmente\n  pasado a llevar\u201d.<\/em>\n  &nbsp;\n  <em>\u201cEl d\u00eda 14.08.2019 recib\u00ed el colch\u00f3n que\n  hab\u00eda comprado en la tienda d\u00edas antes por $329.990 el cual present\u00f3 una\n  falla en enero del 2020. Se desprendi\u00f3 la parte superior completa del\n  colch\u00f3n, <strong>una falla de fabricaci\u00f3n<\/strong>.\n  Quise reclamar en la tienda pero \u00e9sta se hab\u00eda mantenido cerrada desde\n  octubre del 2019. Busqu\u00e9 por call center n\u00famero de atenci\u00f3n al cliente, <strong>los cuales no atend\u00edan. Present\u00e9\n  requerimientos a los correos tanto a la marca como a la tienda, los cuales no\n  respondieron. Reci\u00e9n en septiembre la tienda me responde que no se har\u00e1n\n  responsables del hecho en virtud de tiempo transcurrido<\/strong>, raz\u00f3n que\n  encuentro improcedente ya que no pude tomar contacto con la empresa debido a\n  que esta se manten\u00eda cerrada y su call center no respond\u00eda\u201d. <\/em>\n  &nbsp;\n  <em>\u201cEl d\u00eda 11.11.2020 compr\u00e9 una cocina por la\n  cual pague $343.570. Despu\u00e9s de 3 d\u00edas de uso trat\u00e9 de utilizar el horno pero\n  este no prend\u00eda, por lo cual y ampar\u00e1ndome en la garant\u00eda legal, llev\u00e9 mi\n  requerimiento para la reparaci\u00f3n gratuita a la tienda<strong>. Ah\u00ed me dicen que primero debo contactar al servicio t\u00e9cnico,\n  condicionando el ejercicio de la garant\u00eda por esto. Llamo al servicio t\u00e9cnico\n  pero \u00e9ste no logra atenderme, ya que por la contingencia y como est\u00e1 muy\n  ocupado, no tiene tiempo para ir a revisar el producto. Se agend\u00f3 una visita\n  t\u00e9cnica para el d\u00eda 18.11.2020, pero el t\u00e9cnico no lleg\u00f3. Finalmente no me\n  dan ninguna soluci\u00f3n\u201d.<\/strong> <\/em>\n  &nbsp;\n  &nbsp;\n  <\/td><\/tr><\/tbody><\/table><\/figure>\n\n\n\n<hr class=\"wp-block-separator\"\/>\n\n\n\n<p><\/p>\n","protected":false},"excerpt":{"rendered":"<p>Considerando la cercan\u00eda de navidad y las particularidades de la pandemia, el SERNAC estar\u00e1 fiscalizando el cumplimiento de las condiciones de la garant\u00eda legal de los productos, poniendo especial atenci\u00f3n&#8230; <a class=\"read-more\" href=\"https:\/\/www.radiopresidenteibanez.cl\/web\/sernac-estara-fiscalizando-cumplimiento-de-plazos-de-tickets-de-cambio-y-condiciones-de-la-garantia-legal\/\">Leer m\u00e1s<\/a><\/p>\n","protected":false},"author":2,"featured_media":7482,"comment_status":"closed","ping_status":"closed","sticky":false,"template":"","format":"standard","meta":{"footnotes":""},"categories":[1],"tags":[],"class_list":["post-17176","post","type-post","status-publish","format-standard","has-post-thumbnail","hentry","category-cronica"],"_links":{"self":[{"href":"https:\/\/www.radiopresidenteibanez.cl\/web\/wp-json\/wp\/v2\/posts\/17176","targetHints":{"allow":["GET"]}}],"collection":[{"href":"https:\/\/www.radiopresidenteibanez.cl\/web\/wp-json\/wp\/v2\/posts"}],"about":[{"href":"https:\/\/www.radiopresidenteibanez.cl\/web\/wp-json\/wp\/v2\/types\/post"}],"author":[{"embeddable":true,"href":"https:\/\/www.radiopresidenteibanez.cl\/web\/wp-json\/wp\/v2\/users\/2"}],"replies":[{"embeddable":true,"href":"https:\/\/www.radiopresidenteibanez.cl\/web\/wp-json\/wp\/v2\/comments?post=17176"}],"version-history":[{"count":0,"href":"https:\/\/www.radiopresidenteibanez.cl\/web\/wp-json\/wp\/v2\/posts\/17176\/revisions"}],"wp:featuredmedia":[{"embeddable":true,"href":"https:\/\/www.radiopresidenteibanez.cl\/web\/wp-json\/wp\/v2\/media\/7482"}],"wp:attachment":[{"href":"https:\/\/www.radiopresidenteibanez.cl\/web\/wp-json\/wp\/v2\/media?parent=17176"}],"wp:term":[{"taxonomy":"category","embeddable":true,"href":"https:\/\/www.radiopresidenteibanez.cl\/web\/wp-json\/wp\/v2\/categories?post=17176"},{"taxonomy":"post_tag","embeddable":true,"href":"https:\/\/www.radiopresidenteibanez.cl\/web\/wp-json\/wp\/v2\/tags?post=17176"}],"curies":[{"name":"wp","href":"https:\/\/api.w.org\/{rel}","templated":true}]}}