{"id":17173,"date":"2020-12-22T03:00:00","date_gmt":"2020-12-22T03:00:00","guid":{"rendered":"https:\/\/www.radiopresidenteibanez.cl\/web\/?p=17173"},"modified":"2020-12-21T17:52:54","modified_gmt":"2020-12-21T17:52:54","slug":"sercotec-inyecta-220-millones-al-sector-turismo-de-magallanes","status":"publish","type":"post","link":"https:\/\/www.radiopresidenteibanez.cl\/web\/sercotec-inyecta-220-millones-al-sector-turismo-de-magallanes\/","title":{"rendered":"SERCOTEC INYECTA $220 MILLONES AL SECTOR TURISMO DE MAGALLANES"},"content":{"rendered":"\n<p>A\ntrav\u00e9s de una videoconferencia se notific\u00f3 a 88 pymes del sector turismo, que\nhab\u00edan sido beneficiadas con el programa regional React\u00edvate Impulsa Turismo de\nSercotec, que en Magallanes entreg\u00f3 $220 millones de pesos en total.<\/p>\n\n\n\n<p>Destacar\nque este programa es financiado por el Gobierno Regional a trav\u00e9s del Fondo de\nDesarrollo de Magallanes (Fondema). <\/p>\n\n\n\n<p>Al\nrespecto, la Intendenta de la Regi\u00f3n, Jenniffer Rojas, sostuvo \u201cuna excelente\nnoticia dimos a 88 pymes del sector turismo se adjudicaron el React\u00edvate\nImpulsa Turismo de Fondema. Este es seguir sellando nuestro compromiso con\nquienes lo han pasado mal durante esta pandemia, en especial el sector turismo.\nAs\u00ed que la invitaci\u00f3n a seguir postulando, seguiremos levantando fondos, tanto\ndel nivel sectorial como regional a trav\u00e9s de Sercotec para ustedes\u201d.<\/p>\n\n\n\n<p>Por\nsu parte, la Directora Regional de Sercotec, Mar\u00eda Soledad Solo de Zald\u00edvar,\ncoment\u00f3 que \u201ctuvimos una video con 88 pymes del sector turismo, quienes\npostularon a nuestro programa y fueron beneficiados. Cada uno con 2 millones y\nmedio, estos son gracias a fondos del Gobierno Regional, donde pudimos\nbeneficiar a estas 88 pymes con m\u00e1s de 220 millones de pesos. Nuestro\ncompromiso como Gobierno y como Sercotec es seguir trabajando y apoyando a las\npymes de nuestra Regi\u00f3n\u201d<\/p>\n\n\n\n<p>Se\u00f1alar\nque con estos fondos, que son $2.500.000 por beneficiario\/a, podr\u00e1n financiar\nactivos fijos, capital de trabajo, tales como: materias primas y materiales,\nmercader\u00eda, arriendos, sueldos, pago de consumos b\u00e1sicos, cuotas de cr\u00e9dito y gastos\nen promoci\u00f3n, publicidad y difusi\u00f3n.<\/p>\n\n\n\n<p>La\nconvocatoria estaba dirigida a empresas del sector turismo y los requisitos\npara postular eran: ser empresa, persona natural y\/o jur\u00eddica, pertenecientes\nal rubro tur\u00edstico, con iniciaci\u00f3n de actividades en primera categor\u00eda, hasta\nel 31 de octubre de 2019 y estar vigente al inicio de la convocatoria. Adem\u00e1s,\nlas empresas deb\u00edan contar con ventas netas acumuladas mayores a 0 (cero) e\ninferiores o iguales a 15.000 UF, entre noviembre 2019 y octubre 2020.&nbsp; Asimismo, deb\u00edan tener domicilio comercial en\nla regi\u00f3n de Magallanes y no ser beneficiarios de los programas React\u00edvate\n2020. Se\u00f1alar que para participar en esta convocatoria las empresas deb\u00edan\nhaber tenido una disminuci\u00f3n de ventas.<\/p>\n\n\n\n<p>Para\nm\u00e1s informaci\u00f3n de los programas de Sercotec y\/o actividades relacionadas\nvisita la p\u00e1gina web <a href=\"http:\/\/www.sercotec.cl\">www.sercotec.cl<\/a> o cont\u00e1ctanos en redes sociales Facebook, Instagram y Twitter.<\/p>\n","protected":false},"excerpt":{"rendered":"<p>A trav\u00e9s de una videoconferencia se notific\u00f3 a 88 pymes del sector turismo, que hab\u00edan sido beneficiadas con el programa regional React\u00edvate Impulsa Turismo de Sercotec, que en Magallanes entreg\u00f3&#8230; <a class=\"read-more\" href=\"https:\/\/www.radiopresidenteibanez.cl\/web\/sercotec-inyecta-220-millones-al-sector-turismo-de-magallanes\/\">Leer m\u00e1s<\/a><\/p>\n","protected":false},"author":2,"featured_media":17174,"comment_status":"closed","ping_status":"closed","sticky":false,"template":"","format":"standard","meta":{"footnotes":""},"categories":[1],"tags":[],"class_list":["post-17173","post","type-post","status-publish","format-standard","has-post-thumbnail","hentry","category-cronica"],"_links":{"self":[{"href":"https:\/\/www.radiopresidenteibanez.cl\/web\/wp-json\/wp\/v2\/posts\/17173","targetHints":{"allow":["GET"]}}],"collection":[{"href":"https:\/\/www.radiopresidenteibanez.cl\/web\/wp-json\/wp\/v2\/posts"}],"about":[{"href":"https:\/\/www.radiopresidenteibanez.cl\/web\/wp-json\/wp\/v2\/types\/post"}],"author":[{"embeddable":true,"href":"https:\/\/www.radiopresidenteibanez.cl\/web\/wp-json\/wp\/v2\/users\/2"}],"replies":[{"embeddable":true,"href":"https:\/\/www.radiopresidenteibanez.cl\/web\/wp-json\/wp\/v2\/comments?post=17173"}],"version-history":[{"count":0,"href":"https:\/\/www.radiopresidenteibanez.cl\/web\/wp-json\/wp\/v2\/posts\/17173\/revisions"}],"wp:featuredmedia":[{"embeddable":true,"href":"https:\/\/www.radiopresidenteibanez.cl\/web\/wp-json\/wp\/v2\/media\/17174"}],"wp:attachment":[{"href":"https:\/\/www.radiopresidenteibanez.cl\/web\/wp-json\/wp\/v2\/media?parent=17173"}],"wp:term":[{"taxonomy":"category","embeddable":true,"href":"https:\/\/www.radiopresidenteibanez.cl\/web\/wp-json\/wp\/v2\/categories?post=17173"},{"taxonomy":"post_tag","embeddable":true,"href":"https:\/\/www.radiopresidenteibanez.cl\/web\/wp-json\/wp\/v2\/tags?post=17173"}],"curies":[{"name":"wp","href":"https:\/\/api.w.org\/{rel}","templated":true}]}}