{"id":17170,"date":"2020-12-22T02:45:00","date_gmt":"2020-12-22T02:45:00","guid":{"rendered":"https:\/\/www.radiopresidenteibanez.cl\/web\/?p=17170"},"modified":"2020-12-21T17:17:26","modified_gmt":"2020-12-21T17:17:26","slug":"conadi-lanzo-por-primera-vez-concurso-de-subsidios-de-tierras-100-digital","status":"publish","type":"post","link":"https:\/\/www.radiopresidenteibanez.cl\/web\/conadi-lanzo-por-primera-vez-concurso-de-subsidios-de-tierras-100-digital\/","title":{"rendered":"CONADI LANZ\u00d3 POR PRIMERA VEZ CONCURSO DE SUBSIDIOS DE TIERRAS 100% DIGITAL"},"content":{"rendered":"\n<p>Con el objetivo de potenciar la participaci\u00f3n en el\n18\u00ba concurso subsidio de adquisici\u00f3n de tierras por ind\u00edgenas, la Corporaci\u00f3n\nNacional de Desarrollo Ind\u00edgena, CONADI, dio inicio a las postulaciones en\nmodalidad 100% online&nbsp; mediante el\nsistema de Clave \u00danica otorgada por Servicio Registro Civil e Identificaci\u00f3n.<\/p>\n\n\n\n<p>Este beneficio, uno de los m\u00e1s significativos que entrega CONADI, genera\nun gran impacto en la vida de las personas y las comunidades, quienes luego de\nadquirir tierras con el subsidio, pueden acceder a una serie de beneficios que\notorga el Estado, as\u00ed como los mismos apoyos productivos que entrega CONADI y\notros organismos p\u00fablicos.<\/p>\n\n\n\n<p>\u201cEstamos contentos de traer una noticia muy\nesperada por las comunidades: hemos abierto un nuevo concurso de tierras que\nesta vez va a ser 100% online. Podemos ingresar todos los antecedentes y hacer\nla postulaci\u00f3n en www.conadi.gob.cl\u201d, se\u00f1al\u00f3 Karla Rubilar, Ministra de\nDesarrollo Social y Familia, explicando que \u201cAs\u00ed, en este a\u00f1o dif\u00edcil de\npandemia podremos seguir cuid\u00e1ndonos. Se abrir\u00e1 la postulaci\u00f3n a partir del 28\nde diciembre, durante un mes, y esperamos efectivamente cumplir el anhelo de\nmuchas comunidad, tener la tierra que merecen\u201d.<\/p>\n\n\n\n<p>\u201cEstamos lanzando el 18\u00b0 concurso subsidio para\nadquisici\u00f3n de tierras por ind\u00edgenas de CONADI\u201d, anunci\u00f3 Ignacio Malig Meza,\nDirector Nacional de CONADI, explicando que \u201cpor primera vez este concurso, en\ncontexto de pandemia y gracias a los avances tecnol\u00f3gicos de la modernizaci\u00f3n\ndel Estado, vamos a realizar 100% online. A partir del 28 de diciembre de este\na\u00f1o y durante un mes estar\u00e1n abiertas las postulaciones en todas las oficinas\nde CONADI y en nuestra p\u00e1gina web para que desde este lunes puedan descargar\ntoda la informaci\u00f3n necesaria para postular a este subsidio que entrega hasta\n25 millones de pesos para cada beneficiario\u201d.<\/p>\n\n\n\n<p><strong>Trabajar la\ntierra<\/strong><\/p>\n\n\n\n<p>En este mismo sentido, opinaron beneficiarios\nmapuche del 17 \u00b0 concurso, quienes recibieron sus certificados recientemente,\nen ceremonias presididas por el Director Nacional de la CONADI, Ignacio Malig.<\/p>\n\n\n\n<p>\u201cAgradezco ser beneficiario de estas tierras que\ncompramos a trav\u00e9s de CONADI y estoy feliz de estar aqu\u00ed en representaci\u00f3n de\nmis hermanos, somos tres beneficiados. Este es un gran logro para nosotros, no\nten\u00edamos tierras, por lo que ahora vamos a poder trabajar la tierra en\nbeneficio de nosotros y de nuestra comunidad\u201d, explic\u00f3 el beneficiario Rodrigo\nNehue\u00f1an.<\/p>\n\n\n\n<p>\u201cPostulamos y gracias a dios salimos favorecidos con\nel subsidio y estoy emocionado porque ahora puedo volver al campo, algo que\ntoda mi vida he anhelado, porque ser campesino lo llevo en la sangre\u201d, agreg\u00f3\nAnselmo Ba\u00f1ares.<\/p>\n\n\n\n<p><strong>Aporte\ndirecto<\/strong><\/p>\n\n\n\n<p>Cabe mencionar que este subsidio de CONADI es un\naporte estatal directo, sin cargo de restituci\u00f3n, destinado para la adquisici\u00f3n\nde tierras, a quienes resulten beneficiados por el concurso. <\/p>\n\n\n\n<p>A trav\u00e9s de \u00e9l se permite acceder a un aporte de\nhasta $25 millones para la adquisici\u00f3n de tierras por parte de personas,\ncomunidades o parte de comunidades ind\u00edgenas que no tienen territorio\nsuficiente para desarrollar sus proyectos.<\/p>\n\n\n\n<p>Quienes est\u00e9n interesados en postular al subsidio\npara la adquisici\u00f3n de tierras deben ingresar a la p\u00e1gina web www.conadi.gob.cl\ny seguir las instrucciones de postulaci\u00f3n, para lo cual incluso se puede\ndescargar un \u201cManual de Postulaci\u00f3n en L\u00ednea\u201d.<\/p>\n","protected":false},"excerpt":{"rendered":"<p>Con el objetivo de potenciar la participaci\u00f3n en el 18\u00ba concurso subsidio de adquisici\u00f3n de tierras por ind\u00edgenas, la Corporaci\u00f3n Nacional de Desarrollo Ind\u00edgena, CONADI, dio inicio a las postulaciones&#8230; <a class=\"read-more\" href=\"https:\/\/www.radiopresidenteibanez.cl\/web\/conadi-lanzo-por-primera-vez-concurso-de-subsidios-de-tierras-100-digital\/\">Leer m\u00e1s<\/a><\/p>\n","protected":false},"author":2,"featured_media":17171,"comment_status":"closed","ping_status":"closed","sticky":false,"template":"","format":"standard","meta":{"footnotes":""},"categories":[1],"tags":[],"class_list":["post-17170","post","type-post","status-publish","format-standard","has-post-thumbnail","hentry","category-cronica"],"_links":{"self":[{"href":"https:\/\/www.radiopresidenteibanez.cl\/web\/wp-json\/wp\/v2\/posts\/17170","targetHints":{"allow":["GET"]}}],"collection":[{"href":"https:\/\/www.radiopresidenteibanez.cl\/web\/wp-json\/wp\/v2\/posts"}],"about":[{"href":"https:\/\/www.radiopresidenteibanez.cl\/web\/wp-json\/wp\/v2\/types\/post"}],"author":[{"embeddable":true,"href":"https:\/\/www.radiopresidenteibanez.cl\/web\/wp-json\/wp\/v2\/users\/2"}],"replies":[{"embeddable":true,"href":"https:\/\/www.radiopresidenteibanez.cl\/web\/wp-json\/wp\/v2\/comments?post=17170"}],"version-history":[{"count":0,"href":"https:\/\/www.radiopresidenteibanez.cl\/web\/wp-json\/wp\/v2\/posts\/17170\/revisions"}],"wp:featuredmedia":[{"embeddable":true,"href":"https:\/\/www.radiopresidenteibanez.cl\/web\/wp-json\/wp\/v2\/media\/17171"}],"wp:attachment":[{"href":"https:\/\/www.radiopresidenteibanez.cl\/web\/wp-json\/wp\/v2\/media?parent=17170"}],"wp:term":[{"taxonomy":"category","embeddable":true,"href":"https:\/\/www.radiopresidenteibanez.cl\/web\/wp-json\/wp\/v2\/categories?post=17170"},{"taxonomy":"post_tag","embeddable":true,"href":"https:\/\/www.radiopresidenteibanez.cl\/web\/wp-json\/wp\/v2\/tags?post=17170"}],"curies":[{"name":"wp","href":"https:\/\/api.w.org\/{rel}","templated":true}]}}