{"id":17167,"date":"2020-12-22T02:30:00","date_gmt":"2020-12-22T02:30:00","guid":{"rendered":"https:\/\/www.radiopresidenteibanez.cl\/web\/?p=17167"},"modified":"2020-12-21T17:13:54","modified_gmt":"2020-12-21T17:13:54","slug":"subsecretario-villarreal-se-reune-con-comunidad-kawesqar-para-promover-la-participacion-e-inscripcion-de-candidatos-a-la-convencion-constitucional","status":"publish","type":"post","link":"https:\/\/www.radiopresidenteibanez.cl\/web\/subsecretario-villarreal-se-reune-con-comunidad-kawesqar-para-promover-la-participacion-e-inscripcion-de-candidatos-a-la-convencion-constitucional\/","title":{"rendered":"SUBSECRETARIO VILLARREAL SE RE\u00daNE CON COMUNIDAD KAW\u00c9SQAR PARA PROMOVER LA PARTICIPACI\u00d3N E INSCRIPCI\u00d3N DE CANDIDATOS A LA CONVENCI\u00d3N CONSTITUCIONAL"},"content":{"rendered":"\n<p>Hasta el sector de Seno Obstrucci\u00f3n se\ntrasladaron el Subsecretario de Servicios Sociales, Sebasti\u00e1n Villarreal, junto\ncon la seremi de Desarrollo Social y Familia, Liz Casanueva, y el Gobernador de\n\u00daltima Esperanza, Ra\u00fal Suazo, para compartir detalles de la nueva ley de\nesca\u00f1os reservados con la comunidad kaw\u00e9sqar de R\u00edo Primero.<\/p>\n\n\n\n<p>Esto en el marco de un despliegue que\ncomenz\u00f3 tras la aprobaci\u00f3n del proyecto que establece esca\u00f1os reservados para\nlos pueblos ind\u00edgenas en la Convenci\u00f3n Constitucional encargada de redactar una\nnueva Constituci\u00f3n el martes 15 del presente en el Congreso y que ser\u00e1\npromulgado como ley en los pr\u00f3ximos d\u00edas por parte del Presidente Pi\u00f1era.<\/p>\n\n\n\n<p>\u201cLes contamos del importante acuerdo\nhist\u00f3rico que hubo esta semana en torno a los esca\u00f1os reservados para los 10\npueblos ind\u00edgenas. Nuestra misi\u00f3n como Gobierno es llegar con esta informaci\u00f3n\npara que la mayor cantidad de ciudadanos ind\u00edgenas de nuestro pa\u00eds no solo se\nentusiasmen a participar en este proceso, sino que sean protagonistas para\nescribir la pr\u00f3xima Constituci\u00f3n de nuestro pa\u00eds\u201d, explic\u00f3 el subsecretario\nVillarreal.<\/p>\n\n\n\n<p>Cabe recordar\nque la ley aprobada de forma un\u00e1nime en la sala del Senado estableci\u00f3 un total\nde 17 esca\u00f1os reservados ind\u00edgenas que ser\u00e1n inclu\u00eddos dentro de los 155 de la\nConvenci\u00f3n Constitucional y que garantiza 7 asientos para el pueblo Mapuche, 2 para el pueblo Aymara, 1 esca\u00f1os para\nel pueblo Rapa Nui, 1 para el pueblo Quechua, 1 para el pueblo Lican Antay o\nAtacame\u00f1o, 1 para el pueblo Diaguita, 1 para el pueblo Colla, 1 para el pueblo Kaw\u00e9sqar, 1 para el pueblo\nYag\u00e1n y 1 esca\u00f1o para el pueblo Chango.<\/p>\n\n\n\n<p>En el encuentro con un grupo de mujeres\ndirigentes de R\u00edo Primero las autoridades entregaron detalles del procedimiento\npara la inscripci\u00f3n de candidatos que debe producirse antes del 11 de enero\npr\u00f3ximo. \u201cHay un simbolismo muy importante de llegar a los lugares m\u00e1s\nlejanos y a las comunidades m\u00e1s peque\u00f1as donde, si no es porque el Estado tiene\nla capacidad de desplegarse, dificilmente la informaci\u00f3n llegar\u00eda de primera\nfuente. Como Ministerio de Desarrollo Social y Familia queremos llevar esta\nnoticia a los lugares m\u00e1s australes, al desierto en el norte, a la costa\u201d,\nagreg\u00f3 Sebasti\u00e1n Villarreal. <\/p>\n\n\n\n<p>Rosa \u00c1guila relat\u00f3 parte de los anhelos que\ntiene su comunidad de cara a la redacci\u00f3n de la nueva Constituci\u00f3n para la\npreservaci\u00f3n de tradiciones del pueblo kaw\u00e9sqar, se\u00f1alando que espera \u201cque mis\nnietos puedan navegar como yo pude, libres. Queremos que se reconozcan que\nsomos parte del mar nosotros, que nuestra familia es parte del mar, nuestros\nt\u00edos vivieron y se criaron en el mar. Queremos que nuestros hijos y nietos\nsalgan adelante, que no anden con miedo de tener problemas con la autoridad\nmar\u00edtima. Que sean libres, con nuestras ra\u00edces\u201d.<\/p>\n\n\n\n<p>Por su parte la seremi Liz Casanueva recalc\u00f3\nque \u201cLa ley garantiza un mecanismo de identificaci\u00f3n previa para resguardar la\ncalidad ind\u00edgena de candidatos y votantes, evitando as\u00ed la posible injerencia\nde no ind\u00edgenas y protegiendo la transparencia e integridad de la votaci\u00f3n, as\u00ed\nes que esperamos que las comunidades ind\u00edgenas de la regi\u00f3n elijan a su\nrepresentante para este importante hecho hist\u00f3rico en nuestro pa\u00eds\u201d. <\/p>\n\n\n\n<p>\u201cEstamos sumamente contentos con la visita\ndel subsecretario y nuestra Seremi de Desarrollo Social y Familia tambi\u00e9n en la\nregi\u00f3n de Magallanes y en la provincia de \u00daltima Esperanza. Es algo muy simb\u00f3lico\ne importante con buenas noticias para los pueblos originarios. La participaci\u00f3n\nde ellos en la nueva constituci\u00f3n ser\u00e1 relevante y qu\u00e9 mejor que estar en\nterreno para contarles\u201d, indic\u00f3 el Gobernador Ra\u00fal Suazo.<\/p>\n\n\n\n<p><strong>Inscripci\u00f3n de candidatos y calidad ind\u00edgena<\/strong><\/p>\n\n\n\n<p>La nueva ley esteblece que se identificar\u00e1 a las personas\nind\u00edgenas mediante distintos registros administrativos, como la n\u00f3mina de\naquellas personas que est\u00e9n incluidas en el Registro Nacional de Calidades\nInd\u00edgenas o datos administrativos que contengan los apellidos mapuche\nevidentes, entre otras. Dicha n\u00f3mina ser\u00e1 publicada electr\u00f3nicamente por el\nServicio Electoral hasta 80 d\u00edas antes de la elecci\u00f3n.<\/p>\n\n\n\n<p>Los ciudadanos y ciudadanas que no figuren en la n\u00f3mina\npodr\u00e1n identificarse como electores ind\u00edgenas hasta 45 d\u00edas antes de elecci\u00f3n,\nobteniendo una autorizaci\u00f3n del Servicio Electoral, al acreditar su calidad de\nind\u00edgena mediante un certificado de la CONADI o una declaraci\u00f3n jurada,\nelaborada por el Servel, firmada ante un ministro de fe.<\/p>\n\n\n\n<p>Quienes deseen acreditar su calidad ind\u00edgena podr\u00e1n\nhacerlo tambi\u00e9n en la nueva plataforma online\ndispuesta por el Ministerio de Desarrollo Social y Familia a trav\u00e9s de CONADI\nque har\u00e1 m\u00e1s simple y expedito el tr\u00e1mite. Esta acreditaci\u00f3n se podr\u00e1 realizar\na trav\u00e9s de la Oficina de Atenci\u00f3n Virtual en la p\u00e1gina&nbsp;<a href=\"http:\/\/www.conadi.gob.cl\/\">www.conadi.gob.cl<\/a>.<\/p>\n\n\n\n<p>Quienes deseen inscribir candidaturas antes del 11 de\nenero pr\u00f3ximo deber\u00e1n contar con su acreditaci\u00f3n ind\u00edgena, tener domicilio\nelectoral en las regiones designadas para el pueblo que representa y contar con\nun patrocinio de comunidades o asociaciones\nind\u00edgenas. En el caso de los pueblos mapuche, aymar\u00e1 y diaguita este ser\u00e1 de 3\ncomunidades, mientras que para los otros siete pueblos ind\u00edgenas se pedir\u00e1 el\npatrocinio de una.<\/p>\n","protected":false},"excerpt":{"rendered":"<p>Hasta el sector de Seno Obstrucci\u00f3n se trasladaron el Subsecretario de Servicios Sociales, Sebasti\u00e1n Villarreal, junto con la seremi de Desarrollo Social y Familia, Liz Casanueva, y el Gobernador de&#8230; <a class=\"read-more\" href=\"https:\/\/www.radiopresidenteibanez.cl\/web\/subsecretario-villarreal-se-reune-con-comunidad-kawesqar-para-promover-la-participacion-e-inscripcion-de-candidatos-a-la-convencion-constitucional\/\">Leer m\u00e1s<\/a><\/p>\n","protected":false},"author":2,"featured_media":17168,"comment_status":"closed","ping_status":"closed","sticky":false,"template":"","format":"standard","meta":{"footnotes":""},"categories":[1],"tags":[],"class_list":["post-17167","post","type-post","status-publish","format-standard","has-post-thumbnail","hentry","category-cronica"],"_links":{"self":[{"href":"https:\/\/www.radiopresidenteibanez.cl\/web\/wp-json\/wp\/v2\/posts\/17167","targetHints":{"allow":["GET"]}}],"collection":[{"href":"https:\/\/www.radiopresidenteibanez.cl\/web\/wp-json\/wp\/v2\/posts"}],"about":[{"href":"https:\/\/www.radiopresidenteibanez.cl\/web\/wp-json\/wp\/v2\/types\/post"}],"author":[{"embeddable":true,"href":"https:\/\/www.radiopresidenteibanez.cl\/web\/wp-json\/wp\/v2\/users\/2"}],"replies":[{"embeddable":true,"href":"https:\/\/www.radiopresidenteibanez.cl\/web\/wp-json\/wp\/v2\/comments?post=17167"}],"version-history":[{"count":0,"href":"https:\/\/www.radiopresidenteibanez.cl\/web\/wp-json\/wp\/v2\/posts\/17167\/revisions"}],"wp:featuredmedia":[{"embeddable":true,"href":"https:\/\/www.radiopresidenteibanez.cl\/web\/wp-json\/wp\/v2\/media\/17168"}],"wp:attachment":[{"href":"https:\/\/www.radiopresidenteibanez.cl\/web\/wp-json\/wp\/v2\/media?parent=17167"}],"wp:term":[{"taxonomy":"category","embeddable":true,"href":"https:\/\/www.radiopresidenteibanez.cl\/web\/wp-json\/wp\/v2\/categories?post=17167"},{"taxonomy":"post_tag","embeddable":true,"href":"https:\/\/www.radiopresidenteibanez.cl\/web\/wp-json\/wp\/v2\/tags?post=17167"}],"curies":[{"name":"wp","href":"https:\/\/api.w.org\/{rel}","templated":true}]}}