{"id":17164,"date":"2020-12-22T02:15:00","date_gmt":"2020-12-22T02:15:00","guid":{"rendered":"https:\/\/www.radiopresidenteibanez.cl\/web\/?p=17164"},"modified":"2020-12-21T15:58:21","modified_gmt":"2020-12-21T15:58:21","slug":"navidad-de-esperanza-union-de-junta-de-vecinos-repartio-113-regalos-para-ninos-de-punta-arenas","status":"publish","type":"post","link":"https:\/\/www.radiopresidenteibanez.cl\/web\/navidad-de-esperanza-union-de-junta-de-vecinos-repartio-113-regalos-para-ninos-de-punta-arenas\/","title":{"rendered":"\u201cNAVIDAD DE ESPERANZA\u201d: UNI\u00d3N DE JUNTA DE VECINOS REPARTI\u00d3 113 REGALOS PARA NI\u00d1OS DE PUNTA ARENAS"},"content":{"rendered":"\n<p>Con el objetivo de realizar un aporte concreto para que los peque\u00f1os de las familias que son parte de la Uni\u00f3n Comunal Hernando de Magallanes de Punta Arenas disfruten de una bonita Navidad, la C\u00e1mara Chilena de la Construcci\u00f3n Punta Arenas y la empresa BluRiver donaron 113 regalos y bolsas de dulces.<\/p>\n\n\n\n<p>\u201cDurante todo este a\u00f1o hemos recibido el apoyo de la C\u00e1mara Chilena de la Construcci\u00f3n y BluRiver. Ahora tambi\u00e9n se hicieron presentes en esta iniciativa de Navidad, con la que hemos podido llegar a muchos ni\u00f1os que sin esta ayuda se iban a quedar sin una alegr\u00eda en esta fecha tan importante. Los ni\u00f1os han sido los m\u00e1s perjudicados con la pandemia y nosotros estamos muy agradecidos por estas muestras de cari\u00f1o\u201d, indic\u00f3 Raquel \u00c1lvarez, presidenta de la Uni\u00f3n Comunal de Junta de Vecinos Hernando de Magallanes.<\/p>\n\n\n\n<p>Cumpliendo con las medidas sanitarias, treinta y cinco ni\u00f1os recibieron sus obsequios en la sede de su Junta de Vecinos de Villa&nbsp;Nelda Panicucci. Con sorpresa y alegr\u00eda vieron llegar al Viejito Pascuero con su t\u00edpica vestimenta y una mascarilla como cuidado preventivo. &nbsp;<\/p>\n\n\n\n<p>En la ocasi\u00f3n, Carlos Braun, presidente de la C\u00e1mara Chilena de la Construcci\u00f3n Punta Arenas, se\u00f1al\u00f3 que \u201cnos llena de alegr\u00eda ver la cara de los ni\u00f1os recibiendo sus regalos. Estamos muy contentos de participar en esta iniciativa\u201d.<\/p>\n\n\n\n<p>A su vez, Ignacio Covacevich, gerente salmones&nbsp;Bluriver, recalc\u00f3 lo relevante de estar presentes en un d\u00eda tan especial como la Navidad. \u201cEste a\u00f1o ha sido muy complicado y entregar un poco de alegr\u00eda y esperanza en Navidad es muy necesario, y nosotros estamos felices de colaborar en iniciativas como esta\u201d, asegur\u00f3.&nbsp;<\/p>\n\n\n\n<p>Los m\u00e1s peque\u00f1os del hogar y sus padres recibieron los obsequios y agradecieron el gesto: \u201cEstamos felices y contentos por la gesti\u00f3n de la Junta de Vecinos y de las empresas que ayudaron. Se agradece mucho el cuidado y la preocupaci\u00f3n\u201d, dijo Cristina C\u00e1rcamo, vecina de la Villa Nelda Panicucci.<br><\/p>\n","protected":false},"excerpt":{"rendered":"<p>Con el objetivo de realizar un aporte concreto para que los peque\u00f1os de las familias que son parte de la Uni\u00f3n Comunal Hernando de Magallanes de Punta Arenas disfruten de&#8230; <a class=\"read-more\" href=\"https:\/\/www.radiopresidenteibanez.cl\/web\/navidad-de-esperanza-union-de-junta-de-vecinos-repartio-113-regalos-para-ninos-de-punta-arenas\/\">Leer m\u00e1s<\/a><\/p>\n","protected":false},"author":2,"featured_media":17165,"comment_status":"closed","ping_status":"closed","sticky":false,"template":"","format":"standard","meta":{"footnotes":""},"categories":[1],"tags":[],"class_list":["post-17164","post","type-post","status-publish","format-standard","has-post-thumbnail","hentry","category-cronica"],"_links":{"self":[{"href":"https:\/\/www.radiopresidenteibanez.cl\/web\/wp-json\/wp\/v2\/posts\/17164","targetHints":{"allow":["GET"]}}],"collection":[{"href":"https:\/\/www.radiopresidenteibanez.cl\/web\/wp-json\/wp\/v2\/posts"}],"about":[{"href":"https:\/\/www.radiopresidenteibanez.cl\/web\/wp-json\/wp\/v2\/types\/post"}],"author":[{"embeddable":true,"href":"https:\/\/www.radiopresidenteibanez.cl\/web\/wp-json\/wp\/v2\/users\/2"}],"replies":[{"embeddable":true,"href":"https:\/\/www.radiopresidenteibanez.cl\/web\/wp-json\/wp\/v2\/comments?post=17164"}],"version-history":[{"count":0,"href":"https:\/\/www.radiopresidenteibanez.cl\/web\/wp-json\/wp\/v2\/posts\/17164\/revisions"}],"wp:featuredmedia":[{"embeddable":true,"href":"https:\/\/www.radiopresidenteibanez.cl\/web\/wp-json\/wp\/v2\/media\/17165"}],"wp:attachment":[{"href":"https:\/\/www.radiopresidenteibanez.cl\/web\/wp-json\/wp\/v2\/media?parent=17164"}],"wp:term":[{"taxonomy":"category","embeddable":true,"href":"https:\/\/www.radiopresidenteibanez.cl\/web\/wp-json\/wp\/v2\/categories?post=17164"},{"taxonomy":"post_tag","embeddable":true,"href":"https:\/\/www.radiopresidenteibanez.cl\/web\/wp-json\/wp\/v2\/tags?post=17164"}],"curies":[{"name":"wp","href":"https:\/\/api.w.org\/{rel}","templated":true}]}}