{"id":17161,"date":"2020-12-22T02:00:00","date_gmt":"2020-12-22T02:00:00","guid":{"rendered":"https:\/\/www.radiopresidenteibanez.cl\/web\/?p=17161"},"modified":"2020-12-21T15:40:13","modified_gmt":"2020-12-21T15:40:13","slug":"prodemu-magallanes-entrego-fondo-de-apoyo-a-organizaciones-sociales","status":"publish","type":"post","link":"https:\/\/www.radiopresidenteibanez.cl\/web\/prodemu-magallanes-entrego-fondo-de-apoyo-a-organizaciones-sociales\/","title":{"rendered":"PRODEMU MAGALLANES ENTREG\u00d3 FONDO DE APOYO A ORGANIZACIONES SOCIALES"},"content":{"rendered":"\n<p>La Ruta de\nOrganizaciones que ejecut\u00f3 PRODEMU en Magallanes busc\u00f3 contribuir al proceso de\nempoderamiento de las mujeres y sus organizaciones, para que \u00e9stas sean\nefectivas y democr\u00e1ticas, mediante la adquisici\u00f3n de herramientas digitales\npara el fortalecimiento de sus procesos organizacionales con enfoque de g\u00e9nero.<\/p>\n\n\n\n<p>Algunos de los\ntemas que abordaron con las mujeres PRODEMU fueron las herramientas para la comunicaci\u00f3n digital, conciencia de g\u00e9nero,\nderechos, asociatividad, acciones para el fortalecimiento, herramientas\npr\u00e1cticas y formulaci\u00f3n de proyecto de fondo de apoyo. <\/p>\n\n\n\n<p>La directora regional\nde PRODEMU, Gabriela S\u00e1nchez Ca\u00f1ete, coment\u00f3 que la Ruta de Organizaciones tuvo\nuna excelente acogida y participaci\u00f3n, y lo m\u00e1s importante, la instancia\nfinaliz\u00f3 con la entrega de un capital PRODEMU, Fondo de Apoyo, que fue\ninvertido por cada organizaci\u00f3n, acorde a sus necesidades priorizadas como\ngrupo colectivo.<\/p>\n\n\n\n<p>\u201cLa idea fue que\npudieran enfrentar con \u00e9xito los efectos sociales y econ\u00f3micos que han vivido\nlas mujeres durante esta pandemia, y por eso es importante contar con una\nsociedad civil organizada, con ciudadanas comprometidas y con capacidad de generar\nalianzas entre mujeres. Eso fue lo que precisamente quisimos generar con esta iniciativa\nformativa digital, fortalecer la participaci\u00f3n e incidencia de las mujeres en\nsus organizaciones y en sus espacios locales\u201d, se\u00f1al\u00f3 la directora regional. <\/p>\n\n\n\n<p><strong>\u201cFue un gran apoyo\u201d<\/strong><\/p>\n\n\n\n<p>Claudia C\u00e1rdenas\nGallardo, presidenta de la Junta de Vecinos N\u00b036 \u201cLoteo del Mar\u201d, manifest\u00f3 que\nparticiparon activamente en la Ruta de Organizaciones, y que el apoyo de\nPRODEMU Magallanes a trav\u00e9s de sus profesionales signific\u00f3 una ayuda sumamente\nimportante para la comunidad y para quienes tuvieron la posibilidad de\nrealizarlo.<\/p>\n\n\n\n<p>\u201cNos entregaron los\nconocimientos necesarios para lograr un desarrollo integral de nuestras\nvecinas. Adem\u00e1s, este tipo de actividades generan instancias de participaci\u00f3n\ndonde se aumenta el tejido social, pero sobretodo se enriquece el capital\nhumano de nuestra comunidad, gener\u00e1ndose as\u00ed un empoderamiento a trav\u00e9s del\nconocimiento\u201d, sostuvo.<\/p>\n\n\n\n<p>En tanto, Gladys Silva\nCanum\u00e1n, que lidera el voluntariado Damas de Blanco filial Punta Arenas,\nagradeci\u00f3 la oportunidad que les dio PRODEMU para poder hacer part\u00edcipe a su\nagrupaci\u00f3n en la Ruta de Organizaciones. <\/p>\n\n\n\n<p>\u201cFue importante\nparticipar, ya que obtuvimos el capital de Fondo de Apoyo, lo que finalmente se\ntraduce en recursos, que nos permitieron adquirir insumos para los pacientes\ndel Hospital Cl\u00ednico de Magallanes, ya que ah\u00ed desarrollamos nuestra labor,\nllevando \u00fatiles de aseo personal y por supuesto la parte espiritual\u201d, dijo.<\/p>\n","protected":false},"excerpt":{"rendered":"<p>La Ruta de Organizaciones que ejecut\u00f3 PRODEMU en Magallanes busc\u00f3 contribuir al proceso de empoderamiento de las mujeres y sus organizaciones, para que \u00e9stas sean efectivas y democr\u00e1ticas, mediante la&#8230; <a class=\"read-more\" href=\"https:\/\/www.radiopresidenteibanez.cl\/web\/prodemu-magallanes-entrego-fondo-de-apoyo-a-organizaciones-sociales\/\">Leer m\u00e1s<\/a><\/p>\n","protected":false},"author":2,"featured_media":17162,"comment_status":"closed","ping_status":"closed","sticky":false,"template":"","format":"standard","meta":{"footnotes":""},"categories":[1],"tags":[],"class_list":["post-17161","post","type-post","status-publish","format-standard","has-post-thumbnail","hentry","category-cronica"],"_links":{"self":[{"href":"https:\/\/www.radiopresidenteibanez.cl\/web\/wp-json\/wp\/v2\/posts\/17161","targetHints":{"allow":["GET"]}}],"collection":[{"href":"https:\/\/www.radiopresidenteibanez.cl\/web\/wp-json\/wp\/v2\/posts"}],"about":[{"href":"https:\/\/www.radiopresidenteibanez.cl\/web\/wp-json\/wp\/v2\/types\/post"}],"author":[{"embeddable":true,"href":"https:\/\/www.radiopresidenteibanez.cl\/web\/wp-json\/wp\/v2\/users\/2"}],"replies":[{"embeddable":true,"href":"https:\/\/www.radiopresidenteibanez.cl\/web\/wp-json\/wp\/v2\/comments?post=17161"}],"version-history":[{"count":0,"href":"https:\/\/www.radiopresidenteibanez.cl\/web\/wp-json\/wp\/v2\/posts\/17161\/revisions"}],"wp:featuredmedia":[{"embeddable":true,"href":"https:\/\/www.radiopresidenteibanez.cl\/web\/wp-json\/wp\/v2\/media\/17162"}],"wp:attachment":[{"href":"https:\/\/www.radiopresidenteibanez.cl\/web\/wp-json\/wp\/v2\/media?parent=17161"}],"wp:term":[{"taxonomy":"category","embeddable":true,"href":"https:\/\/www.radiopresidenteibanez.cl\/web\/wp-json\/wp\/v2\/categories?post=17161"},{"taxonomy":"post_tag","embeddable":true,"href":"https:\/\/www.radiopresidenteibanez.cl\/web\/wp-json\/wp\/v2\/tags?post=17161"}],"curies":[{"name":"wp","href":"https:\/\/api.w.org\/{rel}","templated":true}]}}