{"id":17158,"date":"2020-12-21T13:49:30","date_gmt":"2020-12-21T13:49:30","guid":{"rendered":"https:\/\/www.radiopresidenteibanez.cl\/web\/?p=17158"},"modified":"2020-12-21T13:49:43","modified_gmt":"2020-12-21T13:49:43","slug":"adventus-por-ernesto-sepulveda-tornero","status":"publish","type":"post","link":"https:\/\/www.radiopresidenteibanez.cl\/web\/adventus-por-ernesto-sepulveda-tornero\/","title":{"rendered":"\u201cADVENTUS\u201d por Ernesto Sep\u00falveda Tornero"},"content":{"rendered":"\n<p>Para\ntodo el mundo cristiano, vivimos en esta \u00e9poca, un per\u00edodo de espera, un tiempo\nde preparaci\u00f3n. Un tiempo que se denomina \u201cadviento\u201d o \u201cadventus\u201d, que\nsignifica venida o llegada. Se refiere al per\u00edodo que comprende los cuatro\ndomingos anteriores a la navidad. Entre tanta publicidad navide\u00f1a, invitando a\ncomprar y comprar sin parar, se pierde de vista el verdadero sentido de esta\n\u00e9poca.&nbsp; Es un tiempo de paz, un tiempo\nque llama al recogimiento y a compartir en familia. Buscar el cobijo y el\nabrigo, que da el cari\u00f1o, la compa\u00f1\u00eda, el amor.<\/p>\n\n\n\n<p>&nbsp;&nbsp;&nbsp;&nbsp;&nbsp;&nbsp;&nbsp;&nbsp;&nbsp;&nbsp;&nbsp; Este\na\u00f1o 2020, que ha significado tantas preocupaciones, tanto sufrimiento, por la\npandemia Covid, tambi\u00e9n ha significado, el renacer de la esperanza, la\ngenerosidad, la solidaridad. Cientos de miles de personas han hecho esfuerzos\ntit\u00e1nicos, para salvar vidas, en todo el territorio. Personas de todos los\ncredos religiosos, de todos lo colores pol\u00edticos, hermanados por lo esencial,\npor lo trascendente, nuestro deseo de vivir.<\/p>\n\n\n\n<p>&nbsp;&nbsp;&nbsp;&nbsp;&nbsp;&nbsp;&nbsp;&nbsp;&nbsp;&nbsp;&nbsp; De\nseguro, todos nosotros, pese a las circunstancias dif\u00edciles que nos ha tra\u00eddo\nla pandemia, vamos a dejar todo de lado, para dar un momento de alegr\u00eda a\nnuestros seres queridos, a nuestros amigos. Eso nos sale del alma. Lo hacemos\ncon agrado, con gusto. Pero este a\u00f1o que nos ha mostrado, lo peque\u00f1os, los\nd\u00e9biles e indefensos que somos, debemos hacer algo m\u00e1s. Llevar un poco de\nalegr\u00eda a aquellos que nadie ir\u00e1 a ver, a los que viven en asilos de ancianos,\na los vecinos mayores sin familia, a tantos peque\u00f1os cuyos padres viven la cesant\u00eda\no la pobreza. Esto no tiene que ver con quienes somos, sino con quienes\nqueremos ser. Creo que los que seguimos a\u00fan por estos lados, les debemos eso, a\ntodos aquellos que tuvieron que partir.<\/p>\n\n\n\n<p>&nbsp;&nbsp;&nbsp;&nbsp;&nbsp;&nbsp;&nbsp;&nbsp;&nbsp;&nbsp;&nbsp; En\neste tiempo en que el coraz\u00f3n parece estar mas llano, al afecto, al cari\u00f1o, a\nla amistad, tenemos la oportunidad tambi\u00e9n de mejorar nuestra convivencia\nc\u00edvica. Hemos cumplido ya un a\u00f1o de enfrentamientos, sin cuartel, entre bandos\nque parecen irreconciliables. Y la verdad de las cosas, es que si nos ponemos a\nhilar fino, en lo trascendente, en lo esencial, todos nosotros coincidimos.\nAmamos la vida, a nuestros hijos y seres queridos. Todos nosotros queremos lo\nmejor para Chile, lo mejor para nuestra regi\u00f3n, para&nbsp; nuestro barrio. Y si es as\u00ed, \u00bfpor qu\u00e9 nos\ncuesta tanto ponernos de acuerdo?, por qu\u00e9 la definici\u00f3n de quienes somos, pasa\npor definir contra quien estamos? Puestos en un tr\u00e1nsito hist\u00f3rico, este a\u00f1o\n2020, estamos obligados a encontrar caminos de entendimiento. Es nuestra \u00fanica\nalternativa, al quiebre definitivo de la convivencia.<\/p>\n\n\n\n<p>&nbsp;&nbsp;&nbsp;&nbsp;&nbsp;&nbsp;&nbsp;&nbsp;&nbsp;&nbsp;&nbsp; Miramos\ncon esperanzas el futuro. Aun en este contexto de pandemia que nos sigue\nafligiendo. Pr\u00f3ximamente llega a Chile, &nbsp;la vacuna Pfizer, la misma que se ha empezado\na aplicar en Inglaterra, y pronto por toda Europa. La inmensa mayor\u00eda de los\nchilenos, nos hemos dedicado, con entusiasmo a criticar el p\u00e9simo gobierno, sus\ncifras de aprobaci\u00f3n \u00ednfimas as\u00ed lo demuestran. Pero hay que reconocer que\ncuando no se esperaba gran cosa de ellos, la gesti\u00f3n comercial de las vacunas,\nla hicieron bien. Asegurar 84 millones de vacunas para inocular a una poblaci\u00f3n\nestimada de 15 millones de personas, es un tremendo \u00e9xito, que debe\nreconocerse. Despu\u00e9s veremos cuantos le cost\u00f3 al erario fiscal, pero no era\ntiempo de andarse con medias tintas.<\/p>\n\n\n\n<p>&nbsp;&nbsp;&nbsp;&nbsp;&nbsp;&nbsp;&nbsp;&nbsp;&nbsp;&nbsp;&nbsp; Y\neso, que aparece como algo natural, el reconocer el bien que puede hacer el\notro, aunque sea nuestro ac\u00e9rrimo adversario, es algo ausente de la vida\np\u00fablica. Y vemos como suben o bajan personajes, destacando \u00fanicamente lo\ninsolente, o lo incendiario que se pueda ser. Por el contrario, yo quiero\ndestacar ese hecho positivo, para ver si otros se animan tambi\u00e9n, y llegamos en\nun d\u00eda no lejano a ponernos de acuerdo, en lo que nos interesa a todos.<\/p>\n\n\n\n<p>&nbsp;&nbsp;&nbsp;&nbsp;&nbsp;&nbsp;&nbsp;&nbsp;&nbsp;&nbsp;&nbsp; La\nvacuna es una de esas cosas. Y quiero que todas las personas que est\u00e1n en la\npoblaci\u00f3n objetivo, vale decir los mayores de 16 a\u00f1os, no dejen de vacunarse.\nLa vacuna est\u00e1 desarrollada siguiendo rigurosos y comprobados procedimientos\ncient\u00edficos. Seg\u00fan publicaron esta semana, diversos medios, la vacuna se\ndenomina BNT 162B2, desarrollada por la compa\u00f1\u00eda estadounidense Pfizer y la\nfirma biotecnol\u00f3gica alemana BionTech. La vacuna contiene una secuencia\ngen\u00e9tica, creada en laboratorio, que&nbsp;\nense\u00f1a a las c\u00e9lulas del cuerpo a producir prote\u00ednas similares a SARS-COV-2,\nesto lleva al sistema inmunol\u00f3gico a reconocer la amenazas y crea una respuesta\nque protege a las personas de futuras infecciones.<\/p>\n\n\n\n<p>&nbsp;&nbsp;&nbsp;&nbsp;&nbsp;&nbsp;&nbsp;&nbsp;&nbsp;&nbsp;&nbsp; Seg\u00fan\npublica BBC esta semana, el Dr. Anthony Fauci, director del Instituto Nacional\nde Alergias y enfermedades infecciosas de Estados Unidos, ha explicado \u201cQue la\ninmunidad completa al virus, se desarrolla entre una semana a 10 d\u00edas despu\u00e9s\nde que las personas obtienen la segunda dosis de vacuna\u201d.<\/p>\n\n\n\n<p>&nbsp;&nbsp;&nbsp;&nbsp;&nbsp;&nbsp;&nbsp;&nbsp;&nbsp;&nbsp;&nbsp; En Chile, las autoridades de salud han informado, que la\nvacunaci\u00f3n se realizar\u00e1 a trav\u00e9s de dos dosis, separadas por 21 d\u00edas entre la\nprimera y la segunda.&nbsp; Para disipar\ncualquier temor, sobre efectos secundarios, se ha informado que son los mismos,\nde cualquier vacuna. Leve enrojecimiento de la piel, del sector inoculado, y\nardor. Si se llegaran a presentar estos efectos, concluir\u00edan al cabo de un par\nde d\u00edas.<\/p>\n\n\n\n<p>&nbsp;&nbsp;&nbsp;&nbsp;&nbsp;&nbsp;&nbsp;&nbsp;&nbsp;&nbsp;&nbsp; Como podemos ver, dentro de todo lo que ha sucedido, se\nenciende una luz de esperanza, con las vacunas. No es el final de la pandemia,\nni tampoco de las medidas sanitarias. Los expertos coinciden que s\u00f3lo se podr\u00e1\nconocer, los efectos de la vacuna sobre la pandemia, cuando se logre inocular\nal menos, al 60% de la poblaci\u00f3n. Por lo que, cuando recibas tu vacuna, debes\nseguir cuid\u00e1ndote, usar tu mascarilla, respetar el distanciamiento f\u00edsico, y el\nlavado frecuente de manos.<\/p>\n\n\n\n<p>&nbsp;&nbsp;&nbsp;&nbsp;&nbsp;&nbsp;&nbsp;&nbsp;&nbsp;&nbsp;&nbsp; En este tiempo de espera, que estamos viviendo, lo mejor\nque podemos hacer por los dem\u00e1s y por nosotros mismos, es ser responsables, no\ns\u00f3lo cumpliendo los protocolos sanitarios, sino tambi\u00e9n ser responsables socialmente.\nServir, dar algo de nosotros mismos a los dem\u00e1s, no s\u00f3lo objetos o cosas\nmateriales. Un gesto de afecto, de preocupaci\u00f3n por los otros, una llamada, un\nmensaje, al que est\u00e1 s\u00f3lo, al que ha perdido alg\u00fan ser querido. Una palabra de\napoyo al que est\u00e1 desesperado, al que no encuentra consuelo. Demos paz y\nalegr\u00eda, y las recibiremos multiplicadas por ciento.<\/p>\n\n\n\n<p>Ernesto Sep\u00falveda Tornero<a href=\"https:\/\/www.msn.com\/es-us\/news\/other\/legisladores-alcanzan-acuerdo-para-aprobar-un-paquete-de-est%c3%admulo-de-900-000-millones-por-el-covid-19-que-incluye-un-cheque-de-600\/ar-BB1c5KJC?%2525253Fappwebview=true\"><\/a><\/p>\n","protected":false},"excerpt":{"rendered":"<p>Para todo el mundo cristiano, vivimos en esta \u00e9poca, un per\u00edodo de espera, un tiempo de preparaci\u00f3n. Un tiempo que se denomina \u201cadviento\u201d o \u201cadventus\u201d, que significa venida o llegada&#8230;. <a class=\"read-more\" href=\"https:\/\/www.radiopresidenteibanez.cl\/web\/adventus-por-ernesto-sepulveda-tornero\/\">Leer m\u00e1s<\/a><\/p>\n","protected":false},"author":2,"featured_media":2310,"comment_status":"closed","ping_status":"closed","sticky":false,"template":"","format":"standard","meta":{"footnotes":""},"categories":[1],"tags":[],"class_list":["post-17158","post","type-post","status-publish","format-standard","has-post-thumbnail","hentry","category-cronica"],"_links":{"self":[{"href":"https:\/\/www.radiopresidenteibanez.cl\/web\/wp-json\/wp\/v2\/posts\/17158","targetHints":{"allow":["GET"]}}],"collection":[{"href":"https:\/\/www.radiopresidenteibanez.cl\/web\/wp-json\/wp\/v2\/posts"}],"about":[{"href":"https:\/\/www.radiopresidenteibanez.cl\/web\/wp-json\/wp\/v2\/types\/post"}],"author":[{"embeddable":true,"href":"https:\/\/www.radiopresidenteibanez.cl\/web\/wp-json\/wp\/v2\/users\/2"}],"replies":[{"embeddable":true,"href":"https:\/\/www.radiopresidenteibanez.cl\/web\/wp-json\/wp\/v2\/comments?post=17158"}],"version-history":[{"count":0,"href":"https:\/\/www.radiopresidenteibanez.cl\/web\/wp-json\/wp\/v2\/posts\/17158\/revisions"}],"wp:featuredmedia":[{"embeddable":true,"href":"https:\/\/www.radiopresidenteibanez.cl\/web\/wp-json\/wp\/v2\/media\/2310"}],"wp:attachment":[{"href":"https:\/\/www.radiopresidenteibanez.cl\/web\/wp-json\/wp\/v2\/media?parent=17158"}],"wp:term":[{"taxonomy":"category","embeddable":true,"href":"https:\/\/www.radiopresidenteibanez.cl\/web\/wp-json\/wp\/v2\/categories?post=17158"},{"taxonomy":"post_tag","embeddable":true,"href":"https:\/\/www.radiopresidenteibanez.cl\/web\/wp-json\/wp\/v2\/tags?post=17158"}],"curies":[{"name":"wp","href":"https:\/\/api.w.org\/{rel}","templated":true}]}}