{"id":17153,"date":"2020-12-21T00:50:04","date_gmt":"2020-12-21T00:50:04","guid":{"rendered":"https:\/\/www.radiopresidenteibanez.cl\/web\/?p=17153"},"modified":"2020-12-21T00:50:10","modified_gmt":"2020-12-21T00:50:10","slug":"juan-morano-pre-candidato-alcalde-dc-nos-urge-para-generar-la-justicia-social-que-queremos-como-oposicion-demostrar-que-estamos-trabajando-unidos","status":"publish","type":"post","link":"https:\/\/www.radiopresidenteibanez.cl\/web\/juan-morano-pre-candidato-alcalde-dc-nos-urge-para-generar-la-justicia-social-que-queremos-como-oposicion-demostrar-que-estamos-trabajando-unidos\/","title":{"rendered":"JUAN MORANO, PRE CANDIDATO ALCALDE DC \u201cNOS URGE PARA GENERAR LA JUSTICIA SOCIAL QUE QUEREMOS COMO OPOSICI\u00d3N DEMOSTRAR QUE ESTAMOS TRABAJANDO UNIDOS\u201d"},"content":{"rendered":"\n<p>El pre candidato alcalde Democrata Cristiano se\u00f1alo que urge\ndemostrar que para lograr la justicia social por la que se ha estado luchando\ntantos a\u00f1os se debe trabajar unidos como oposici\u00f3n, para que no vuelva ocurrir\nlo que paso hace cuatro a\u00f1os atr\u00e1s que aun nos pesa y que nos desuni\u00f3 cuando\nCarolina Goic, por su cuenta decidi\u00f3 ser candidata a la presidencia.<\/p>\n\n\n\n<p>Agrego Morano, que cuando se conoci\u00f3 la decisi\u00f3n de la\nsenadora de ser presidenciable hace cuatro a\u00f1os fue uno de los principales\nopositores a la decisi\u00f3n de Carolina Goic, y el resultado de todo fue dividir a\nla actual oposici\u00f3n y dejar los resultados ya conocidos<\/p>\n\n\n\n<p>Consultado el pre candidato DC, respecto a lo que se espera\npara la consulta del pr\u00f3ximo 3 de Enero 2021, existe una expectativa de buena\nparticipaci\u00f3n para elegir un nombre para el 11 de abril que se realizaran las\nelecciones, espero que como m\u00ednimo logremos misma cantidad de participantes que\nlas primarias a gobernador.<\/p>\n\n\n\n<p>Juan Morano, finalizo sus palabras haciendo una invitaci\u00f3n a todos los puntarenenses a sumarse a esta consulta ciudadana y agradeciendo a todos quienes han logrado ser parte de esta decisi\u00f3n para que sea la gente quien elija quien los represente en las municipales 2021.<\/p>\n\n\n\n<p><\/p>\n\n\n\n<p>DMG<\/p>\n","protected":false},"excerpt":{"rendered":"<p>El pre candidato alcalde Democrata Cristiano se\u00f1alo que urge demostrar que para lograr la justicia social por la que se ha estado luchando tantos a\u00f1os se debe trabajar unidos como&#8230; <a class=\"read-more\" href=\"https:\/\/www.radiopresidenteibanez.cl\/web\/juan-morano-pre-candidato-alcalde-dc-nos-urge-para-generar-la-justicia-social-que-queremos-como-oposicion-demostrar-que-estamos-trabajando-unidos\/\">Leer m\u00e1s<\/a><\/p>\n","protected":false},"author":2,"featured_media":1768,"comment_status":"closed","ping_status":"closed","sticky":false,"template":"","format":"standard","meta":{"footnotes":""},"categories":[1],"tags":[],"class_list":["post-17153","post","type-post","status-publish","format-standard","has-post-thumbnail","hentry","category-cronica"],"_links":{"self":[{"href":"https:\/\/www.radiopresidenteibanez.cl\/web\/wp-json\/wp\/v2\/posts\/17153","targetHints":{"allow":["GET"]}}],"collection":[{"href":"https:\/\/www.radiopresidenteibanez.cl\/web\/wp-json\/wp\/v2\/posts"}],"about":[{"href":"https:\/\/www.radiopresidenteibanez.cl\/web\/wp-json\/wp\/v2\/types\/post"}],"author":[{"embeddable":true,"href":"https:\/\/www.radiopresidenteibanez.cl\/web\/wp-json\/wp\/v2\/users\/2"}],"replies":[{"embeddable":true,"href":"https:\/\/www.radiopresidenteibanez.cl\/web\/wp-json\/wp\/v2\/comments?post=17153"}],"version-history":[{"count":0,"href":"https:\/\/www.radiopresidenteibanez.cl\/web\/wp-json\/wp\/v2\/posts\/17153\/revisions"}],"wp:featuredmedia":[{"embeddable":true,"href":"https:\/\/www.radiopresidenteibanez.cl\/web\/wp-json\/wp\/v2\/media\/1768"}],"wp:attachment":[{"href":"https:\/\/www.radiopresidenteibanez.cl\/web\/wp-json\/wp\/v2\/media?parent=17153"}],"wp:term":[{"taxonomy":"category","embeddable":true,"href":"https:\/\/www.radiopresidenteibanez.cl\/web\/wp-json\/wp\/v2\/categories?post=17153"},{"taxonomy":"post_tag","embeddable":true,"href":"https:\/\/www.radiopresidenteibanez.cl\/web\/wp-json\/wp\/v2\/tags?post=17153"}],"curies":[{"name":"wp","href":"https:\/\/api.w.org\/{rel}","templated":true}]}}