{"id":17148,"date":"2020-12-21T04:00:00","date_gmt":"2020-12-21T04:00:00","guid":{"rendered":"https:\/\/www.radiopresidenteibanez.cl\/web\/?p=17148"},"modified":"2020-12-20T15:57:21","modified_gmt":"2020-12-20T15:57:21","slug":"presidente-pinera-anuncia-inversion-por-us-2-600-millones-en-viviendas-sociales-en-2021-queremos-llegar-con-el-sueno-de-la-casa-a-la-mayor-cantidad-de-familias-posibles","status":"publish","type":"post","link":"https:\/\/www.radiopresidenteibanez.cl\/web\/presidente-pinera-anuncia-inversion-por-us-2-600-millones-en-viviendas-sociales-en-2021-queremos-llegar-con-el-sueno-de-la-casa-a-la-mayor-cantidad-de-familias-posibles\/","title":{"rendered":"PRESIDENTE PI\u00d1ERA ANUNCIA INVERSI\u00d3N POR US$ 2.600 MILLONES EN VIVIENDAS SOCIALES EN 2021: \u201cQUEREMOS LLEGAR CON EL SUE\u00d1O DE LA CASA A LA MAYOR CANTIDAD DE FAMILIAS POSIBLES\u201d"},"content":{"rendered":"\n<p>El Presidente de la Rep\u00fablica, Sebasti\u00e1n Pi\u00f1era, present\u00f3\neste domingo el plan para invertir US$2.600 millones en la construcci\u00f3n de 61\nmil viviendas en 2021, llevando soluciones habitacionales a m\u00e1s familias en\ntodo Chile.<\/p>\n\n\n\n<p>El Mandatario entreg\u00f3 las llaves de sus viviendas a los\nvecinos del proyecto \u201cMontes Andinos\u201d, un complejo de 160 casas en la comuna de\nLos Andes.<\/p>\n\n\n\n<p>\u201cEs un momento de mucha alegr\u00eda y emoci\u00f3n para ustedes, pero\npara todos porque el sue\u00f1o de la casa propia es un sue\u00f1o que vive en el\ncoraz\u00f3n, en el alma de todas las familias chilenas\u201d, dijo el Presidente Pi\u00f1era\nen una ceremonia en la que estuvo acompa\u00f1ado por el Ministro de Vivienda,\nFelipe Ward.<\/p>\n\n\n\n<p>\u201cEs una justa compensaci\u00f3n al trabajo, al empuje, a la\nresiliencia, a que nunca perdieron la fe, a que siempre tuvieron esperanza\u201d,\nagreg\u00f3 el Jefe de Estado.<\/p>\n\n\n\n<p>El Ministerio de Vivienda tendr\u00e1 el mayor presupuesto de su\nhistoria en 2021, con un aumento del 20%, para impulsar la construcci\u00f3n de\nviviendas y la recuperaci\u00f3n econ\u00f3mica.&nbsp;\nEsto permitir\u00e1 emplear m\u00e1s de 165.000 personas en construcciones de\nviviendas y obras urbanas.<\/p>\n\n\n\n<p>El plan para el pr\u00f3ximo a\u00f1o considera la construcci\u00f3n de 344\nproyectos que contemplan m\u00e1s de 61 mil viviendas, con la mayor cantidad de\nobras en las regiones de Valpara\u00edso, Metropolitana, Biob\u00edo y O\u00b4Higgins.<\/p>\n\n\n\n<p>Adicionalmente, se entregar\u00e1n m\u00e1s de 286 mil subsidios\nhabitacionales, beneficiando a de 857 mil personas. Para esto se har\u00e1n 27\nllamados de los distintos subsidios a lo largo del a\u00f1o, destinados a la clase\nmedia y los sectores vulnerables, para as\u00ed adquirir, construir, arrendar o\nmejorar viviendas.<\/p>\n\n\n\n<p>\u201cEstamos haciendo un tremendo esfuerzo por llegar con el\nsue\u00f1o de la casa a la mayor cantidad de familias posibles\u201d, dijo el Mandatario.<\/p>\n","protected":false},"excerpt":{"rendered":"<p>El Presidente de la Rep\u00fablica, Sebasti\u00e1n Pi\u00f1era, present\u00f3 este domingo el plan para invertir US$2.600 millones en la construcci\u00f3n de 61 mil viviendas en 2021, llevando soluciones habitacionales a m\u00e1s&#8230; <a class=\"read-more\" href=\"https:\/\/www.radiopresidenteibanez.cl\/web\/presidente-pinera-anuncia-inversion-por-us-2-600-millones-en-viviendas-sociales-en-2021-queremos-llegar-con-el-sueno-de-la-casa-a-la-mayor-cantidad-de-familias-posibles\/\">Leer m\u00e1s<\/a><\/p>\n","protected":false},"author":2,"featured_media":385,"comment_status":"closed","ping_status":"closed","sticky":false,"template":"","format":"standard","meta":{"footnotes":""},"categories":[1],"tags":[],"class_list":["post-17148","post","type-post","status-publish","format-standard","has-post-thumbnail","hentry","category-cronica"],"_links":{"self":[{"href":"https:\/\/www.radiopresidenteibanez.cl\/web\/wp-json\/wp\/v2\/posts\/17148","targetHints":{"allow":["GET"]}}],"collection":[{"href":"https:\/\/www.radiopresidenteibanez.cl\/web\/wp-json\/wp\/v2\/posts"}],"about":[{"href":"https:\/\/www.radiopresidenteibanez.cl\/web\/wp-json\/wp\/v2\/types\/post"}],"author":[{"embeddable":true,"href":"https:\/\/www.radiopresidenteibanez.cl\/web\/wp-json\/wp\/v2\/users\/2"}],"replies":[{"embeddable":true,"href":"https:\/\/www.radiopresidenteibanez.cl\/web\/wp-json\/wp\/v2\/comments?post=17148"}],"version-history":[{"count":0,"href":"https:\/\/www.radiopresidenteibanez.cl\/web\/wp-json\/wp\/v2\/posts\/17148\/revisions"}],"wp:featuredmedia":[{"embeddable":true,"href":"https:\/\/www.radiopresidenteibanez.cl\/web\/wp-json\/wp\/v2\/media\/385"}],"wp:attachment":[{"href":"https:\/\/www.radiopresidenteibanez.cl\/web\/wp-json\/wp\/v2\/media?parent=17148"}],"wp:term":[{"taxonomy":"category","embeddable":true,"href":"https:\/\/www.radiopresidenteibanez.cl\/web\/wp-json\/wp\/v2\/categories?post=17148"},{"taxonomy":"post_tag","embeddable":true,"href":"https:\/\/www.radiopresidenteibanez.cl\/web\/wp-json\/wp\/v2\/tags?post=17148"}],"curies":[{"name":"wp","href":"https:\/\/api.w.org\/{rel}","templated":true}]}}