{"id":17145,"date":"2020-12-21T03:45:00","date_gmt":"2020-12-21T03:45:00","guid":{"rendered":"https:\/\/www.radiopresidenteibanez.cl\/web\/?p=17145"},"modified":"2020-12-20T15:55:56","modified_gmt":"2020-12-20T15:55:56","slug":"solidaridad-un-bien-indispensable-para-el-mundo-globalizado-de-hoy-por-arnaldo-canales-director-ejecutivo-fundacion-liderazgo-chile","status":"publish","type":"post","link":"https:\/\/www.radiopresidenteibanez.cl\/web\/solidaridad-un-bien-indispensable-para-el-mundo-globalizado-de-hoy-por-arnaldo-canales-director-ejecutivo-fundacion-liderazgo-chile\/","title":{"rendered":"\u201cSOLIDARIDAD: UN BIEN INDISPENSABLE PARA EL MUNDO GLOBALIZADO DE HOY\u201d por Arnaldo Canales, Director ejecutivo Fundaci\u00f3n Liderazgo Chile"},"content":{"rendered":"\n<p>El mes de diciembre alberga diversas celebraciones que buscan unir a las personas, siendo la Navidad la m\u00e1s significativa, especialmente para los ni\u00f1os de Chile y Am\u00e9rica Latina, y porqu\u00e9 no decirlo, para el mundo entero. Otro ejemplo igual de trascendental es el que se conmemora este 20 de diciembre: el&nbsp;<strong>D\u00eda Internacional de la Solidaridad Humana<\/strong>.<\/p>\n\n\n\n<p>Tal como reza la Declaraci\u00f3n del Milenio efectuada por la Organizaci\u00f3n de las Naciones Unidas, \u201cla solidaridad es uno de los valores fundamentales y universales en que deber\u00edan basarse las relaciones entre los pueblos en el siglo 21\u201d y, en base a esto, la ONU decide proclamar el 20 de diciembre de cada a\u00f1o como el D\u00eda Internacional de la Solidaridad Humana.<br><\/p>\n\n\n\n<p><strong>\u00bfCu\u00e1l es su objetivo?<\/strong>&nbsp;Erradicar la pobreza y promover el desarrollo humano y social en los pa\u00edses menos industrializados.<strong><br><\/strong><\/p>\n\n\n\n<p>Frente a esta declaraci\u00f3n, no me cabe duda que el crecimiento del ser humano debe ser integral. Es decir, trabajemos por dejar atr\u00e1s las carencias materiales y alimentarias de millones de personas, pero al mismo tiempo hagamos un esfuerzo may\u00fasculo para la entrega de herramientas socioemocionales que nos lleven a entender de mejor forma lo que es la solidaridad, la empat\u00eda, la compasi\u00f3n amorosa.<br><\/p>\n\n\n\n<p>Busquemos que cada uno de nosotros y la sociedad entera pueda manejar sus competencias emocionales. \u00c9stas son un conjunto de conocimientos, habilidades, destrezas y actitudes, muy necesario y relevante para la toma de conciencia, en este caso para discernir sobre la importancia de la solidaridad en el desarrollo de la sociedad.<br><\/p>\n\n\n\n<p>Hoy, en que la solidaridad es un valor tan necesario para sobrellevar crisis tan grandes como la que significa la pandemia generada por el Covid-19, hagamos de esta conmemoraci\u00f3n una oportunidad para empezar a celebrar nuestra unidad en la diversidad; para promover el manejo de nuestras emociones y comprender, de mejor forma, el valor que tienen la solidaridad para lograr objetivos en com\u00fan.<br><\/p>\n\n\n\n<p>En tiempos en que la globalizaci\u00f3n y la creciente desigualdad parecen avasallarnos, fortalecer la solidaridad es un desaf\u00edo indispensable.<\/p>\n","protected":false},"excerpt":{"rendered":"<p>El mes de diciembre alberga diversas celebraciones que buscan unir a las personas, siendo la Navidad la m\u00e1s significativa, especialmente para los ni\u00f1os de Chile y Am\u00e9rica Latina, y porqu\u00e9&#8230; <a class=\"read-more\" href=\"https:\/\/www.radiopresidenteibanez.cl\/web\/solidaridad-un-bien-indispensable-para-el-mundo-globalizado-de-hoy-por-arnaldo-canales-director-ejecutivo-fundacion-liderazgo-chile\/\">Leer m\u00e1s<\/a><\/p>\n","protected":false},"author":2,"featured_media":17146,"comment_status":"closed","ping_status":"closed","sticky":false,"template":"","format":"standard","meta":{"footnotes":""},"categories":[1],"tags":[],"class_list":["post-17145","post","type-post","status-publish","format-standard","has-post-thumbnail","hentry","category-cronica"],"_links":{"self":[{"href":"https:\/\/www.radiopresidenteibanez.cl\/web\/wp-json\/wp\/v2\/posts\/17145","targetHints":{"allow":["GET"]}}],"collection":[{"href":"https:\/\/www.radiopresidenteibanez.cl\/web\/wp-json\/wp\/v2\/posts"}],"about":[{"href":"https:\/\/www.radiopresidenteibanez.cl\/web\/wp-json\/wp\/v2\/types\/post"}],"author":[{"embeddable":true,"href":"https:\/\/www.radiopresidenteibanez.cl\/web\/wp-json\/wp\/v2\/users\/2"}],"replies":[{"embeddable":true,"href":"https:\/\/www.radiopresidenteibanez.cl\/web\/wp-json\/wp\/v2\/comments?post=17145"}],"version-history":[{"count":0,"href":"https:\/\/www.radiopresidenteibanez.cl\/web\/wp-json\/wp\/v2\/posts\/17145\/revisions"}],"wp:featuredmedia":[{"embeddable":true,"href":"https:\/\/www.radiopresidenteibanez.cl\/web\/wp-json\/wp\/v2\/media\/17146"}],"wp:attachment":[{"href":"https:\/\/www.radiopresidenteibanez.cl\/web\/wp-json\/wp\/v2\/media?parent=17145"}],"wp:term":[{"taxonomy":"category","embeddable":true,"href":"https:\/\/www.radiopresidenteibanez.cl\/web\/wp-json\/wp\/v2\/categories?post=17145"},{"taxonomy":"post_tag","embeddable":true,"href":"https:\/\/www.radiopresidenteibanez.cl\/web\/wp-json\/wp\/v2\/tags?post=17145"}],"curies":[{"name":"wp","href":"https:\/\/api.w.org\/{rel}","templated":true}]}}