{"id":17142,"date":"2020-12-21T03:30:00","date_gmt":"2020-12-21T03:30:00","guid":{"rendered":"https:\/\/www.radiopresidenteibanez.cl\/web\/?p=17142"},"modified":"2020-12-20T15:52:41","modified_gmt":"2020-12-20T15:52:41","slug":"se-inauguro-monumento-a-piloto-luis-pardo-villalon","status":"publish","type":"post","link":"https:\/\/www.radiopresidenteibanez.cl\/web\/se-inauguro-monumento-a-piloto-luis-pardo-villalon\/","title":{"rendered":"SE INAUGUR\u00d3 MONUMENTO A PILOTO LUIS PARDO VILLAL\u00d3N"},"content":{"rendered":"\n<p>El pasado 18 de diciembre la Ilustre Municipalidad de Punta\nArenas, hizo recepci\u00f3n las obras del monumento a Luis Pardo Villal\u00f3n, en\navenida Costanera de la Capital Provincial.<\/p>\n\n\n\n<p>Este monumento recuerda la haza\u00f1a de Pardo en el Escampav\u00eda\n\u00abYelcho\u00bb, logrando el rescate de la expedici\u00f3n Imperial\nTransant\u00e1rtica liderada por Sir&nbsp;\nShackleton, en 1916.<\/p>\n\n\n\n<p>Este hecho liderado por un oficial de Marina Mercante al\nservicio de la Armada de Chile ha sido destacado por diversos autores\nnacionales y extranjeros, siendo Pardo parte de un proceso que liga a nuestra\npatria con el Territorio Chileno Ant\u00e1rtico.<\/p>\n\n\n\n<p>El hecho que un marino mercante haya estado al mando de una\nUnidad Naval auxiliar es parte del contexto de la \u00e9poca, en donde ante la\nescasez de oficiales Navales se contrataba para estas funciones espec\u00edficas a\noficiales de la Marina Mercante Nacional, siendo Luis Pardo Villal\u00f3n un ejemplo\nque transciende y es recordado en el himno de la Marina Mercante Nacional, por\nsu valor, entrega y sagacidad.<\/p>\n\n\n\n<p>Hoy su monumento junto a la proa original del Escampav\u00eda\n\u00abYelcho\u00bb nos recuerda un hito en nuestra historia Patria, el cual es\nun cap\u00edtulo de la presencia de Chile en el continente blanco, accionar que hoy\nen d\u00eda se plasma en la presencia de bases, expediciones cient\u00edficas,\ncooperaci\u00f3n internacional y el sostenimiento log\u00edstico de la Armada a distintos\noperadores en el Territorio Chileno Ant\u00e1rtico.<\/p>\n\n\n\n<p>Esperamos que llegado el momento la inauguraci\u00f3n de este monumento sea un punto de encuentro para la ciudadan\u00eda, recordando un pasaje \u00e9pico de nuestra historia.<\/p>\n\n\n\n<p> Leonardo Ch\u00e1vez Alvear<\/p>\n\n\n\n<p>Capit\u00e1n de Nav\u00edo,\u00a0Comandante en Jefe III Zona Naval <\/p>\n","protected":false},"excerpt":{"rendered":"<p>El pasado 18 de diciembre la Ilustre Municipalidad de Punta Arenas, hizo recepci\u00f3n las obras del monumento a Luis Pardo Villal\u00f3n, en avenida Costanera de la Capital Provincial. Este monumento&#8230; <a class=\"read-more\" href=\"https:\/\/www.radiopresidenteibanez.cl\/web\/se-inauguro-monumento-a-piloto-luis-pardo-villalon\/\">Leer m\u00e1s<\/a><\/p>\n","protected":false},"author":2,"featured_media":17143,"comment_status":"closed","ping_status":"closed","sticky":false,"template":"","format":"standard","meta":{"footnotes":""},"categories":[1],"tags":[],"class_list":["post-17142","post","type-post","status-publish","format-standard","has-post-thumbnail","hentry","category-cronica"],"_links":{"self":[{"href":"https:\/\/www.radiopresidenteibanez.cl\/web\/wp-json\/wp\/v2\/posts\/17142","targetHints":{"allow":["GET"]}}],"collection":[{"href":"https:\/\/www.radiopresidenteibanez.cl\/web\/wp-json\/wp\/v2\/posts"}],"about":[{"href":"https:\/\/www.radiopresidenteibanez.cl\/web\/wp-json\/wp\/v2\/types\/post"}],"author":[{"embeddable":true,"href":"https:\/\/www.radiopresidenteibanez.cl\/web\/wp-json\/wp\/v2\/users\/2"}],"replies":[{"embeddable":true,"href":"https:\/\/www.radiopresidenteibanez.cl\/web\/wp-json\/wp\/v2\/comments?post=17142"}],"version-history":[{"count":0,"href":"https:\/\/www.radiopresidenteibanez.cl\/web\/wp-json\/wp\/v2\/posts\/17142\/revisions"}],"wp:featuredmedia":[{"embeddable":true,"href":"https:\/\/www.radiopresidenteibanez.cl\/web\/wp-json\/wp\/v2\/media\/17143"}],"wp:attachment":[{"href":"https:\/\/www.radiopresidenteibanez.cl\/web\/wp-json\/wp\/v2\/media?parent=17142"}],"wp:term":[{"taxonomy":"category","embeddable":true,"href":"https:\/\/www.radiopresidenteibanez.cl\/web\/wp-json\/wp\/v2\/categories?post=17142"},{"taxonomy":"post_tag","embeddable":true,"href":"https:\/\/www.radiopresidenteibanez.cl\/web\/wp-json\/wp\/v2\/tags?post=17142"}],"curies":[{"name":"wp","href":"https:\/\/api.w.org\/{rel}","templated":true}]}}