{"id":17139,"date":"2020-12-21T03:15:00","date_gmt":"2020-12-21T03:15:00","guid":{"rendered":"https:\/\/www.radiopresidenteibanez.cl\/web\/?p=17139"},"modified":"2020-12-20T15:49:48","modified_gmt":"2020-12-20T15:49:48","slug":"caravana-navidena-sorprendio-con-regalos-y-alegria-a-parvulos-de-fundacion-integra","status":"publish","type":"post","link":"https:\/\/www.radiopresidenteibanez.cl\/web\/caravana-navidena-sorprendio-con-regalos-y-alegria-a-parvulos-de-fundacion-integra\/","title":{"rendered":"CARAVANA NAVIDE\u00d1A SORPRENDI\u00d3 CON REGALOS Y ALEGR\u00cdA A P\u00c1RVULOS DE FUNDACI\u00d3N INTEGRA"},"content":{"rendered":"\n<p>Una\ngran sorpresa y alegr\u00eda tuvieron los p\u00e1rvulos de los jardines infantiles y\nsalas cuna de Fundaci\u00f3n Integra, en una jornada de solidaridad donde el Viejo\nPascuero y sus ayudantes, lograron repartir cientos de regalos a los ni\u00f1os y\nni\u00f1as, dando un cierre lleno de color y felicidad al ciclo escolar 2020.<\/p>\n\n\n\n<p>Fueron\ndecenas de funcionarios de diversas instituciones, empresas y voluntarios los\nque unieron esfuerzos para entregar los regalos navide\u00f1os a los ni\u00f1os y ni\u00f1as\nde Integra, en un trabajo coordinado con los equipos educativos de cada\nestablecimiento para llegar, incluso, hasta los hogares de cada familia.<\/p>\n\n\n\n<p>\u201cEstamos\nprofundamente agradecidos con cada una de las personas involucradas en este\nnoble gesto que trajo dicha y luz a los corazones de todos nuestros ni\u00f1os y\nni\u00f1as, especialmente en un a\u00f1o tan complejo como el que vivimos. Gracias a las\ninstituciones, a las empresas y los voluntarios que hicieron posible esta gran\nhaza\u00f1a; y gracias tambi\u00e9n a los equipos educativos que durante todo este a\u00f1o\nhan dado el mayor ejemplo de vocaci\u00f3n y servicio a la primera infancia\u201d, dijo\nla directora regional de Integra, Laura Campos Mu\u00f1oz, \u201cy deseamos que cada\nfamilia de la regi\u00f3n celebre en paz y armon\u00eda estas fiestas, y sigan cuidando\nde su salud y la de sus seres amados\u201d, finaliz\u00f3.<\/p>\n\n\n\n<p>Por\nsu parte, Angela Ferrando, mam\u00e1 de Antonella, del jard\u00edn infantil y sala cuna\nKeola Kipa, se mostr\u00f3 muy sorprendida y agradecida, al igual que todos los\napoderados de los distintos establecimientos, \u201cy s\u00f3lo puedo decir que estamos\nfelices porque en este a\u00f1o tan extra\u00f1o y dif\u00edcil, nunca imaginamos que nuestros\nhijos iban a tener esta actividad, pero hoy todo se conjug\u00f3 para que los ni\u00f1os\ny ni\u00f1as de los jardines tuvieran esta gran alegr\u00eda de ver al Viejito Pascuero y\nsus ayudantes, y recibir sus regalitos\u201d.<\/p>\n\n\n\n<p>Este\na\u00f1o, el Viejo Pascuero de Gendarmer\u00eda de Chile, los \u201cayudantes del viejito\u201d de\nla Unidad de Medicina del Hospital Cl\u00ednico de Magallanes, Empresa Portuaria\nAustral, S\u00e1nchez y Sanchez, y un grupo de apoderados del Colegio Miguel de\nCervantes y voluntarios an\u00f3nimos, apadrinaron con regalos, onces y otras\nsorpresas a los jardines de la capital regional, llevando una gran alegr\u00eda a\ncientos de ni\u00f1os y ni\u00f1as, apegados a los protocolos sanitarios de la\ninstituci\u00f3n.<\/p>\n","protected":false},"excerpt":{"rendered":"<p>Una gran sorpresa y alegr\u00eda tuvieron los p\u00e1rvulos de los jardines infantiles y salas cuna de Fundaci\u00f3n Integra, en una jornada de solidaridad donde el Viejo Pascuero y sus ayudantes,&#8230; <a class=\"read-more\" href=\"https:\/\/www.radiopresidenteibanez.cl\/web\/caravana-navidena-sorprendio-con-regalos-y-alegria-a-parvulos-de-fundacion-integra\/\">Leer m\u00e1s<\/a><\/p>\n","protected":false},"author":2,"featured_media":17140,"comment_status":"closed","ping_status":"closed","sticky":false,"template":"","format":"standard","meta":{"footnotes":""},"categories":[1],"tags":[],"class_list":["post-17139","post","type-post","status-publish","format-standard","has-post-thumbnail","hentry","category-cronica"],"_links":{"self":[{"href":"https:\/\/www.radiopresidenteibanez.cl\/web\/wp-json\/wp\/v2\/posts\/17139","targetHints":{"allow":["GET"]}}],"collection":[{"href":"https:\/\/www.radiopresidenteibanez.cl\/web\/wp-json\/wp\/v2\/posts"}],"about":[{"href":"https:\/\/www.radiopresidenteibanez.cl\/web\/wp-json\/wp\/v2\/types\/post"}],"author":[{"embeddable":true,"href":"https:\/\/www.radiopresidenteibanez.cl\/web\/wp-json\/wp\/v2\/users\/2"}],"replies":[{"embeddable":true,"href":"https:\/\/www.radiopresidenteibanez.cl\/web\/wp-json\/wp\/v2\/comments?post=17139"}],"version-history":[{"count":0,"href":"https:\/\/www.radiopresidenteibanez.cl\/web\/wp-json\/wp\/v2\/posts\/17139\/revisions"}],"wp:featuredmedia":[{"embeddable":true,"href":"https:\/\/www.radiopresidenteibanez.cl\/web\/wp-json\/wp\/v2\/media\/17140"}],"wp:attachment":[{"href":"https:\/\/www.radiopresidenteibanez.cl\/web\/wp-json\/wp\/v2\/media?parent=17139"}],"wp:term":[{"taxonomy":"category","embeddable":true,"href":"https:\/\/www.radiopresidenteibanez.cl\/web\/wp-json\/wp\/v2\/categories?post=17139"},{"taxonomy":"post_tag","embeddable":true,"href":"https:\/\/www.radiopresidenteibanez.cl\/web\/wp-json\/wp\/v2\/tags?post=17139"}],"curies":[{"name":"wp","href":"https:\/\/api.w.org\/{rel}","templated":true}]}}