{"id":17136,"date":"2020-12-21T03:00:00","date_gmt":"2020-12-21T03:00:00","guid":{"rendered":"https:\/\/www.radiopresidenteibanez.cl\/web\/?p=17136"},"modified":"2020-12-20T15:46:51","modified_gmt":"2020-12-20T15:46:51","slug":"oficina-parlamentaria-del-diputado-gabriel-boric-y-guias-de-turismo-invitan-a-asamblea-virtual-sobre-el-futuro-del-sector","status":"publish","type":"post","link":"https:\/\/www.radiopresidenteibanez.cl\/web\/oficina-parlamentaria-del-diputado-gabriel-boric-y-guias-de-turismo-invitan-a-asamblea-virtual-sobre-el-futuro-del-sector\/","title":{"rendered":"OFICINA PARLAMENTARIA DEL DIPUTADO GABRIEL BORIC Y GU\u00cdAS DE TURISMO INVITAN A ASAMBLEA VIRTUAL SOBRE EL FUTURO DEL SECTOR"},"content":{"rendered":"\n<p>\n\nLa necesidad de generar un diagn\u00f3stico compartido sobre las principales consecuencias que trajo consigo la pandemia para el sector tur\u00edstico de la regi\u00f3n de Magallanes y la posibilidad de comenzar a dise\u00f1ar un nuevo modelo de trabajo y de desarrollo productivo en el marco del Proceso Constituyente, son los objetivos centrales de la Asamblea virtual: Crisis del Turismo y un nuevo modelo de trabajo para Magallanes.<\/p>\n\n\n\n<p>La iniciativa, organizada en conjunto por la Asociaci\u00f3n de Gu\u00edas de Turismo de Magallanes, la oficina parlamentaria del diputado Gabriel Boric y el Espacio Comunitario La Idea, busca implementar un espacio de reflexi\u00f3n constante y perdurable en el tiempo, que facilite la comunicaci\u00f3n entre el sector tur\u00edstico de la regi\u00f3n, la labor legislativa del diputado Boric y los potenciales Constituyentes, quienes ser\u00e1n electos democr\u00e1ticamente el 11 de abril de 2021. &nbsp;Para ello, se implementar\u00e1 una metodolog\u00eda participativa que permita elaborar insumos relevantes para la discusi\u00f3n sobre la nueva Constituci\u00f3n.<\/p>\n\n\n\n<p>El diputado Boric destac\u00f3 que \u201cqueremos generar un espacio abierto de conversaci\u00f3n que nos permita entregar insumos a los futuros constituyentes. La ciudadan\u00eda tiene ganas de participar, de ser parte de este proceso hist\u00f3rico y nosotros queremos poner todas nuestras herramientas a disposici\u00f3n de los magall\u00e1nicos y magall\u00e1nicas\u201d.<\/p>\n\n\n\n<p>En tanto, el presidente de la Asociaci\u00f3n de Gu\u00edas de Turismo de Magallanes, Jaime Maynard, indic\u00f3 que esta actividad \u201cpretende ser una instancia abierta y participativa, que busca convocar a la mayor cantidad de personas y gremios del sector turismo\u201d. Adem\u00e1s, agreg\u00f3: \u201cPretendemos que esta sea una generaci\u00f3n de insumos, ideas, proyectos para trabajar en el proceso de reactivaci\u00f3n del sector. Tambi\u00e9n, esto mismo para ser considerado por los potenciales constituyentes y por ende, ser incorporados a la nueva Constituci\u00f3n pol\u00edtica\u201d.&nbsp;<\/p>\n\n\n\n<p>La actividad se llevar\u00e1 a cabo por la plataforma Zoom este martes 22 diciembre a las 15 horas y las inscripciones est\u00e1n abiertas en el correo&nbsp;<a href=\"mailto:laidea@gabrielboric.cl\">laidea@gabrielboric.cl<\/a><\/p>\n","protected":false},"excerpt":{"rendered":"<p>La necesidad de generar un diagn\u00f3stico compartido sobre las principales consecuencias que trajo consigo la pandemia para el sector tur\u00edstico de la regi\u00f3n de Magallanes y la posibilidad de comenzar&#8230; <a class=\"read-more\" href=\"https:\/\/www.radiopresidenteibanez.cl\/web\/oficina-parlamentaria-del-diputado-gabriel-boric-y-guias-de-turismo-invitan-a-asamblea-virtual-sobre-el-futuro-del-sector\/\">Leer m\u00e1s<\/a><\/p>\n","protected":false},"author":2,"featured_media":17137,"comment_status":"closed","ping_status":"closed","sticky":false,"template":"","format":"standard","meta":{"footnotes":""},"categories":[1],"tags":[],"class_list":["post-17136","post","type-post","status-publish","format-standard","has-post-thumbnail","hentry","category-cronica"],"_links":{"self":[{"href":"https:\/\/www.radiopresidenteibanez.cl\/web\/wp-json\/wp\/v2\/posts\/17136","targetHints":{"allow":["GET"]}}],"collection":[{"href":"https:\/\/www.radiopresidenteibanez.cl\/web\/wp-json\/wp\/v2\/posts"}],"about":[{"href":"https:\/\/www.radiopresidenteibanez.cl\/web\/wp-json\/wp\/v2\/types\/post"}],"author":[{"embeddable":true,"href":"https:\/\/www.radiopresidenteibanez.cl\/web\/wp-json\/wp\/v2\/users\/2"}],"replies":[{"embeddable":true,"href":"https:\/\/www.radiopresidenteibanez.cl\/web\/wp-json\/wp\/v2\/comments?post=17136"}],"version-history":[{"count":0,"href":"https:\/\/www.radiopresidenteibanez.cl\/web\/wp-json\/wp\/v2\/posts\/17136\/revisions"}],"wp:featuredmedia":[{"embeddable":true,"href":"https:\/\/www.radiopresidenteibanez.cl\/web\/wp-json\/wp\/v2\/media\/17137"}],"wp:attachment":[{"href":"https:\/\/www.radiopresidenteibanez.cl\/web\/wp-json\/wp\/v2\/media?parent=17136"}],"wp:term":[{"taxonomy":"category","embeddable":true,"href":"https:\/\/www.radiopresidenteibanez.cl\/web\/wp-json\/wp\/v2\/categories?post=17136"},{"taxonomy":"post_tag","embeddable":true,"href":"https:\/\/www.radiopresidenteibanez.cl\/web\/wp-json\/wp\/v2\/tags?post=17136"}],"curies":[{"name":"wp","href":"https:\/\/api.w.org\/{rel}","templated":true}]}}