{"id":17134,"date":"2020-12-20T15:38:32","date_gmt":"2020-12-20T15:38:32","guid":{"rendered":"https:\/\/www.radiopresidenteibanez.cl\/web\/?p=17134"},"modified":"2020-12-20T15:38:38","modified_gmt":"2020-12-20T15:38:38","slug":"sujeto-fue-condenado-por-reiteradas-agresiones-sexuales-a-menor-de-14-anos","status":"publish","type":"post","link":"https:\/\/www.radiopresidenteibanez.cl\/web\/sujeto-fue-condenado-por-reiteradas-agresiones-sexuales-a-menor-de-14-anos\/","title":{"rendered":"SUJETO FUE CONDENADO POR REITERADAS AGRESIONES SEXUALES A MENOR DE 14 A\u00d1OS"},"content":{"rendered":"\n<p>En juicio oral, hoy fue condenado B.A.B.G,<strong>\u00a0 <\/strong>como autor de reiterados abusos sexuales y de violaciones\u00a0 en contra de una menor de edad. La audiencia de lectura del fallo se efectuar\u00e1 el mi\u00e9rcoles 23 de diciembre, a las 13:00 horas, v\u00eda remota.<\/p>\n\n\n\n<p>Durante el juicio, la Fiscal Wendoline Acu\u00f1a, prob\u00f3\nque los hechos fueron cometidos A comienzos del a\u00f1o 2019,&nbsp; en\ncircunstancias que la victima de entonces 14 a\u00f1os &nbsp;se encontraba en el domicilio del acusado, &nbsp;quien aprovechando ser persona conocida de la\nfamilia de la ni\u00f1a, la llev\u00f3 hasta all\u00ed &nbsp;con el fin de agredir sexualmente, lo cual\ncomenz\u00f3 a hacer de manera reiterada, durante ese a\u00f1o.<\/p>\n","protected":false},"excerpt":{"rendered":"<p>En juicio oral, hoy fue condenado B.A.B.G,\u00a0 como autor de reiterados abusos sexuales y de violaciones\u00a0 en contra de una menor de edad. La audiencia de lectura del fallo se&#8230; <a class=\"read-more\" href=\"https:\/\/www.radiopresidenteibanez.cl\/web\/sujeto-fue-condenado-por-reiteradas-agresiones-sexuales-a-menor-de-14-anos\/\">Leer m\u00e1s<\/a><\/p>\n","protected":false},"author":2,"featured_media":740,"comment_status":"closed","ping_status":"closed","sticky":false,"template":"","format":"standard","meta":{"footnotes":""},"categories":[1],"tags":[],"class_list":["post-17134","post","type-post","status-publish","format-standard","has-post-thumbnail","hentry","category-cronica"],"_links":{"self":[{"href":"https:\/\/www.radiopresidenteibanez.cl\/web\/wp-json\/wp\/v2\/posts\/17134","targetHints":{"allow":["GET"]}}],"collection":[{"href":"https:\/\/www.radiopresidenteibanez.cl\/web\/wp-json\/wp\/v2\/posts"}],"about":[{"href":"https:\/\/www.radiopresidenteibanez.cl\/web\/wp-json\/wp\/v2\/types\/post"}],"author":[{"embeddable":true,"href":"https:\/\/www.radiopresidenteibanez.cl\/web\/wp-json\/wp\/v2\/users\/2"}],"replies":[{"embeddable":true,"href":"https:\/\/www.radiopresidenteibanez.cl\/web\/wp-json\/wp\/v2\/comments?post=17134"}],"version-history":[{"count":0,"href":"https:\/\/www.radiopresidenteibanez.cl\/web\/wp-json\/wp\/v2\/posts\/17134\/revisions"}],"wp:featuredmedia":[{"embeddable":true,"href":"https:\/\/www.radiopresidenteibanez.cl\/web\/wp-json\/wp\/v2\/media\/740"}],"wp:attachment":[{"href":"https:\/\/www.radiopresidenteibanez.cl\/web\/wp-json\/wp\/v2\/media?parent=17134"}],"wp:term":[{"taxonomy":"category","embeddable":true,"href":"https:\/\/www.radiopresidenteibanez.cl\/web\/wp-json\/wp\/v2\/categories?post=17134"},{"taxonomy":"post_tag","embeddable":true,"href":"https:\/\/www.radiopresidenteibanez.cl\/web\/wp-json\/wp\/v2\/tags?post=17134"}],"curies":[{"name":"wp","href":"https:\/\/api.w.org\/{rel}","templated":true}]}}