{"id":17131,"date":"2020-12-21T02:45:00","date_gmt":"2020-12-21T02:45:00","guid":{"rendered":"https:\/\/www.radiopresidenteibanez.cl\/web\/?p=17131"},"modified":"2020-12-20T15:37:11","modified_gmt":"2020-12-20T15:37:11","slug":"la-importancia-del-ejercicio-fisico-para-la-salud-en-pandemia","status":"publish","type":"post","link":"https:\/\/www.radiopresidenteibanez.cl\/web\/la-importancia-del-ejercicio-fisico-para-la-salud-en-pandemia\/","title":{"rendered":"LA IMPORTANCIA DEL EJERCICIO F\u00cdSICO PARA LA SALUD EN PANDEMIA"},"content":{"rendered":"\n<p>En estos\ntiempos de pandemia y cuarentenas, la actividad f\u00edsica se ha visto afectada de\nuna u otra manera en gran parte de nuestra poblaci\u00f3n. Es por ello que el Servicio\nde Medicina F\u00edsica y Rehabilitaci\u00f3n del Hospital Dr. Augusto Essmann Burgos\nrealiza un llamado a realizar actividad f\u00edsica y as\u00ed reducir diversas\npatolog\u00edas asociadas al sedentarismo. <\/p>\n\n\n\n<p>El kinesi\u00f3logo\ny jefe del Servicio de Medicina F\u00edsica y Rehabilitaci\u00f3n, Jorge D\u00edaz Bustamante\nse\u00f1alo: \u201cSeg\u00fan la \u00faltima Encuesta Nacional de Salud 2016-2017, el 86,7% de la\npoblaci\u00f3n chilena es sedentaria, lo que, para datos pr\u00e1cticos, se define como\nno realizar actividad f\u00edsica al menos 30 minutos, 3 veces por semana en el\n\u00faltimo mes. La recomendaci\u00f3n de actividad f\u00edsica seg\u00fan la OMS y el Colegio\nAmericano de Medicina deportiva debe incorporar 4 par\u00e1metros que permitan\nentregar una indicaci\u00f3n ordenada y clara\u201d<\/p>\n\n\n\n<p>Respecto\na estos par\u00e1metros se\u00f1alados por el profesional se destacan:<\/p>\n\n\n\n<p><strong>Frecuencia:<\/strong>\ncorresponde a n\u00famero de d\u00edas por semana en que se realiza el entrenamiento. Se\nrecomienda 3 a 5 d\u00edas por semana; 5 sesiones o m\u00e1s de moderada intensidad o 3\nsesiones de intensidad vigorosa.<\/p>\n\n\n\n<p><strong>Intensidad:<\/strong> Nivel\nde esfuerzo necesario para realizar ejercicio f\u00edsico. La intensidad de\nejercicio se mide a trav\u00e9s del consumo de ox\u00edgeno, este par\u00e1metro tiene buena\ncorrelaci\u00f3n con que la persona puede hablar sin dificultad mientras realiza el\nejercicio, si no lo puede hacer es actividad de alta intensidad.<\/p>\n\n\n\n<p><strong>Tiempo:<\/strong>\nDuraci\u00f3n de la sesi\u00f3n. Se recomienda duraci\u00f3n entre 20 y 60 minutos de\nactividad continua aer\u00f3bica con la intensidad elegida.<\/p>\n\n\n\n<p><strong>Tipo de\nejercicio:<\/strong> De acuerdo las caracter\u00edsticas personales, se recomienda actividad de\nbajo impacto en individuos de edad avanzada, antecedente de lesiones o\nenfermedad m\u00fasculo esquel\u00e9ticas, posmenopausia y exceso de peso.<\/p>\n\n\n\n<p>Para\nfinalizar, D\u00edaz Bustamante coment\u00f3: \u201cel sedentarismo es un factor de riesgo\nprevalente en Chile y el mundo y est\u00e1 asociado a mortalidad, patolog\u00eda\ncardiovascular y de salud mental, sobre todo en nuestros adultos mayores, as\u00ed\nque el llamado es a realizar actividad f\u00edsica incluso estando en nuestros propios\nhogares\u201d.<\/p>\n","protected":false},"excerpt":{"rendered":"<p>En estos tiempos de pandemia y cuarentenas, la actividad f\u00edsica se ha visto afectada de una u otra manera en gran parte de nuestra poblaci\u00f3n. Es por ello que el&#8230; <a class=\"read-more\" href=\"https:\/\/www.radiopresidenteibanez.cl\/web\/la-importancia-del-ejercicio-fisico-para-la-salud-en-pandemia\/\">Leer m\u00e1s<\/a><\/p>\n","protected":false},"author":2,"featured_media":17132,"comment_status":"closed","ping_status":"closed","sticky":false,"template":"","format":"standard","meta":{"footnotes":""},"categories":[1],"tags":[],"class_list":["post-17131","post","type-post","status-publish","format-standard","has-post-thumbnail","hentry","category-cronica"],"_links":{"self":[{"href":"https:\/\/www.radiopresidenteibanez.cl\/web\/wp-json\/wp\/v2\/posts\/17131","targetHints":{"allow":["GET"]}}],"collection":[{"href":"https:\/\/www.radiopresidenteibanez.cl\/web\/wp-json\/wp\/v2\/posts"}],"about":[{"href":"https:\/\/www.radiopresidenteibanez.cl\/web\/wp-json\/wp\/v2\/types\/post"}],"author":[{"embeddable":true,"href":"https:\/\/www.radiopresidenteibanez.cl\/web\/wp-json\/wp\/v2\/users\/2"}],"replies":[{"embeddable":true,"href":"https:\/\/www.radiopresidenteibanez.cl\/web\/wp-json\/wp\/v2\/comments?post=17131"}],"version-history":[{"count":0,"href":"https:\/\/www.radiopresidenteibanez.cl\/web\/wp-json\/wp\/v2\/posts\/17131\/revisions"}],"wp:featuredmedia":[{"embeddable":true,"href":"https:\/\/www.radiopresidenteibanez.cl\/web\/wp-json\/wp\/v2\/media\/17132"}],"wp:attachment":[{"href":"https:\/\/www.radiopresidenteibanez.cl\/web\/wp-json\/wp\/v2\/media?parent=17131"}],"wp:term":[{"taxonomy":"category","embeddable":true,"href":"https:\/\/www.radiopresidenteibanez.cl\/web\/wp-json\/wp\/v2\/categories?post=17131"},{"taxonomy":"post_tag","embeddable":true,"href":"https:\/\/www.radiopresidenteibanez.cl\/web\/wp-json\/wp\/v2\/tags?post=17131"}],"curies":[{"name":"wp","href":"https:\/\/api.w.org\/{rel}","templated":true}]}}