{"id":17125,"date":"2020-12-20T02:15:00","date_gmt":"2020-12-20T02:15:00","guid":{"rendered":"https:\/\/www.radiopresidenteibanez.cl\/web\/?p=17125"},"modified":"2020-12-18T17:43:11","modified_gmt":"2020-12-18T17:43:11","slug":"sindicato-de-trabajadores-de-enap-preocupados-por-posibles-despidos-en-las-proximas-jornadas","status":"publish","type":"post","link":"https:\/\/www.radiopresidenteibanez.cl\/web\/sindicato-de-trabajadores-de-enap-preocupados-por-posibles-despidos-en-las-proximas-jornadas\/","title":{"rendered":"SINDICATO DE TRABAJADORES DE ENAP PREOCUPADOS POR POSIBLES DESPIDOS EN LAS PR\u00d3XIMAS JORNADAS"},"content":{"rendered":"\n<p><em>As\u00ed\nlo manifest\u00f3 la directiva del sindicato de trabajadores a trav\u00e9s de su\npresidente Alejandro Avenda\u00f1o Gallardo, quien se\u00f1alo: Aqu\u00ed estamos frente a una\nGerencia que miente y cruel, esto avalado por la \u00faltima reuni\u00f3n con el gerente\ngeneral Andres Roccatagliata y toda la dirigencia sindical de todas las\nfiliales en la bajada de resultado y ante la pregunta del sindicato de\nMagallanes si habr\u00e1 despidos se\u00f1alo: <strong>\u201del\ndirectorio ha sido bien claro, el que habla tambi\u00e9n, de que para este a\u00f1o no\nhicimos un plan de egreso y con respecto al 2021 tampoco habr\u00eda un plan de\negreso\u201d<\/strong> y ahora quieren desconocer y camuflar los despidos diciendo que se\nhar\u00e1 una nueva estructura y ello implica despedir trabajadores, este gobierno,\nel directorio y gerente se quiere dar un nuevo gustito al despedir nuevamente\ntrabajadores, ya nos despidi\u00f3 320 trabajadores y anteriormente el 2019 y con la\ncrueldad que al igual que ahora los anuncios comienza justo antes de las\nfiestas de navidad, a\u00f1o nuevo y en medio de una tremenda pandemia, creando una\ntremenda incertidumbre e inquietud no solo de los trabajadores si no que de la\nfamilia, y donde los trabajadores y trabajadoras con gran esfuerzo con una\ndotaci\u00f3n m\u00ednima, con contagios de muchos de ellos han estado al frente para\nasegurar el gas y el combustible a la regi\u00f3n, la primera consecuencia de la\ninquietud y temor la tuvimos esta madrugada donde un operador de producci\u00f3n cae\ndesde una planchada de 10 metros con su veh\u00edculo que guiaba, no nos cabe duda\nque su pensamiento esta en lo que se puede venir al igual que muchos otros\ntrabajadores y trabajadoras los mantiene inquietos y este tipo de noticia\natenta contra la seguridad.<\/em><\/p>\n\n\n\n<p><em>Bajo\nlos dos gobiernos de pi\u00f1era los trabajadores de Enap hemos tenido que enfrentar\ndespidos en su primer gobierno sufrimos el despido de mas de 500 trabajadores,\ndonde en Magallanes fueron 287 trabajadores, y hoy nuevamente un gobierno que\ntiene un 7% de aprobaci\u00f3n avala esta situaci\u00f3n, esto ya que el gerente general\nen la reuni\u00f3n mencionada anteriormente se\u00f1alo: <strong>\u201cha habido muchas presiones y al director laboral le consta. Por\nescrito, de la DIPRES, de hacienda, de todos los ministerios para que tengamos\nun plan de egreso\u201d<\/strong> queda claro que este gobierno al igual que esta\nadministraci\u00f3n est\u00e1 detr\u00e1s de los despidos.<\/em><\/p>\n\n\n\n<p><em>&nbsp;Emplazamos a nuestro director laboral Marcos\nVaras representante de los trabajadores en el directorio corporativo se\npronuncie p\u00fablicamente sobre esta situaci\u00f3n y no guarde silencio, ese puesto lo\ntiene para defender a los trabajadores y trabajadoras y si se llegase a\nconcretar estos despidos sencillamente debiera renunciar al cargo.<\/em><\/p>\n\n\n\n<p><em>Aqu\u00ed\nno hay raz\u00f3n alguna para efectuar estos despidos, si quieren efectuar una\nreestructuraci\u00f3n esta debe ser a nivel ejecutivos no de trabajadores, aqu\u00ed los\ntrabajadores hemos cumplidos los tres objetivos que nos pidieron, uno La\nseguridad, dos asegurar el gas y los combustibles para la regi\u00f3n y el pa\u00eds y\ntercero bajar los costos, donde se nos pidi\u00f3 entregar algunos beneficios de\nnuestro convenio colectivo hasta el 31 de diciembre de este a\u00f1o y al cual\naccedimos como trabajadores para que ahora nos paguen con despidos.<\/em><\/p>\n\n\n\n<p><em>Finalmente\nse\u00f1alar que esta directiva junto a nuestro cuerpo de delegados de las\ndiferentes \u00e1reas de trabajo estamos evaluando a ir tomando acciones concretas\ncomo la suspensi\u00f3n de las horas de sobretiempo y la detenci\u00f3n de los dos\nequipos de perforaciones que esta vez no seria por la pandemia si no por los\ndespidos que quiere llevar adelante esta administraci\u00f3n y estaremos atentos que\npasara en la \u00faltima reuni\u00f3n de directorio este 29 de diciembre del 2020\njustamente cuando cumpliremos 75 a\u00f1os del descubrimiento del petr\u00f3leo y que\nsupuestamente tomar\u00edan la decisi\u00f3n, finalizo se\u00f1alando Avenda\u00f1o dirigente de\nlos petroleros.<\/em><\/p>\n","protected":false},"excerpt":{"rendered":"<p>As\u00ed lo manifest\u00f3 la directiva del sindicato de trabajadores a trav\u00e9s de su presidente Alejandro Avenda\u00f1o Gallardo, quien se\u00f1alo: Aqu\u00ed estamos frente a una Gerencia que miente y cruel, esto&#8230; <a class=\"read-more\" href=\"https:\/\/www.radiopresidenteibanez.cl\/web\/sindicato-de-trabajadores-de-enap-preocupados-por-posibles-despidos-en-las-proximas-jornadas\/\">Leer m\u00e1s<\/a><\/p>\n","protected":false},"author":2,"featured_media":14359,"comment_status":"closed","ping_status":"closed","sticky":false,"template":"","format":"standard","meta":{"footnotes":""},"categories":[1],"tags":[],"class_list":["post-17125","post","type-post","status-publish","format-standard","has-post-thumbnail","hentry","category-cronica"],"_links":{"self":[{"href":"https:\/\/www.radiopresidenteibanez.cl\/web\/wp-json\/wp\/v2\/posts\/17125","targetHints":{"allow":["GET"]}}],"collection":[{"href":"https:\/\/www.radiopresidenteibanez.cl\/web\/wp-json\/wp\/v2\/posts"}],"about":[{"href":"https:\/\/www.radiopresidenteibanez.cl\/web\/wp-json\/wp\/v2\/types\/post"}],"author":[{"embeddable":true,"href":"https:\/\/www.radiopresidenteibanez.cl\/web\/wp-json\/wp\/v2\/users\/2"}],"replies":[{"embeddable":true,"href":"https:\/\/www.radiopresidenteibanez.cl\/web\/wp-json\/wp\/v2\/comments?post=17125"}],"version-history":[{"count":0,"href":"https:\/\/www.radiopresidenteibanez.cl\/web\/wp-json\/wp\/v2\/posts\/17125\/revisions"}],"wp:featuredmedia":[{"embeddable":true,"href":"https:\/\/www.radiopresidenteibanez.cl\/web\/wp-json\/wp\/v2\/media\/14359"}],"wp:attachment":[{"href":"https:\/\/www.radiopresidenteibanez.cl\/web\/wp-json\/wp\/v2\/media?parent=17125"}],"wp:term":[{"taxonomy":"category","embeddable":true,"href":"https:\/\/www.radiopresidenteibanez.cl\/web\/wp-json\/wp\/v2\/categories?post=17125"},{"taxonomy":"post_tag","embeddable":true,"href":"https:\/\/www.radiopresidenteibanez.cl\/web\/wp-json\/wp\/v2\/tags?post=17125"}],"curies":[{"name":"wp","href":"https:\/\/api.w.org\/{rel}","templated":true}]}}