{"id":17118,"date":"2020-12-21T02:15:00","date_gmt":"2020-12-21T02:15:00","guid":{"rendered":"https:\/\/www.radiopresidenteibanez.cl\/web\/?p=17118"},"modified":"2020-12-18T17:24:20","modified_gmt":"2020-12-18T17:24:20","slug":"finalizan-sesiones-de-la-mesa-de-trabajo-punta-arenas-la-ciudad-que-queremos","status":"publish","type":"post","link":"https:\/\/www.radiopresidenteibanez.cl\/web\/finalizan-sesiones-de-la-mesa-de-trabajo-punta-arenas-la-ciudad-que-queremos\/","title":{"rendered":"FINALIZAN SESIONES DE LA MESA DE TRABAJO   \u201cPUNTA ARENAS LA CIUDAD QUE QUEREMOS\u201d"},"content":{"rendered":"\n<p>Despu\u00e9s de diez encuentros y varios meses de analizar los desaf\u00edos acordados -Ciudad justa y equitativa; conservaci\u00f3n y medio ambiente; turismo y ciencias, y tradiciones, cultura y patrimonio- se realiz\u00f3 la \u00faltima sesi\u00f3n de la Mesa de Trabajo \u201cPunta Arenas: la ciudad que queremos\u201d, que por m\u00e1s de un a\u00f1o reuni\u00f3 al mundo p\u00fablico y privado y a distintos actores preocupados del urbanismo de la capital magall\u00e1nica.<\/p>\n\n\n\n<p>Durante la \u00faltima sesi\u00f3n, organizada por la C\u00e1mara Chilena de la Construcci\u00f3n Punta Arenas y Corporaci\u00f3n Ciudades, los expertos comentaron c\u00f3mo fue todo este proceso que, en t\u00e9rminos generales, busca mejorar la planificaci\u00f3n de la capital magall\u00e1nica y colaborar en la construcci\u00f3n de una visi\u00f3n de ciudad de largo plazo.<\/p>\n\n\n\n<p>Asimismo, en la instancia se analizaron dise\u00f1os y proyectos urbanos propuestos para la primera etapa, as\u00ed como una estrategia de intervenci\u00f3n que se dar\u00e1 a conocer en las pr\u00f3ximas semanas a la comunidad.<\/p>\n\n\n\n<p>El objetivo fue priorizar iniciativas que permitan mejorar la planificaci\u00f3n urbana de Punta Arenas, explic\u00f3 el director ejecutivo de Corporaci\u00f3n Ciudades, Juan Manuel S\u00e1nchez: \u201cEsta capital tiene enormes potencialidades y gracias a este trabajo vamos a poder so\u00f1ar y planificar una visi\u00f3n de ciudad de futuro, que articule la pol\u00edtica p\u00fablica y tambi\u00e9n los desaf\u00edos privados en el territorio\u201d, expres\u00f3.<\/p>\n\n\n\n<p>Carlos Braun, presidente de CChC Punta Arenas, hace hincapi\u00e9 en la gran convocatoria de diversos actores de la comuna que participaron activamente en todo el proceso: \u201cEstamos muy contentos porque se mostr\u00f3 un compromiso importante de todos los integrantes de la Mesa, dado que a pesar de todas las situaciones que atravesamos este a\u00f1o el entusiasmo en esta iniciativa no decay\u00f3. La gran asistencia constante a las sesiones permiti\u00f3 llegar a resultados sumamente diversos que confluyeron en una imagen-objetivo para Punta Arenas sumamente completa y \u00f3ptima para implementarla a futuro, de hecho ser\u00e1 insumo importante para todo el proceso de modificaciones al Plan Regulador Comunal que se har\u00e1 durante el 2021\u201d.<\/p>\n\n\n\n<p>Este in\u00e9dito proceso de planificaci\u00f3n urbana, que tuvo dentro de sus hitos la realizaci\u00f3n de un concurso fotogr\u00e1fico donde los puntarenenses expresaron a trav\u00e9s de las im\u00e1genes sus sue\u00f1os para la ciudad, se vio dificultado por la emergencia sanitaria que afecta al mundo. Sin embargo, los encuentros online permitieron finalizar el trabajo cuyos resultados finales ser\u00e1n dados a conocer las pr\u00f3ximas semanas.&nbsp;<\/p>\n","protected":false},"excerpt":{"rendered":"<p>Despu\u00e9s de diez encuentros y varios meses de analizar los desaf\u00edos acordados -Ciudad justa y equitativa; conservaci\u00f3n y medio ambiente; turismo y ciencias, y tradiciones, cultura y patrimonio- se realiz\u00f3&#8230; <a class=\"read-more\" href=\"https:\/\/www.radiopresidenteibanez.cl\/web\/finalizan-sesiones-de-la-mesa-de-trabajo-punta-arenas-la-ciudad-que-queremos\/\">Leer m\u00e1s<\/a><\/p>\n","protected":false},"author":2,"featured_media":17120,"comment_status":"closed","ping_status":"closed","sticky":false,"template":"","format":"standard","meta":{"footnotes":""},"categories":[1],"tags":[],"class_list":["post-17118","post","type-post","status-publish","format-standard","has-post-thumbnail","hentry","category-cronica"],"_links":{"self":[{"href":"https:\/\/www.radiopresidenteibanez.cl\/web\/wp-json\/wp\/v2\/posts\/17118","targetHints":{"allow":["GET"]}}],"collection":[{"href":"https:\/\/www.radiopresidenteibanez.cl\/web\/wp-json\/wp\/v2\/posts"}],"about":[{"href":"https:\/\/www.radiopresidenteibanez.cl\/web\/wp-json\/wp\/v2\/types\/post"}],"author":[{"embeddable":true,"href":"https:\/\/www.radiopresidenteibanez.cl\/web\/wp-json\/wp\/v2\/users\/2"}],"replies":[{"embeddable":true,"href":"https:\/\/www.radiopresidenteibanez.cl\/web\/wp-json\/wp\/v2\/comments?post=17118"}],"version-history":[{"count":0,"href":"https:\/\/www.radiopresidenteibanez.cl\/web\/wp-json\/wp\/v2\/posts\/17118\/revisions"}],"wp:featuredmedia":[{"embeddable":true,"href":"https:\/\/www.radiopresidenteibanez.cl\/web\/wp-json\/wp\/v2\/media\/17120"}],"wp:attachment":[{"href":"https:\/\/www.radiopresidenteibanez.cl\/web\/wp-json\/wp\/v2\/media?parent=17118"}],"wp:term":[{"taxonomy":"category","embeddable":true,"href":"https:\/\/www.radiopresidenteibanez.cl\/web\/wp-json\/wp\/v2\/categories?post=17118"},{"taxonomy":"post_tag","embeddable":true,"href":"https:\/\/www.radiopresidenteibanez.cl\/web\/wp-json\/wp\/v2\/tags?post=17118"}],"curies":[{"name":"wp","href":"https:\/\/api.w.org\/{rel}","templated":true}]}}