{"id":17115,"date":"2020-12-20T02:00:00","date_gmt":"2020-12-20T02:00:00","guid":{"rendered":"https:\/\/www.radiopresidenteibanez.cl\/web\/?p=17115"},"modified":"2020-12-18T17:21:28","modified_gmt":"2020-12-18T17:21:28","slug":"foji-celebrara-el-dia-internacional-de-la-solidaridad-regalando-musica-a-servicios-sociales-de-todo-chile","status":"publish","type":"post","link":"https:\/\/www.radiopresidenteibanez.cl\/web\/foji-celebrara-el-dia-internacional-de-la-solidaridad-regalando-musica-a-servicios-sociales-de-todo-chile\/","title":{"rendered":"FOJI CELEBRAR\u00c1 EL D\u00cdA INTERNACIONAL DE LA SOLIDARIDAD REGALANDO M\u00daSICA A SERVICIOS SOCIALES DE TODO CHILE"},"content":{"rendered":"\n<p>Este domingo 20 de diciembre, la Fundaci\u00f3n de Orquestas Juveniles e\nInfantiles de Chile (FOJI), celebrar\u00e1 el D\u00eda Internacional de la Solidaridad\nregalando m\u00fasica online a servicios sociales de todo el pa\u00eds.<\/p>\n\n\n\n<p>Se trata de una campa\u00f1a impulsada por los \u201cM\u00fasicos Solidarios de la\nFOJI\u201d, que durante el a\u00f1o llevan m\u00fasica a hospitales, cl\u00ednicas, hogares de\nni\u00f1os y adultos mayores, pero que esta vez quisieron estar presente de manera\nonline en el D\u00eda<strong> Internacional de la\nSolidaridad<\/strong> y regalar todo su talento a los m\u00e1s necesitados.<\/p>\n\n\n\n<p>Los j\u00f3venes pertenecientes a las 18 orquestas de la FOJI en todo Chile,\nse inscribieron de manera voluntaria para participar de esta hermosa\niniciativa, fue as\u00ed como desarrollaron los videos que ellos mismo decidieron\nelegir y regalar a un servicio social de cada regi\u00f3n del pa\u00eds.<\/p>\n\n\n\n<p>&nbsp;\u201cEstos ni\u00f1os y j\u00f3venes nos\ninspiran a tener un mejor pa\u00eds, ya que ellos quieren retribuir de manera\nvoluntaria lo que se les ha entregado en su formaci\u00f3n social y musical, siendo\nsolidarios con los que m\u00e1s necesitan en estos momentos. Este es el alma y el\nesp\u00edritu de la Comunidad FOJI que seguiremos fortaleciendo y trabajando\u201d, se\u00f1al\u00f3\nla primera dama y Presidenta de la FOJI, Cecilia Morel.<\/p>\n\n\n\n<p>Algunos de los lugares donde llegar\u00e1 esta campa\u00f1a ser\u00e1 el Aula\nHospitalaria \u201cSan Sebasti\u00e1n\u201d de Arica, Hogar de Ancianos Nuestra Se\u00f1ora de\nAndacollo en Coquimbo, Casa de Larga Estad\u00eda \u201cAmada Lucia\u201d en el Maule,\nFundaci\u00f3n Manos que Ayudan Patagonia, Fundaci\u00f3n Refugio de Ema\u00fas de la ciudad\nde Angol, entre otras instituciones. En la regi\u00f3n de Magallanes, el concierto\nir\u00e1 dedicado a la escuela Padre Alberto Hurtado. <\/p>\n\n\n\n<p>\u201cEstamos realmente orgullosos que los \u201cM\u00fasicos Solidarios de la FOJI\u201d\nsigan creciendo, partimos en Santiago, pero nos dimos cuenta que muchos j\u00f3venes\nde todo Chile quer\u00edan participar y devolver una mano solidaria con todo su\ntalento. Estamos seguros que cuando la pandemia termin\u00e9 ellos van a querer\nrealizar estos conciertos de manera presencial\u201d, coment\u00f3 Alejandra Kantor,\nDirectora Ejecutiva de la FOJI.&nbsp; <\/p>\n\n\n\n<p>Durante varios meses los ni\u00f1os y j\u00f3venes prepararon estos videos que\nrepresentar\u00e1n las 16 regiones de nuestro pa\u00eds y que todas las personas podr\u00e1n verlos\nen el canal de YouTube de la FOJI.<\/p>\n\n\n\n<p>La Fundaci\u00f3n Orquestas Juveniles e Infantiles (FOJI), perteneciente a la\nRed de Fundaciones de la Presidencia y que encabeza la primera dama, Cecilia\nMorel, es una instituci\u00f3n sin fines de lucro, entrega becas para ni\u00f1os y\nj\u00f3venes m\u00fasicos, organiza cursos de instrumentos y direcci\u00f3n orquestal,\nconcursos de interpretaci\u00f3n, festivales, temporadas de conciertos y fondos\nconcursables.<\/p>\n\n\n\n<p>Hoy son m\u00e1s de 500 las Orquestas Juveniles e Infantiles que se\nencuentran distribuidas de Arica a Punta Arenas, en 170 comunas del pa\u00eds.\nAsimismo, la FOJI ya cuenta con m\u00e1s de 25 mil ni\u00f1os y j\u00f3venes quienes ofrecen\ncerca de 3 mil conciertos anuales con la presencia de aproximadamente un mill\u00f3n\nde personas.<\/p>\n","protected":false},"excerpt":{"rendered":"<p>Este domingo 20 de diciembre, la Fundaci\u00f3n de Orquestas Juveniles e Infantiles de Chile (FOJI), celebrar\u00e1 el D\u00eda Internacional de la Solidaridad regalando m\u00fasica online a servicios sociales de todo&#8230; <a class=\"read-more\" href=\"https:\/\/www.radiopresidenteibanez.cl\/web\/foji-celebrara-el-dia-internacional-de-la-solidaridad-regalando-musica-a-servicios-sociales-de-todo-chile\/\">Leer m\u00e1s<\/a><\/p>\n","protected":false},"author":2,"featured_media":17116,"comment_status":"closed","ping_status":"closed","sticky":false,"template":"","format":"standard","meta":{"footnotes":""},"categories":[4],"tags":[],"class_list":["post-17115","post","type-post","status-publish","format-standard","has-post-thumbnail","hentry","category-entretenimiento-y-cultura"],"_links":{"self":[{"href":"https:\/\/www.radiopresidenteibanez.cl\/web\/wp-json\/wp\/v2\/posts\/17115","targetHints":{"allow":["GET"]}}],"collection":[{"href":"https:\/\/www.radiopresidenteibanez.cl\/web\/wp-json\/wp\/v2\/posts"}],"about":[{"href":"https:\/\/www.radiopresidenteibanez.cl\/web\/wp-json\/wp\/v2\/types\/post"}],"author":[{"embeddable":true,"href":"https:\/\/www.radiopresidenteibanez.cl\/web\/wp-json\/wp\/v2\/users\/2"}],"replies":[{"embeddable":true,"href":"https:\/\/www.radiopresidenteibanez.cl\/web\/wp-json\/wp\/v2\/comments?post=17115"}],"version-history":[{"count":0,"href":"https:\/\/www.radiopresidenteibanez.cl\/web\/wp-json\/wp\/v2\/posts\/17115\/revisions"}],"wp:featuredmedia":[{"embeddable":true,"href":"https:\/\/www.radiopresidenteibanez.cl\/web\/wp-json\/wp\/v2\/media\/17116"}],"wp:attachment":[{"href":"https:\/\/www.radiopresidenteibanez.cl\/web\/wp-json\/wp\/v2\/media?parent=17115"}],"wp:term":[{"taxonomy":"category","embeddable":true,"href":"https:\/\/www.radiopresidenteibanez.cl\/web\/wp-json\/wp\/v2\/categories?post=17115"},{"taxonomy":"post_tag","embeddable":true,"href":"https:\/\/www.radiopresidenteibanez.cl\/web\/wp-json\/wp\/v2\/tags?post=17115"}],"curies":[{"name":"wp","href":"https:\/\/api.w.org\/{rel}","templated":true}]}}