{"id":17110,"date":"2020-12-19T03:00:00","date_gmt":"2020-12-19T03:00:00","guid":{"rendered":"https:\/\/www.radiopresidenteibanez.cl\/web\/?p=17110"},"modified":"2020-12-18T14:42:44","modified_gmt":"2020-12-18T14:42:44","slug":"seremia-de-la-mujer-y-sernameg-magallanes-firman-acuerdo-de-colaboracion-con-la-cadena-de-farmacias-la-estrella","status":"publish","type":"post","link":"https:\/\/www.radiopresidenteibanez.cl\/web\/seremia-de-la-mujer-y-sernameg-magallanes-firman-acuerdo-de-colaboracion-con-la-cadena-de-farmacias-la-estrella\/","title":{"rendered":"SEREM\u00cdA DE LA MUJER Y SERNAMEG MAGALLANES FIRMAN ACUERDO DE COLABORACI\u00d3N CON LA CADENA DE FARMACIAS \u00abLA ESTRELLA\u00bb"},"content":{"rendered":"\n<p>La actividad se realiz\u00f3 este jueves 17 y cont\u00f3\ncon la participaci\u00f3n de la Seremi de la Mujer, Daisy Carrera Ocaranza, la\nDirectora Regional del SernamEG Fabiola Garc\u00eda Toro y la due\u00f1a de la cadena de\nfarmacias \u201cLa Estrella\u201d, Lorena Turina Alvarado. &nbsp;La iniciativa, puesta en marcha en todo el\npa\u00eds busca darle una alternativa m\u00e1s a las mujeres\nque est\u00e1n siendo v\u00edctimas de violencia, para que puedan denunciar a su agresor\ny pedir ayuda. <\/p>\n\n\n\n<p>Toda mujer que se encuentre en\nsituaci\u00f3n de riesgo o de peligro para su integridad f\u00edsica, psicol\u00f3gica y\/o\nsexual, puede dirigirse a la <strong>FARMACIA m\u00e1s cercana, <\/strong>y a trav\u00e9s de la\npalabra clave \u201c<strong>Mascarilla 19\u201d<\/strong>, el profesional que la atienda activar\u00e1 el\nprotocolo para que la v\u00edctima reciba la orientaci\u00f3n y la ayuda que necesite. <\/p>\n\n\n\n<p>Esta es la primera cadena regional\nde farmacias que se suma a esta iniciativa y seg\u00fan explic\u00f3 la Seremi de la Mujer\ny la Equidad de G\u00e9nero Daisy Carrera Ocaranza \u00abEs muy importante contar\ncon este canal para mujeres que no pueden acceder a otras instancias o dispositivos\nde ayuda\u201d.<\/p>\n\n\n\n<p>En tanto la Directora Regional del\nServicio Nacional de la Mujer y Equidad de G\u00e9nero, Fabiola Garc\u00eda Toro explic\u00f3\nque \u201cEste es un nuevo canal de comunicaci\u00f3n que se viene dando desde que\ncomenz\u00f3 la pandemia, y sobre todo en nuestra comuna que estuvo mucho tiempo en\ncuarentena, donde se hac\u00eda un tanto dif\u00edcil que las mujeres pudieran acercarse\na los lugares adecuados para pedir orientaci\u00f3n o ayuda\u201d.<\/p>\n\n\n\n<p>Por su parte la due\u00f1a de Farmacias\n\u201cLa Estrella\u201d Lorena Turina Alvarado explic\u00f3 que el personal ha recibido la\ncapacitaci\u00f3n necesaria para acoger y contactar la ayuda necesaria para la mujer\nque sufre violencia de g\u00e9nero, y \u201csiempre debemos estar disponibles para\ncolaborar e ir en ayuda de las mujeres que sufren violencia\u201d.<\/p>\n\n\n\n<p>La Seremi de la Mujer Daisy\nCarrera destac\u00f3 que es muy significativo e importante que se sume una cadena\nregional de farmacias con tres locales y que lleva tantos a\u00f1os al servicio de\nla comunidad.&nbsp; Los locales de Farmacias\nLa Estrella se encuentran ubicados en tres sitios estrat\u00e9gicos de la\nciudad:&nbsp; Ignacio Carrera Pinto 716, en el\ncentro, Unimarc 18 de Septiembre y el Hospital Cl\u00ednico de Punta Arenas.<\/p>\n","protected":false},"excerpt":{"rendered":"<p>La actividad se realiz\u00f3 este jueves 17 y cont\u00f3 con la participaci\u00f3n de la Seremi de la Mujer, Daisy Carrera Ocaranza, la Directora Regional del SernamEG Fabiola Garc\u00eda Toro y&#8230; <a class=\"read-more\" href=\"https:\/\/www.radiopresidenteibanez.cl\/web\/seremia-de-la-mujer-y-sernameg-magallanes-firman-acuerdo-de-colaboracion-con-la-cadena-de-farmacias-la-estrella\/\">Leer m\u00e1s<\/a><\/p>\n","protected":false},"author":2,"featured_media":17111,"comment_status":"closed","ping_status":"closed","sticky":false,"template":"","format":"standard","meta":{"footnotes":""},"categories":[1],"tags":[],"class_list":["post-17110","post","type-post","status-publish","format-standard","has-post-thumbnail","hentry","category-cronica"],"_links":{"self":[{"href":"https:\/\/www.radiopresidenteibanez.cl\/web\/wp-json\/wp\/v2\/posts\/17110","targetHints":{"allow":["GET"]}}],"collection":[{"href":"https:\/\/www.radiopresidenteibanez.cl\/web\/wp-json\/wp\/v2\/posts"}],"about":[{"href":"https:\/\/www.radiopresidenteibanez.cl\/web\/wp-json\/wp\/v2\/types\/post"}],"author":[{"embeddable":true,"href":"https:\/\/www.radiopresidenteibanez.cl\/web\/wp-json\/wp\/v2\/users\/2"}],"replies":[{"embeddable":true,"href":"https:\/\/www.radiopresidenteibanez.cl\/web\/wp-json\/wp\/v2\/comments?post=17110"}],"version-history":[{"count":0,"href":"https:\/\/www.radiopresidenteibanez.cl\/web\/wp-json\/wp\/v2\/posts\/17110\/revisions"}],"wp:featuredmedia":[{"embeddable":true,"href":"https:\/\/www.radiopresidenteibanez.cl\/web\/wp-json\/wp\/v2\/media\/17111"}],"wp:attachment":[{"href":"https:\/\/www.radiopresidenteibanez.cl\/web\/wp-json\/wp\/v2\/media?parent=17110"}],"wp:term":[{"taxonomy":"category","embeddable":true,"href":"https:\/\/www.radiopresidenteibanez.cl\/web\/wp-json\/wp\/v2\/categories?post=17110"},{"taxonomy":"post_tag","embeddable":true,"href":"https:\/\/www.radiopresidenteibanez.cl\/web\/wp-json\/wp\/v2\/tags?post=17110"}],"curies":[{"name":"wp","href":"https:\/\/api.w.org\/{rel}","templated":true}]}}