{"id":17107,"date":"2020-12-19T02:45:00","date_gmt":"2020-12-19T02:45:00","guid":{"rendered":"https:\/\/www.radiopresidenteibanez.cl\/web\/?p=17107"},"modified":"2020-12-18T14:37:35","modified_gmt":"2020-12-18T14:37:35","slug":"gremios-del-turismo-gastronomia-y-comercio-de-magallanes-no-somos-una-moneda-de-cambio-de-problemas-politicos","status":"publish","type":"post","link":"https:\/\/www.radiopresidenteibanez.cl\/web\/gremios-del-turismo-gastronomia-y-comercio-de-magallanes-no-somos-una-moneda-de-cambio-de-problemas-politicos\/","title":{"rendered":"GREMIOS DEL TURISMO, GASTRONOM\u00cdA Y COMERCIO DE MAGALLANES \u201cNO SOMOS UNA MONEDA DE CAMBIO DE PROBLEMAS POL\u00cdTICOS\u201d"},"content":{"rendered":"\n<p>Luego de una\nespera desde las 9 de la ma\u00f1ana hasta las 15 horas en La Moneda, momento en el\nque se les inform\u00f3 que la reuni\u00f3n agendada con los ministros del Interior,\nRodrigo Delgado; de Econom\u00eda, Enrique Lucas Palacios; y de Salud, Enrique Par\u00eds;\nno podr\u00eda concretarse por problemas de agenda, los casi 30 gremios del turismo,\nla gastronom\u00eda y el comercio citados, esperan una respuesta.<\/p>\n\n\n\n<p>Jaime Jelincic Aguilar,\npresidente de movimiento gremial Magallanes se Levanta, dijo al respecto: \u201cQueremos\nque haya una explicaci\u00f3n de lo que pas\u00f3, nosotros no somos una moneda de cambio\nde problemas pol\u00edticos, somos representantes gremiales que iban con una\npropuesta a discutir temas que son muy complejos. Est\u00e1n sufriendo sectores\nimportantes de la actividad econ\u00f3mica regional, y la autoridad no nos da\nninguna raz\u00f3n de por qu\u00e9 se produjo esta situaci\u00f3n\u201d. <\/p>\n\n\n\n<p>Enfatiz\u00f3 que \u201cla\ndesconfianza hacia una de las principales autoridades como es el ministro del\nInterior es un tema dif\u00edcil de sobrellevar si no hay una respuesta clara,\nporque esta falta de respeto no es s\u00f3lo para unos dirigentes gremiales, sino\npara casi 30 gremios de nuestra regi\u00f3n\u201d, adem\u00e1s de que lament\u00f3 de que se crea\nde que los temas \u201cquedan en el aire\u201d y no hay claridad en su tratamiento. \u201cSi\nhubo errores nuestros, que se digan; si hubo errores de la autoridad, que se\nasuman\u201d.<\/p>\n\n\n\n<p>Pilar Irribarra Baranda,\npresidenta de la C\u00e1mara de Turismo de \u00daltima Esperanza, explic\u00f3 que \u201cpara los\ngremios de turismo y comercio de \u00daltima Esperanza la reuni\u00f3n de ayer con los\nministros era clave para poder instalar ciertos temas luego de 10 meses de\ncrisis, para poder comenzar a dar un alivio a nuestro sector. M\u00e1s all\u00e1 de salir\nde la cuarentena, se requieren recursos para las empresas, proyectando una\nreactivaci\u00f3n para fines del 2021\u201d.<\/p>\n\n\n\n<p>Tambi\u00e9n valor\u00f3 la\nreuni\u00f3n con el subsecretario de Turismo, Jos\u00e9 Luis Uriarte, el que comprometi\u00f3\nun trabajo en una serie de puntos que fueron expuestos: \u201cEsperamos que se\nconcrete su visita a la regi\u00f3n y se demuestr que somos m\u00e1s que el rostro bonito\nde chile y una postal tur\u00edstica para el gobierno\u201d.<\/p>\n\n\n\n<p>Por su parte, Adriana\nAguilar, vocera del movimiento #NecesitamosTrabajar, explic\u00f3 que al no ser\nrecibidos por las autoridades en La Moneda, \u201cindependientemente de la raz\u00f3n,\ntodas son comprendidas, y estamos dispuestos a generar nuevos espacios para\nmantener el di\u00e1logo y para mantener el objetivo de nuestra visita a Santiago\u201d,\npor lo tanto est\u00e1n dispuestos a quedarse en la capital hasta la pr\u00f3xima semana.<\/p>\n\n\n\n<p>Adem\u00e1s, el viaje\n\u201cno responde simplemente a un acto desesperado por falta de atenci\u00f3n, sino que,\nm\u00e1s bien, presenta una oportunidad para las autoridades de poder trabajar junto\na los gremios y asociaciones del sector comercio y turismo de la Regi\u00f3n de\nMagallanes buscando juntos las diferentes opciones que nos permitan poner en\nequilibrio la situaci\u00f3n de salud y la econom\u00eda de un territorio que es\nampliamente conocido por su vocaci\u00f3n tur\u00edstica y que ha sido gravemente da\u00f1ado,\nno solamente por la pandemia y la crisis social, si no tambi\u00e9n por la falta de\nmedidas efectivas para la regi\u00f3n. El sector turismo est\u00e1 perdiendo tiempos valiosos\npara reponerse de esta cat\u00e1strofe\u201d.<\/p>\n\n\n\n<p>Respecto a las\nacciones de los gremios y asociaciones a seguir si no hay respuesta de las\nautoridades sobre la reuni\u00f3n frustrada en La Moneda, se&nbsp; discutir\u00e1n los gremios en conjunto en los\npr\u00f3ximos d\u00edas.<\/p>\n\n\n\n<p><strong>Reapertura en\nPunta Arenas<\/strong><\/p>\n\n\n\n<p>Jaime Jelincic\nexplic\u00f3 que \u201cel tema no se resuelve solo con poder reabrir, la apertura en\nterraza en esta regi\u00f3n y en la Patagonia en general es una ruleta rusa por las\ncondiciones clim\u00e1ticas, y vamos tratar de hacer un esfuerzo, pero est\u00e1bamos\nesperando todav\u00eda un compromiso del ministro (Enrique) Par\u00eds, que dec\u00eda que iba\na evaluar esta situaci\u00f3n desde Puerto Montt al el sur, y pasan las semanas y no\nhay una respuesta\u201d. <\/p>\n\n\n\n<p>Destac\u00f3 que es un\navance, \u201cpor supuesto que estamos contentos de que Punta Arenas haya salido,\npero nos parece relevante que Natales tambi\u00e9n pase de fase. Y segundo que hay\nque preocuparse por parte de las autoridades el reinicio de las actividades de\notros gremios\u201d y esper\u00f3 que trabajadores independientes, los banqueteros, los\ngimnasios tambi\u00e9n sean apoyados.<\/p>\n\n\n\n<p>Finaliz\u00f3\nindicando que el gremio gastron\u00f3mico se ha adaptado en este primer d\u00eda de\nfuncionamiento a la realidad magall\u00e1nica, siguiendo todos los protocolos\nsanitarios dentro de las posibilidades que le permiten las actuales\nregulaciones, y agradece la respuesta de los clientes.<\/p>\n","protected":false},"excerpt":{"rendered":"<p>Luego de una espera desde las 9 de la ma\u00f1ana hasta las 15 horas en La Moneda, momento en el que se les inform\u00f3 que la reuni\u00f3n agendada con los&#8230; <a class=\"read-more\" href=\"https:\/\/www.radiopresidenteibanez.cl\/web\/gremios-del-turismo-gastronomia-y-comercio-de-magallanes-no-somos-una-moneda-de-cambio-de-problemas-politicos\/\">Leer m\u00e1s<\/a><\/p>\n","protected":false},"author":2,"featured_media":17108,"comment_status":"closed","ping_status":"closed","sticky":false,"template":"","format":"standard","meta":{"footnotes":""},"categories":[1],"tags":[],"class_list":["post-17107","post","type-post","status-publish","format-standard","has-post-thumbnail","hentry","category-cronica"],"_links":{"self":[{"href":"https:\/\/www.radiopresidenteibanez.cl\/web\/wp-json\/wp\/v2\/posts\/17107","targetHints":{"allow":["GET"]}}],"collection":[{"href":"https:\/\/www.radiopresidenteibanez.cl\/web\/wp-json\/wp\/v2\/posts"}],"about":[{"href":"https:\/\/www.radiopresidenteibanez.cl\/web\/wp-json\/wp\/v2\/types\/post"}],"author":[{"embeddable":true,"href":"https:\/\/www.radiopresidenteibanez.cl\/web\/wp-json\/wp\/v2\/users\/2"}],"replies":[{"embeddable":true,"href":"https:\/\/www.radiopresidenteibanez.cl\/web\/wp-json\/wp\/v2\/comments?post=17107"}],"version-history":[{"count":0,"href":"https:\/\/www.radiopresidenteibanez.cl\/web\/wp-json\/wp\/v2\/posts\/17107\/revisions"}],"wp:featuredmedia":[{"embeddable":true,"href":"https:\/\/www.radiopresidenteibanez.cl\/web\/wp-json\/wp\/v2\/media\/17108"}],"wp:attachment":[{"href":"https:\/\/www.radiopresidenteibanez.cl\/web\/wp-json\/wp\/v2\/media?parent=17107"}],"wp:term":[{"taxonomy":"category","embeddable":true,"href":"https:\/\/www.radiopresidenteibanez.cl\/web\/wp-json\/wp\/v2\/categories?post=17107"},{"taxonomy":"post_tag","embeddable":true,"href":"https:\/\/www.radiopresidenteibanez.cl\/web\/wp-json\/wp\/v2\/tags?post=17107"}],"curies":[{"name":"wp","href":"https:\/\/api.w.org\/{rel}","templated":true}]}}