{"id":17105,"date":"2020-12-19T02:30:00","date_gmt":"2020-12-19T02:30:00","guid":{"rendered":"https:\/\/www.radiopresidenteibanez.cl\/web\/?p=17105"},"modified":"2020-12-18T14:33:40","modified_gmt":"2020-12-18T14:33:40","slug":"colegio-de-profesores-entrega-carta-a-la-intendenta-de-magallanes-ante-situaciones-vivida-en-los-ultimos-dias","status":"publish","type":"post","link":"https:\/\/www.radiopresidenteibanez.cl\/web\/colegio-de-profesores-entrega-carta-a-la-intendenta-de-magallanes-ante-situaciones-vivida-en-los-ultimos-dias\/","title":{"rendered":"COLEGIO DE PROFESORES ENTREGA CARTA A LA INTENDENTA DE MAGALLANES ANTE SITUACIONES VIVIDA EN LOS \u00daLTIMOS D\u00cdAS"},"content":{"rendered":"\n<p><strong>Se\u00f1ora<\/strong><\/p>\n\n\n\n<p><strong>Jennifer\nRojas Garc\u00eda<\/strong><\/p>\n\n\n\n<p><strong>Intendenta\nRegi\u00f3n de Magallanes y<\/strong><\/p>\n\n\n\n<p><strong>Ant\u00e1rtica\nChilena <\/strong><\/p>\n\n\n\n<p><strong>P\nr e s e n t e<\/strong><\/p>\n\n\n\n<p>De\nnuestra consideraci\u00f3n:<\/p>\n\n\n\n<p>&nbsp;&nbsp;&nbsp;&nbsp;&nbsp;&nbsp;&nbsp;&nbsp;&nbsp;&nbsp;&nbsp;&nbsp;&nbsp;&nbsp;&nbsp;&nbsp;&nbsp;&nbsp;&nbsp;&nbsp;&nbsp;&nbsp;&nbsp;&nbsp;&nbsp;&nbsp;&nbsp; Los dirigentes del\nColegio de Profesores a trav\u00e9s de la directiva Regional de Magallanes, Comunal\nde Punta Arenas y Provincial de \u00daltima Esperanza, informamos a usted:<\/p>\n\n\n\n<ol class=\"wp-block-list\"><li>En diciembre del a\u00f1o 2019, el\ncalendario escolar, fija como fecha l\u00edmite de t\u00e9rmino el 31 de diciembre del\n2020.<\/li><li>Los\ndocentes de la regi\u00f3n de Magallanes, debido a las condiciones de aislamiento de\nnuestra zona, desde el inicio del mes de enero, inicia el tiempo de receso y\nvacaciones, lo que a la fecha es un derecho adquirido, y que precede desde el\na\u00f1o 1995.<\/li><li>Una\nconducta que se repite en el tiempo se transforma en un derecho adquirido, para\ncualquier trabajador, informamos a usted que, para los docentes de la regi\u00f3n de\nMagallanes los meses de enero hasta fin de febrero, es considerado periodo de\nvacaciones debido a la situaci\u00f3n de aislamiento de la zona, desde el a\u00f1o 1995.<\/li><li>El\nArt\u00edculo 96\u00b0 de la ley N\u00b0 19.070, ESTATUTO DE LOS PROFESIONALES DE LA EDUCACION\nestablece: \u201cEl feriado de los profesionales de la educaci\u00f3n, para todos los\nefectos legales ser\u00e1 el per\u00edodo de interrupci\u00f3n de las actividades escolares en\nlos meses de enero a febrero o el que medie entre el t\u00e9rmino de un a\u00f1o escolar\ny el comienzo del siguiente, seg\u00fan corresponda. Durante su feriado, los\nprofesionales de la educaci\u00f3n podr\u00e1n ser convocados, <strong>por una sola vez, a realizar actividades de perfeccionamiento<\/strong>\u2026\u201d<\/li><li>Importante\ndestacar la voluntad de los empleadores, las corporaciones tanto de Punta\nArenas como de Puerto Natales, para respetar el derecho adquirido por los\ntrabajadores de la educaci\u00f3n p\u00fablica municipal y terminar, a fines de diciembre,\nel a\u00f1o escolar, como estaba previsto desde un inicio. <\/li><\/ol>\n\n\n\n<p>&nbsp;&nbsp;&nbsp;&nbsp;&nbsp;&nbsp;&nbsp;&nbsp;&nbsp;&nbsp;&nbsp;&nbsp;&nbsp;&nbsp;&nbsp;&nbsp; &nbsp;&nbsp;&nbsp;&nbsp;&nbsp;&nbsp;&nbsp;&nbsp;&nbsp;&nbsp;&nbsp;&nbsp;El OFICIO ORDINARIO N\u00b0 0698, del 11\nde diciembre de 2020, emanado desde SEREMIA de Magallanes, que incluye \u201cjornada\nde evaluaci\u00f3n anual, revisi\u00f3n y an\u00e1lisis del cumplimiento de los objetivos y\nmetas planificadas. (Establecimientos educacionales con JEC Y sin JEC)\u201d, para\nel jueves 7 y viernes 8 de enero de 2021.&nbsp;\nNo solo vulnera el derecho adquirido desde hace 25 a\u00f1os, sino que adem\u00e1s\nvulnera la ley en lo establecido en el estatuto docente.<\/p>\n\n\n\n<p>&nbsp;&nbsp;&nbsp;&nbsp;&nbsp;&nbsp;&nbsp;&nbsp;&nbsp;&nbsp;&nbsp;&nbsp;&nbsp;&nbsp;&nbsp;&nbsp;&nbsp;&nbsp;&nbsp;&nbsp;&nbsp;&nbsp;&nbsp;&nbsp;&nbsp;&nbsp;&nbsp;&nbsp; Considerando las\ncondiciones de completa anormalidad en las que se desarroll\u00f3 este a\u00f1o escolar y\nel enorme esfuerzo que ha significado para todos los actores; familias,\nestudiantes, asistentes de la educaci\u00f3n y nosotros los profesores, que un gesto\nde compromiso y entrega por el futuro y las oportunidades de nuestros\nestudiantes, realizamos nuestra labor con la m\u00e1xima expresi\u00f3n de entrega y\ndedicaci\u00f3n. Realizando inclusive funciones que se alejan de nuestro rol\ndocente, debiendo ser sost\u00e9n pedag\u00f3gico y emocional no solo de los estudiantes,\nsino tambi\u00e9n de sus familias, y como ha sido hist\u00f3ricamente, co-financiando\neste proceso, debido al escaso y\/o inexistente apoyo de muchas de las\nautoridades de turno, tanto en lo log\u00edstico como en lo curricular.<\/p>\n\n\n\n<p>&nbsp;&nbsp;&nbsp;&nbsp;&nbsp;&nbsp;&nbsp;&nbsp;&nbsp;&nbsp;&nbsp;&nbsp;&nbsp;&nbsp;&nbsp;&nbsp;&nbsp;&nbsp;&nbsp;&nbsp;&nbsp;&nbsp;&nbsp;&nbsp;&nbsp;&nbsp;&nbsp;&nbsp;&nbsp; No creemos que\nsea tiempo de divisiones y desencuentros, y que al contrario provocar\nartificialmente, conflictos y malos entendidos, desde el desconocimiento y la\nfalta de voluntad no contribuyen a engrandecer la educaci\u00f3n que todos queremos,\ny que el seremi, que desconoce nuestra realidad, vuelve a denostar nuestra\nlabor como profesional, desde esta postura intransigente y vulneradora, lo que\npuede provocar reacciones enfrentadas que son innecesarias. Dejando la imagen\nde un gobierno que no escucha y no concilia en tiempos de crisis.<\/p>\n\n\n\n<p>&nbsp;&nbsp;&nbsp;&nbsp;&nbsp;&nbsp;&nbsp;&nbsp;&nbsp;&nbsp;&nbsp;&nbsp;&nbsp;&nbsp;&nbsp;&nbsp;&nbsp;&nbsp;&nbsp;&nbsp;&nbsp;&nbsp;&nbsp;&nbsp;&nbsp;&nbsp;&nbsp;&nbsp;&nbsp; Le solicitamos\nencarecidamente, con los antecedentes entregados y con la autoridad conferida\nen su cargo, interceder ante el SEREMI don&nbsp;\n&nbsp;Rodrigo Sep\u00falveda Tagle, para que\nse tome en cuenta los planteamientos mencionados, y respetando los derechos\nadquiridos, y adem\u00e1s reconociendo el esfuerzo que todos hemos realizado en\nestos momentos de crisis, y el desgaste que eso significa. Favoreciendo de esta\nforma, el inicio del a\u00f1o escolar 2021, en un ambiente m\u00e1s amigable y\nesperanzador para todos.<\/p>\n","protected":false},"excerpt":{"rendered":"<p>Se\u00f1ora Jennifer Rojas Garc\u00eda Intendenta Regi\u00f3n de Magallanes y Ant\u00e1rtica Chilena P r e s e n t e De nuestra consideraci\u00f3n: &nbsp;&nbsp;&nbsp;&nbsp;&nbsp;&nbsp;&nbsp;&nbsp;&nbsp;&nbsp;&nbsp;&nbsp;&nbsp;&nbsp;&nbsp;&nbsp;&nbsp;&nbsp;&nbsp;&nbsp;&nbsp;&nbsp;&nbsp;&nbsp;&nbsp;&nbsp;&nbsp; Los dirigentes del Colegio de Profesores a&#8230; <a class=\"read-more\" href=\"https:\/\/www.radiopresidenteibanez.cl\/web\/colegio-de-profesores-entrega-carta-a-la-intendenta-de-magallanes-ante-situaciones-vivida-en-los-ultimos-dias\/\">Leer m\u00e1s<\/a><\/p>\n","protected":false},"author":2,"featured_media":5743,"comment_status":"closed","ping_status":"closed","sticky":false,"template":"","format":"standard","meta":{"footnotes":""},"categories":[1],"tags":[],"class_list":["post-17105","post","type-post","status-publish","format-standard","has-post-thumbnail","hentry","category-cronica"],"_links":{"self":[{"href":"https:\/\/www.radiopresidenteibanez.cl\/web\/wp-json\/wp\/v2\/posts\/17105","targetHints":{"allow":["GET"]}}],"collection":[{"href":"https:\/\/www.radiopresidenteibanez.cl\/web\/wp-json\/wp\/v2\/posts"}],"about":[{"href":"https:\/\/www.radiopresidenteibanez.cl\/web\/wp-json\/wp\/v2\/types\/post"}],"author":[{"embeddable":true,"href":"https:\/\/www.radiopresidenteibanez.cl\/web\/wp-json\/wp\/v2\/users\/2"}],"replies":[{"embeddable":true,"href":"https:\/\/www.radiopresidenteibanez.cl\/web\/wp-json\/wp\/v2\/comments?post=17105"}],"version-history":[{"count":0,"href":"https:\/\/www.radiopresidenteibanez.cl\/web\/wp-json\/wp\/v2\/posts\/17105\/revisions"}],"wp:featuredmedia":[{"embeddable":true,"href":"https:\/\/www.radiopresidenteibanez.cl\/web\/wp-json\/wp\/v2\/media\/5743"}],"wp:attachment":[{"href":"https:\/\/www.radiopresidenteibanez.cl\/web\/wp-json\/wp\/v2\/media?parent=17105"}],"wp:term":[{"taxonomy":"category","embeddable":true,"href":"https:\/\/www.radiopresidenteibanez.cl\/web\/wp-json\/wp\/v2\/categories?post=17105"},{"taxonomy":"post_tag","embeddable":true,"href":"https:\/\/www.radiopresidenteibanez.cl\/web\/wp-json\/wp\/v2\/tags?post=17105"}],"curies":[{"name":"wp","href":"https:\/\/api.w.org\/{rel}","templated":true}]}}