{"id":17099,"date":"2020-12-19T02:00:00","date_gmt":"2020-12-19T02:00:00","guid":{"rendered":"https:\/\/www.radiopresidenteibanez.cl\/web\/?p=17099"},"modified":"2020-12-18T14:28:36","modified_gmt":"2020-12-18T14:28:36","slug":"chileatiende-en-punta-arenas-mantendra-protocolos-de-higiene-y-seguridad-en-fase-2","status":"publish","type":"post","link":"https:\/\/www.radiopresidenteibanez.cl\/web\/chileatiende-en-punta-arenas-mantendra-protocolos-de-higiene-y-seguridad-en-fase-2\/","title":{"rendered":"CHILEATIENDE EN PUNTA ARENAS MANTENDR\u00c1 PROTOCOLOS DE HIGIENE Y SEGURIDAD EN FASE 2"},"content":{"rendered":"\n<p>Un llamado a la precauci\u00f3n y autocuidado realiz\u00f3 el director\nregional del Instituto de Previsi\u00f3n Social, Eduardo Barahona Kompatzki, quien\nindic\u00f3 que si bien Punta Arenas pas\u00f3 a Fase 2, la sucursal ChileAtiende debe\nmantener sus protocolos de higiene y seguridad, limitando la cantidad de\npersonas que pueden ingresar al recinto.<\/p>\n\n\n\n<p>\u201cLa cantidad de personas que pueden estar dentro de nuestras\nsucursales es limitado. Entonces, la espera en la parte exterior de las\noficinas, de las sucursales, es algo que tiene que estar presente. El resguardo\ny el cuidado en t\u00e9rminos de mantener el alcohol gel, que la gente venga con las\nmascarillas, que mantenga su distancia social con las personas que est\u00e1n\nadelante, es algo fundamental y sobre todo en lo que hay que hacer fuerza hoy\u201d,\nindic\u00f3 el director regional.<\/p>\n\n\n\n<p>La autoridad record\u00f3 que en las sucursales de Punta Arenas y\nPorvenir est\u00e1 la posibilidad de agendar su hora a trav\u00e9s del sitio web\nwww.chileatiende.cl, ingresando al apartado de las respectivas sucursales.<\/p>\n\n\n\n<p>\u201cInvitamos a que la gente pueda utilizar esas formas y sobre\ntodo a que evite salir, porque son m\u00e1s de 100 los tr\u00e1mites que pueden realizar\nen forma remota sin necesidad de venir a nuestras oficinas\u201d, concluy\u00f3 el\ndirector regional del IPS, Eduardo Barahona Kompatzki.<\/p>\n\n\n\n<p>La atenci\u00f3n se mantendr\u00e1 de lunes a viernes, entre las 8.30\ny las 14 horas.<\/p>\n","protected":false},"excerpt":{"rendered":"<p>Un llamado a la precauci\u00f3n y autocuidado realiz\u00f3 el director regional del Instituto de Previsi\u00f3n Social, Eduardo Barahona Kompatzki, quien indic\u00f3 que si bien Punta Arenas pas\u00f3 a Fase 2,&#8230; <a class=\"read-more\" href=\"https:\/\/www.radiopresidenteibanez.cl\/web\/chileatiende-en-punta-arenas-mantendra-protocolos-de-higiene-y-seguridad-en-fase-2\/\">Leer m\u00e1s<\/a><\/p>\n","protected":false},"author":2,"featured_media":17100,"comment_status":"closed","ping_status":"closed","sticky":false,"template":"","format":"standard","meta":{"footnotes":""},"categories":[1],"tags":[],"class_list":["post-17099","post","type-post","status-publish","format-standard","has-post-thumbnail","hentry","category-cronica"],"_links":{"self":[{"href":"https:\/\/www.radiopresidenteibanez.cl\/web\/wp-json\/wp\/v2\/posts\/17099","targetHints":{"allow":["GET"]}}],"collection":[{"href":"https:\/\/www.radiopresidenteibanez.cl\/web\/wp-json\/wp\/v2\/posts"}],"about":[{"href":"https:\/\/www.radiopresidenteibanez.cl\/web\/wp-json\/wp\/v2\/types\/post"}],"author":[{"embeddable":true,"href":"https:\/\/www.radiopresidenteibanez.cl\/web\/wp-json\/wp\/v2\/users\/2"}],"replies":[{"embeddable":true,"href":"https:\/\/www.radiopresidenteibanez.cl\/web\/wp-json\/wp\/v2\/comments?post=17099"}],"version-history":[{"count":0,"href":"https:\/\/www.radiopresidenteibanez.cl\/web\/wp-json\/wp\/v2\/posts\/17099\/revisions"}],"wp:featuredmedia":[{"embeddable":true,"href":"https:\/\/www.radiopresidenteibanez.cl\/web\/wp-json\/wp\/v2\/media\/17100"}],"wp:attachment":[{"href":"https:\/\/www.radiopresidenteibanez.cl\/web\/wp-json\/wp\/v2\/media?parent=17099"}],"wp:term":[{"taxonomy":"category","embeddable":true,"href":"https:\/\/www.radiopresidenteibanez.cl\/web\/wp-json\/wp\/v2\/categories?post=17099"},{"taxonomy":"post_tag","embeddable":true,"href":"https:\/\/www.radiopresidenteibanez.cl\/web\/wp-json\/wp\/v2\/tags?post=17099"}],"curies":[{"name":"wp","href":"https:\/\/api.w.org\/{rel}","templated":true}]}}