{"id":17096,"date":"2020-12-21T02:00:00","date_gmt":"2020-12-21T02:00:00","guid":{"rendered":"https:\/\/www.radiopresidenteibanez.cl\/web\/?p=17096"},"modified":"2020-12-18T14:20:06","modified_gmt":"2020-12-18T14:20:06","slug":"expedicion-reunira-a-cientificos-y-artistas-en-el-estrecho-de-magallanes","status":"publish","type":"post","link":"https:\/\/www.radiopresidenteibanez.cl\/web\/expedicion-reunira-a-cientificos-y-artistas-en-el-estrecho-de-magallanes\/","title":{"rendered":"EXPEDICI\u00d3N REUNIR\u00c1 A CIENT\u00cdFICOS Y ARTISTAS EN EL ESTRECHO DE MAGALLANES"},"content":{"rendered":"\n<p>Durante seis d\u00edas, un equipo\nmultidisciplinario de cient\u00edficos y artistas navegar\u00e1 por las aguas del\nEstrecho de Magallanes para participar en la expedici\u00f3n \u201cScience &amp; Art: The\nFuture of our Ocean\u201d (\u201cCiencia y arte: el futuro de nuestro oc\u00e9ano\u201d). <\/p>\n\n\n\n<p>La campa\u00f1a oceanogr\u00e1fica es organizada por el Centro de Investigaci\u00f3n\nDin\u00e1mica de Ecosistemas Marinos de Altas Latitudes (IDEAL) de la Universidad\nAustral de Chile (UACh) y tiene como objetivo principal rescatar una boya\nbiogeoqu\u00edmica que fue instalada en marzo de 2018 en el Seno Ballena. Diversos\nsensores midieron durante m\u00e1s de dos a\u00f1os las caracter\u00edsticas de pH, di\u00f3xido de\ncarbono (CO2), temperatura, salinidad y ox\u00edgeno disuelto. La informaci\u00f3n\nrecolectada ser\u00e1 clave para entender los efectos del cambio clim\u00e1tico en los\necosistemas de fiordos de la Patagonia chilena.<\/p>\n\n\n\n<p>Paralelamente y en colaboraci\u00f3n con la Universidad de Magallanes (UMAG) y\nel Instituto de Fomento Pesquero (IFOP), el equipo de investigadores colectar\u00e1\nmuestras de agua para realizar estudios sobre las diversas especies de\nFloraciones Algales Nocivas (FANs), conocidas com\u00fanmente como mareas rojas. <\/p>\n\n\n\n<p>Bajo estrictas medidas sanitarias, los bi\u00f3logos marinos y estudiantes del\ndoctorado de Acuicultura de la UACh, Maximiliano Vergara y Marco Pinto-Torres,\nla fot\u00f3grafa Akosua Adu-Sanyah y el comunicador audiovisual Diego Nahuelhu\u00e9n,\nzarpar\u00e1n a bordo de la embarcaci\u00f3n Marypaz II rumbo al Seno Ballena, ubicado al\noeste del Estrecho de Magallanes. Este lugar se encuentra inmerso dentro del\nParque Marino Francisco Coloane y es parte de la primera \u00c1rea Marina Costera\nProtegida de M\u00faltiples Usos de Chile.<\/p>\n\n\n\n<p>La zona, adem\u00e1s de ser muy productiva biol\u00f3gicamente, es un sitio de\ntr\u00e1nsito y alimentaci\u00f3n de cet\u00e1ceos y alberga el glaciar Santa In\u00e9s. Hasta la\nfecha, no se sabe cu\u00e1l ser\u00e1 la influencia del derretimiento estacional de esta\nmasa de hielo ni tampoco las consecuencias para los organismos marinos que\nviven all\u00ed.<\/p>\n\n\n\n<p>\u201cEsta es una modesta expedici\u00f3n en la que se integran j\u00f3venes\ninvestigadores y comunicadores de la ciencia, los que compartir\u00e1n objetivos\nnavegando bajo un escenario de naturaleza \u00fanica en el mundo\u201d, asegura el Dr.\nJos\u00e9 Luis Iriarte, l\u00edder de la iniciativa.<\/p>\n\n\n\n<p><strong>\u201cBehold the Ocean\u00bb<\/strong><\/p>\n\n\n\n<p>En la expedici\u00f3n, tambi\u00e9n se llevar\u00e1 a cabo el proyecto \u201cBehold The\nOcean\u201d encabezado por la fot\u00f3grafa alemana Akosua Adu-Sanyah. Este proyecto\nexplorar\u00e1 visualmente el trabajo de campo de los investigadores clim\u00e1ticos, as\u00ed\ncomo tambi\u00e9n el paisaje en el que se desenvuelven los investigadores. <\/p>\n\n\n\n<p>La iniciativa busca ir m\u00e1s all\u00e1 de las tendencias populares y descubrir\nel aspecto humano en la ciencia, los desaf\u00edos y la espera, adem\u00e1s de resolver\npreguntas como: \u00bfqui\u00e9nes son las personas que trabajan en soluciones que nos\nayudar\u00e1n a construir un futuro sostenible?<\/p>\n\n\n\n<p>\u201cEl proyecto fue posible gracias a una campa\u00f1a de financiaci\u00f3n colectiva\nde 120 personas. Mi objetivo es hacer que el exigente trabajo de los\ncient\u00edficos sea accesible a un p\u00fablico m\u00e1s amplio de diversas maneras y\nretratar su trabajo de forma aut\u00e9ntica. En 2021, se publicar\u00e1 un libro y un\ncortometraje sobre la expedici\u00f3n. Paralelamente, estoy documentando el proceso\nde creaci\u00f3n en YouTube para mostrar posibilidades alternativas para la\nejecuci\u00f3n sostenible de proyectos gratuitos\u201d, afirma Akosua Adu-Sanyah.<\/p>\n","protected":false},"excerpt":{"rendered":"<p>Durante seis d\u00edas, un equipo multidisciplinario de cient\u00edficos y artistas navegar\u00e1 por las aguas del Estrecho de Magallanes para participar en la expedici\u00f3n \u201cScience &amp; Art: The Future of our&#8230; <a class=\"read-more\" href=\"https:\/\/www.radiopresidenteibanez.cl\/web\/expedicion-reunira-a-cientificos-y-artistas-en-el-estrecho-de-magallanes\/\">Leer m\u00e1s<\/a><\/p>\n","protected":false},"author":2,"featured_media":17097,"comment_status":"closed","ping_status":"closed","sticky":false,"template":"","format":"standard","meta":{"footnotes":""},"categories":[1],"tags":[],"class_list":["post-17096","post","type-post","status-publish","format-standard","has-post-thumbnail","hentry","category-cronica"],"_links":{"self":[{"href":"https:\/\/www.radiopresidenteibanez.cl\/web\/wp-json\/wp\/v2\/posts\/17096","targetHints":{"allow":["GET"]}}],"collection":[{"href":"https:\/\/www.radiopresidenteibanez.cl\/web\/wp-json\/wp\/v2\/posts"}],"about":[{"href":"https:\/\/www.radiopresidenteibanez.cl\/web\/wp-json\/wp\/v2\/types\/post"}],"author":[{"embeddable":true,"href":"https:\/\/www.radiopresidenteibanez.cl\/web\/wp-json\/wp\/v2\/users\/2"}],"replies":[{"embeddable":true,"href":"https:\/\/www.radiopresidenteibanez.cl\/web\/wp-json\/wp\/v2\/comments?post=17096"}],"version-history":[{"count":0,"href":"https:\/\/www.radiopresidenteibanez.cl\/web\/wp-json\/wp\/v2\/posts\/17096\/revisions"}],"wp:featuredmedia":[{"embeddable":true,"href":"https:\/\/www.radiopresidenteibanez.cl\/web\/wp-json\/wp\/v2\/media\/17097"}],"wp:attachment":[{"href":"https:\/\/www.radiopresidenteibanez.cl\/web\/wp-json\/wp\/v2\/media?parent=17096"}],"wp:term":[{"taxonomy":"category","embeddable":true,"href":"https:\/\/www.radiopresidenteibanez.cl\/web\/wp-json\/wp\/v2\/categories?post=17096"},{"taxonomy":"post_tag","embeddable":true,"href":"https:\/\/www.radiopresidenteibanez.cl\/web\/wp-json\/wp\/v2\/tags?post=17096"}],"curies":[{"name":"wp","href":"https:\/\/api.w.org\/{rel}","templated":true}]}}