{"id":17093,"date":"2020-12-18T14:13:48","date_gmt":"2020-12-18T14:13:48","guid":{"rendered":"https:\/\/www.radiopresidenteibanez.cl\/web\/?p=17093"},"modified":"2020-12-18T14:13:54","modified_gmt":"2020-12-18T14:13:54","slug":"mindep-e-ind-apoyaran-a-las-jornadas-con-evento-deportivo-virtual","status":"publish","type":"post","link":"https:\/\/www.radiopresidenteibanez.cl\/web\/mindep-e-ind-apoyaran-a-las-jornadas-con-evento-deportivo-virtual\/","title":{"rendered":"MINDEP E IND APOYAR\u00c1N A LAS JORNADAS CON EVENTO DEPORTIVO VIRTUAL"},"content":{"rendered":"\n<p>Con el objetivo de animar el ambiente en la previa de la 33\u00aa edici\u00f3n de las\nJornadas por la Rehabilitaci\u00f3n en Magallanes, el Ministerio del Deporte e\nInstituto Nacional de Deportes realizar\u00e1n un evento deportivo virtual con dos\nhoras de actividad f\u00edsica. <\/p>\n\n\n\n<p>El evento virtual se realizar\u00e1 el pr\u00f3ximo viernes 18 de diciembre a las\n18:00 horas y ser\u00e1 una alternativa para que, con actividad f\u00edsica, los\nmagall\u00e1nicos realicen la previa del inicio de las Jornadas por la\nRehabilitaci\u00f3n en Magallanes, las que comenzar\u00e1n el 19 de diciembre. <\/p>\n\n\n\n<p>La actividad tiene contemplada una clase de body combat realizada por el\ninstructor Aldo Fierro, para cerrar con un baile entretenido que ser\u00e1 guiado\npor el profesor Danny D\u00edaz.<\/p>\n\n\n\n<p>\u201cEn conjunto con el Club de Leones Cruz del Sur, quisimos realizar esta\nactividad virtual para motivar a todos los magall\u00e1nicos en esta gran cruzada\nsolidaria y hacer una previa entretenida y movida de la transmisi\u00f3n de las\nJornadas por la Rehabilitaci\u00f3n. La idea es que puedan conectarse a nuestro\nevento y se motiven para realizar su aporte voluntario\u201d, se\u00f1al\u00f3 la Seremi del Deporte,\nOdette Callahan. <\/p>\n\n\n\n<p>El evento ser\u00e1 transmitido a trav\u00e9s del Facebook Mindep Magallanes y\ntambi\u00e9n por la cuenta de las Jornadas por la Rehabilitaci\u00f3n. Adem\u00e1s, para\nmotivar la realizaci\u00f3n de aportes voluntarios durante esta actividad virtual,\nse realizar\u00e1n sorteos de gift card de las tiendas Margoni Bike y Casa Cuevas. \n\nPara participar de los sorteos deben conectarse desde\nlas 18:00 horas a la actividad virtual, participar de las clases y enviar el\ncomprobante de su aporte o colaboraci\u00f3n al whatsapp +56932101881. \n\n\n\n<\/p>\n","protected":false},"excerpt":{"rendered":"<p>Con el objetivo de animar el ambiente en la previa de la 33\u00aa edici\u00f3n de las Jornadas por la Rehabilitaci\u00f3n en Magallanes, el Ministerio del Deporte e Instituto Nacional de&#8230; <a class=\"read-more\" href=\"https:\/\/www.radiopresidenteibanez.cl\/web\/mindep-e-ind-apoyaran-a-las-jornadas-con-evento-deportivo-virtual\/\">Leer m\u00e1s<\/a><\/p>\n","protected":false},"author":2,"featured_media":17094,"comment_status":"closed","ping_status":"closed","sticky":false,"template":"","format":"standard","meta":{"footnotes":""},"categories":[1],"tags":[],"class_list":["post-17093","post","type-post","status-publish","format-standard","has-post-thumbnail","hentry","category-cronica"],"_links":{"self":[{"href":"https:\/\/www.radiopresidenteibanez.cl\/web\/wp-json\/wp\/v2\/posts\/17093","targetHints":{"allow":["GET"]}}],"collection":[{"href":"https:\/\/www.radiopresidenteibanez.cl\/web\/wp-json\/wp\/v2\/posts"}],"about":[{"href":"https:\/\/www.radiopresidenteibanez.cl\/web\/wp-json\/wp\/v2\/types\/post"}],"author":[{"embeddable":true,"href":"https:\/\/www.radiopresidenteibanez.cl\/web\/wp-json\/wp\/v2\/users\/2"}],"replies":[{"embeddable":true,"href":"https:\/\/www.radiopresidenteibanez.cl\/web\/wp-json\/wp\/v2\/comments?post=17093"}],"version-history":[{"count":0,"href":"https:\/\/www.radiopresidenteibanez.cl\/web\/wp-json\/wp\/v2\/posts\/17093\/revisions"}],"wp:featuredmedia":[{"embeddable":true,"href":"https:\/\/www.radiopresidenteibanez.cl\/web\/wp-json\/wp\/v2\/media\/17094"}],"wp:attachment":[{"href":"https:\/\/www.radiopresidenteibanez.cl\/web\/wp-json\/wp\/v2\/media?parent=17093"}],"wp:term":[{"taxonomy":"category","embeddable":true,"href":"https:\/\/www.radiopresidenteibanez.cl\/web\/wp-json\/wp\/v2\/categories?post=17093"},{"taxonomy":"post_tag","embeddable":true,"href":"https:\/\/www.radiopresidenteibanez.cl\/web\/wp-json\/wp\/v2\/tags?post=17093"}],"curies":[{"name":"wp","href":"https:\/\/api.w.org\/{rel}","templated":true}]}}