{"id":17090,"date":"2020-12-18T14:10:07","date_gmt":"2020-12-18T14:10:07","guid":{"rendered":"https:\/\/www.radiopresidenteibanez.cl\/web\/?p=17090"},"modified":"2020-12-18T14:10:14","modified_gmt":"2020-12-18T14:10:14","slug":"gobernador-alejandro-vasquez-entrego-importante-ayuda-social-a-ong-raices","status":"publish","type":"post","link":"https:\/\/www.radiopresidenteibanez.cl\/web\/gobernador-alejandro-vasquez-entrego-importante-ayuda-social-a-ong-raices\/","title":{"rendered":"GOBERNADOR ALEJANDRO V\u00c1SQUEZ ENTREG\u00d3 IMPORTANTE AYUDA SOCIAL A ONG RA\u00cdCES"},"content":{"rendered":"\n<p>Una importante ayuda social, consistente en 50\nunidades de \u201cKIT Aseo Mujer\u201d, entreg\u00f3 el gobernador provincial de Magallanes,\nAlejandro V\u00e1squez Servieri, junto al director regional (s) de Onemi Jos\u00e9 Calixto\ny el Director provincial de Riesgos y Emergencias, Jimmy C\u00e1rdenas, al Programa\nde Intervenci\u00f3n especializada \u00abPIE Magallanes\u00bb que ejecuta ONG\nRa\u00edces, cuyos profesionales har\u00e1n llegar los kits a familias que participan del\nmismo.<\/p>\n\n\n\n<p>El gobernador V\u00e1squez, expres\u00f3 que \u201cEstamos muy\ncontentos de poder hacer entrega de esta ayuda significativa a estas cincuenta\nfamilias que participan de este programa. Sabemos que los recursos son escasos,\ny producto de la pandemia, los ingresos se han visto disminuidos, y\ngeneralmente, las mujeres privilegian a sus hijos&nbsp; y no adquieren&nbsp; este tipo de elementos, que son tan\nnecesarios\u201d <\/p>\n\n\n\n<p>La directora (s) de la ONG Ra\u00edces, Paula\nFarmer, \u201cson familias de compleja vulnerabilidad social, con variadas\ncomplicaciones, que pertenecen a programas de Sename, y esto es muy\nsignificativo porque son familias&nbsp; que en\neste periodo de pandemia la mayor\u00eda ha quedado sin trabajo, o con dificultades\necon\u00f3micas, por lo tanto nuestra ONG ha buscado distintos apoyos para poder\naportarles a ellos y cubrir necesidades tan b\u00e1sicas como \u00fatiles de aseo\u201d<\/p>\n\n\n\n<p>Asimismo el director regional (s) de Onemi, Luis\nCalixto, manifest\u00f3 que \u201cContamos con estos kids destinados a la ayuda de\npersonas y es muy importante poder realizar una peque\u00f1a ayuda, un peque\u00f1o gesto\npara personas que no han vivido bien este per\u00edodo, felices por realizar este\ngesto a quienes lo necesitan\u201d.<\/p>\n\n\n\n<p>El Programa de\nIntervenci\u00f3n Especializada PIE Magallanes es una&nbsp;iniciativa del Servicio Nacional De\nMenores (SENAME), que es ejecutado a trav\u00e9s del Centro de Acogida ONG Ra\u00edces\nMagallanes, y tiene como objetivo garantizar procesos de resignificaci\u00f3n en\nni\u00f1os, ni\u00f1as y adolescentes que presentan situaciones de alta complejidad en la\nprovincia de Magallanes, a trav\u00e9s de una intervenci\u00f3n, multidisciplinaria,\nintegral y especializada que permita re-establecer los derechos vulnerados y\naseguren la integraci\u00f3n familiar, social y comunitaria\u201d<\/p>\n\n\n\n<p>ONG Ra\u00edces, es una corporaci\u00f3n sin fines de\nlucro dedicada a la promoci\u00f3n y restituci\u00f3n de los derechos de ni\u00f1as, ni\u00f1os,\nadolescentes y mujeres.<\/p>\n","protected":false},"excerpt":{"rendered":"<p>Una importante ayuda social, consistente en 50 unidades de \u201cKIT Aseo Mujer\u201d, entreg\u00f3 el gobernador provincial de Magallanes, Alejandro V\u00e1squez Servieri, junto al director regional (s) de Onemi Jos\u00e9 Calixto&#8230; <a class=\"read-more\" href=\"https:\/\/www.radiopresidenteibanez.cl\/web\/gobernador-alejandro-vasquez-entrego-importante-ayuda-social-a-ong-raices\/\">Leer m\u00e1s<\/a><\/p>\n","protected":false},"author":2,"featured_media":17091,"comment_status":"closed","ping_status":"closed","sticky":false,"template":"","format":"standard","meta":{"footnotes":""},"categories":[1],"tags":[],"class_list":["post-17090","post","type-post","status-publish","format-standard","has-post-thumbnail","hentry","category-cronica"],"_links":{"self":[{"href":"https:\/\/www.radiopresidenteibanez.cl\/web\/wp-json\/wp\/v2\/posts\/17090","targetHints":{"allow":["GET"]}}],"collection":[{"href":"https:\/\/www.radiopresidenteibanez.cl\/web\/wp-json\/wp\/v2\/posts"}],"about":[{"href":"https:\/\/www.radiopresidenteibanez.cl\/web\/wp-json\/wp\/v2\/types\/post"}],"author":[{"embeddable":true,"href":"https:\/\/www.radiopresidenteibanez.cl\/web\/wp-json\/wp\/v2\/users\/2"}],"replies":[{"embeddable":true,"href":"https:\/\/www.radiopresidenteibanez.cl\/web\/wp-json\/wp\/v2\/comments?post=17090"}],"version-history":[{"count":0,"href":"https:\/\/www.radiopresidenteibanez.cl\/web\/wp-json\/wp\/v2\/posts\/17090\/revisions"}],"wp:featuredmedia":[{"embeddable":true,"href":"https:\/\/www.radiopresidenteibanez.cl\/web\/wp-json\/wp\/v2\/media\/17091"}],"wp:attachment":[{"href":"https:\/\/www.radiopresidenteibanez.cl\/web\/wp-json\/wp\/v2\/media?parent=17090"}],"wp:term":[{"taxonomy":"category","embeddable":true,"href":"https:\/\/www.radiopresidenteibanez.cl\/web\/wp-json\/wp\/v2\/categories?post=17090"},{"taxonomy":"post_tag","embeddable":true,"href":"https:\/\/www.radiopresidenteibanez.cl\/web\/wp-json\/wp\/v2\/tags?post=17090"}],"curies":[{"name":"wp","href":"https:\/\/api.w.org\/{rel}","templated":true}]}}