{"id":17086,"date":"2020-12-18T04:45:00","date_gmt":"2020-12-18T04:45:00","guid":{"rendered":"https:\/\/www.radiopresidenteibanez.cl\/web\/?p=17086"},"modified":"2020-12-17T18:18:36","modified_gmt":"2020-12-17T18:18:36","slug":"ips-llama-a-trabajadores-a-actualizar-sus-cargas-familiares","status":"publish","type":"post","link":"https:\/\/www.radiopresidenteibanez.cl\/web\/ips-llama-a-trabajadores-a-actualizar-sus-cargas-familiares\/","title":{"rendered":"IPS LLAMA A TRABAJADORES A ACTUALIZAR SUS CARGAS FAMILIARES"},"content":{"rendered":"\n<p>El Instituto de\nPrevisi\u00f3n Social (IPS) y su red de atenci\u00f3n ChileAtiende hace un llamado a los\ntrabajadores y trabajadoras a tener al d\u00eda el pago de sus Asignaciones\nFamiliares, en especial las de diciembre de 2020. Lo anterior, resulta\nindispensable para que aquellos beneficiarios que tengan derecho al Aporte\nFamiliar Permanente 2021 (ex Bono Marzo), que se entrega a contar de febrero\ndel pr\u00f3ximo a\u00f1o, puedan cobrarlo.<\/p>\n\n\n\n<p><br>\n\u201cEn virtud de que se puedan actualizar los datos, en caso de que existan nuevas\ncargas o que no exista el pago de estas asignaciones, la gente lo pueda\nrealizar en forma oportuna durante el mes de diciembre, para que cuando exista\nel pago de este Aporte Familiar Permanente, ex bono marzo, las cargas est\u00e9n\nreconocidas\u201d, afirm\u00f3 el director regional del IPS, Eduardo Barahona Kompatzki.<\/p>\n\n\n\n<p><br>\nEn caso de que las cargas familiares no est\u00e9n actualizadas, se debe acudir a la\ncaja de compensaci\u00f3n, al instituto de Previsi\u00f3n Social o, en caso de ser\nfuncionario p\u00fablico, a su empleador. Sin embargo, mantendr\u00e1 su derecho a\nreclamar (dentro del plazo legal de un a\u00f1o), siempre que la situaci\u00f3n con su\nempleador quede totalmente regularizada.<\/p>\n\n\n\n<p><br>\nLa Asignaci\u00f3n Familiar da derecho a recibir, por cada carga debidamente\nacreditada, una suma de dinero mensual que var\u00eda, de acuerdo con el sueldo del\nbeneficiario, en base al siguiente cuadro:<\/p>\n\n\n\n<p><br>\nValores de la Asignaci\u00f3n Familiar y Maternal<\/p>\n\n\n\n<figure class=\"wp-block-table\"><table class=\"\"><tbody><tr><td>\n  <strong>Monto del ingreso mensual<\/strong>\n  <\/td><td>\n  <strong>Valor de la Asignaci\u00f3n Familiar<\/strong>\n  <\/td><\/tr><tr><td>\n  Hasta $342.346\n  <\/td><td>\n  $ 13.401 por carga\n  <\/td><\/tr><tr><td>\n  M\u00e1s de $342.346 hasta $500.033\n  <\/td><td>\n  $ 8.224 por carga\n  <\/td><\/tr><tr><td>\n  M\u00e1s de $500.033 hasta $779.882\n  <\/td><td>\n  $ 2.599 por carga\n  <\/td><\/tr><tr><td>\n  M\u00e1s de $779.882\n  <\/td><td>\n  No reciben\n  <\/td><\/tr><\/tbody><\/table><\/figure>\n\n\n\n<p><strong>\u00bfA qui\u00e9nes y c\u00f3mo\nse paga el dinero de la Asignaci\u00f3n Familiar?<\/strong><br>\n&#8211; Trabajadores dependientes (afiliados a un sistema previsional, sea AFP o ex\ncajas de previsi\u00f3n, fusionadas en el Instituto de Previsi\u00f3n Social, IPS): es\npagado por el empleador y est\u00e1 incluido en el sueldo.<br>\n&#8211; Trabajadores independientes: en la devoluci\u00f3n de impuestos del a\u00f1o siguiente\nal que las cargas fueron declaradas.<br>\n&#8211; Pensionados: paga la entidad que entrega la pensi\u00f3n (AFP o IPS).<br>\n&#8211; Subsidiados por cesant\u00eda: se paga junto al subsidio.<\/p>\n\n\n\n<p><br>\n<strong>\u00bfQu\u00e9 es Aporte Familiar Permanente? (ex Bono Marzo)<\/strong><br>\nEste aporte del Estado se paga una vez al a\u00f1o a las familias que, al 31 de\ndiciembre anterior, sean beneficiarias de Asignaci\u00f3n Familiar, entre otros.<br>\nEl beneficio se entrega entre los meses de febrero y marzo, y se reajusta cada\na\u00f1o. El a\u00f1o 2020, el valor del Aporte fue de $47.765, por carga familiar o por\nfamilia, dependiendo del grupo de beneficiarios.<br>\nPara m\u00e1s informaci\u00f3n, ingrese a&nbsp;<a href=\"http:\/\/www.ips.gob.cl\/\" target=\"_blank\" rel=\"noreferrer noopener\">www.ips.gob.cl<\/a>&nbsp;o&nbsp;<a href=\"http:\/\/www.chileatiende.cl\/\" target=\"_blank\" rel=\"noreferrer noopener\">www.chileatiende.cl<\/a>.&nbsp;<\/p>\n","protected":false},"excerpt":{"rendered":"<p>El Instituto de Previsi\u00f3n Social (IPS) y su red de atenci\u00f3n ChileAtiende hace un llamado a los trabajadores y trabajadoras a tener al d\u00eda el pago de sus Asignaciones Familiares,&#8230; <a class=\"read-more\" href=\"https:\/\/www.radiopresidenteibanez.cl\/web\/ips-llama-a-trabajadores-a-actualizar-sus-cargas-familiares\/\">Leer m\u00e1s<\/a><\/p>\n","protected":false},"author":2,"featured_media":17087,"comment_status":"closed","ping_status":"closed","sticky":false,"template":"","format":"standard","meta":{"footnotes":""},"categories":[1],"tags":[],"class_list":["post-17086","post","type-post","status-publish","format-standard","has-post-thumbnail","hentry","category-cronica"],"_links":{"self":[{"href":"https:\/\/www.radiopresidenteibanez.cl\/web\/wp-json\/wp\/v2\/posts\/17086","targetHints":{"allow":["GET"]}}],"collection":[{"href":"https:\/\/www.radiopresidenteibanez.cl\/web\/wp-json\/wp\/v2\/posts"}],"about":[{"href":"https:\/\/www.radiopresidenteibanez.cl\/web\/wp-json\/wp\/v2\/types\/post"}],"author":[{"embeddable":true,"href":"https:\/\/www.radiopresidenteibanez.cl\/web\/wp-json\/wp\/v2\/users\/2"}],"replies":[{"embeddable":true,"href":"https:\/\/www.radiopresidenteibanez.cl\/web\/wp-json\/wp\/v2\/comments?post=17086"}],"version-history":[{"count":0,"href":"https:\/\/www.radiopresidenteibanez.cl\/web\/wp-json\/wp\/v2\/posts\/17086\/revisions"}],"wp:featuredmedia":[{"embeddable":true,"href":"https:\/\/www.radiopresidenteibanez.cl\/web\/wp-json\/wp\/v2\/media\/17087"}],"wp:attachment":[{"href":"https:\/\/www.radiopresidenteibanez.cl\/web\/wp-json\/wp\/v2\/media?parent=17086"}],"wp:term":[{"taxonomy":"category","embeddable":true,"href":"https:\/\/www.radiopresidenteibanez.cl\/web\/wp-json\/wp\/v2\/categories?post=17086"},{"taxonomy":"post_tag","embeddable":true,"href":"https:\/\/www.radiopresidenteibanez.cl\/web\/wp-json\/wp\/v2\/tags?post=17086"}],"curies":[{"name":"wp","href":"https:\/\/api.w.org\/{rel}","templated":true}]}}