{"id":17084,"date":"2020-12-18T04:30:00","date_gmt":"2020-12-18T04:30:00","guid":{"rendered":"https:\/\/www.radiopresidenteibanez.cl\/web\/?p=17084"},"modified":"2020-12-17T18:15:38","modified_gmt":"2020-12-17T18:15:38","slug":"senadora-carolina-goic-destaca-aprobacion-de-proyecto-de-ley-que-amplia-la-donacion-de-organos-entre-personas-vivas","status":"publish","type":"post","link":"https:\/\/www.radiopresidenteibanez.cl\/web\/senadora-carolina-goic-destaca-aprobacion-de-proyecto-de-ley-que-amplia-la-donacion-de-organos-entre-personas-vivas\/","title":{"rendered":"SENADORA CAROLINA GOIC DESTACA APROBACI\u00d3N DE PROYECTO DE LEY QUE AMPL\u00cdA LA DONACI\u00d3N DE \u00d3RGANOS ENTRE PERSONAS VIVAS"},"content":{"rendered":"\n<p>\u201cEstamos frente a una gran noticia que sin duda beneficiar\u00e1 a\nmiles de personas y sus familias que hoy est\u00e1n a la espera de una donaci\u00f3n de \u00f3rganos,\npues una vez que esta iniciativa sea promulgada como ley, ampliaremos la posibilidad\nde donaci\u00f3n entre personas vivas, incluyendo a los parientes por afinidad\u201d<\/p>\n\n\n\n<p>As\u00ed reaccion\u00f3 la senadora Carolina Goic quien durante estos\na\u00f1os ha impulsado esta iniciativa, tras conocer la votaci\u00f3n efectuada en el \u00faltimo\ntr\u00e1mite en la C\u00e1mara de Diputados, lo que permitir\u00e1 ampliar la posibilidad para\naquellos pacientes que est\u00e1n a la espera de un trasplante y que por falta de\ndonantes no pueden mejorar su situaci\u00f3n de salud.<\/p>\n\n\n\n<p>La parlamentaria record\u00f3 que desde el a\u00f1o 2017 est\u00e1 permitida\nla donaci\u00f3n cruzada de \u00f3rganos en entre personas vivas y la donaci\u00f3n altruista\na la lista de espera de \u00f3rganos para fines de trasplante. \u201cLo que hemos buscado\ncon esta ley es poder aumentar el n\u00famero de donantes, resguardando la\nposibilidad de que medie alg\u00fan tipo de contraprestaci\u00f3n econ\u00f3mica o de otro\ntipo que pueda suponer un comercio de \u00f3rganos\u201d, aclar\u00f3 la senadora Goic.<\/p>\n\n\n\n<p>Es por eso agreg\u00f3, \u201cque se propone permitir tambi\u00e9n la donaci\u00f3n\nentre personas que tengan un parentesco por afinidad, que es el que existe\nentre una persona que est\u00e1 o ha estado casada y los consangu\u00edneos de su marido\no mujer.&nbsp; Esto ser\u00eda el parentesco que\nune, por ejemplo, al suegro con el yerno, a la suegra con la nuera o a los\ncu\u00f1ados entre s\u00ed\u201d.<\/p>\n\n\n\n<p>A juicio de la senadora magall\u00e1nica, esta medida permitir\u00eda\nampliar la posibilidad de donaci\u00f3n entre personas vivas, permiti\u00e9ndoles\nconservar su vida o mejorar considerablemente su salud.<\/p>\n","protected":false},"excerpt":{"rendered":"<p>\u201cEstamos frente a una gran noticia que sin duda beneficiar\u00e1 a miles de personas y sus familias que hoy est\u00e1n a la espera de una donaci\u00f3n de \u00f3rganos, pues una&#8230; <a class=\"read-more\" href=\"https:\/\/www.radiopresidenteibanez.cl\/web\/senadora-carolina-goic-destaca-aprobacion-de-proyecto-de-ley-que-amplia-la-donacion-de-organos-entre-personas-vivas\/\">Leer m\u00e1s<\/a><\/p>\n","protected":false},"author":2,"featured_media":14378,"comment_status":"closed","ping_status":"closed","sticky":false,"template":"","format":"standard","meta":{"footnotes":""},"categories":[1],"tags":[],"class_list":["post-17084","post","type-post","status-publish","format-standard","has-post-thumbnail","hentry","category-cronica"],"_links":{"self":[{"href":"https:\/\/www.radiopresidenteibanez.cl\/web\/wp-json\/wp\/v2\/posts\/17084","targetHints":{"allow":["GET"]}}],"collection":[{"href":"https:\/\/www.radiopresidenteibanez.cl\/web\/wp-json\/wp\/v2\/posts"}],"about":[{"href":"https:\/\/www.radiopresidenteibanez.cl\/web\/wp-json\/wp\/v2\/types\/post"}],"author":[{"embeddable":true,"href":"https:\/\/www.radiopresidenteibanez.cl\/web\/wp-json\/wp\/v2\/users\/2"}],"replies":[{"embeddable":true,"href":"https:\/\/www.radiopresidenteibanez.cl\/web\/wp-json\/wp\/v2\/comments?post=17084"}],"version-history":[{"count":0,"href":"https:\/\/www.radiopresidenteibanez.cl\/web\/wp-json\/wp\/v2\/posts\/17084\/revisions"}],"wp:featuredmedia":[{"embeddable":true,"href":"https:\/\/www.radiopresidenteibanez.cl\/web\/wp-json\/wp\/v2\/media\/14378"}],"wp:attachment":[{"href":"https:\/\/www.radiopresidenteibanez.cl\/web\/wp-json\/wp\/v2\/media?parent=17084"}],"wp:term":[{"taxonomy":"category","embeddable":true,"href":"https:\/\/www.radiopresidenteibanez.cl\/web\/wp-json\/wp\/v2\/categories?post=17084"},{"taxonomy":"post_tag","embeddable":true,"href":"https:\/\/www.radiopresidenteibanez.cl\/web\/wp-json\/wp\/v2\/tags?post=17084"}],"curies":[{"name":"wp","href":"https:\/\/api.w.org\/{rel}","templated":true}]}}