{"id":17082,"date":"2020-12-18T04:00:00","date_gmt":"2020-12-18T04:00:00","guid":{"rendered":"https:\/\/www.radiopresidenteibanez.cl\/web\/?p=17082"},"modified":"2020-12-17T18:12:35","modified_gmt":"2020-12-17T18:12:35","slug":"segundo-retiro-del-10-pdi-punta-arenas-llama-a-tomar-resguardos-para-evitar-fraudes","status":"publish","type":"post","link":"https:\/\/www.radiopresidenteibanez.cl\/web\/segundo-retiro-del-10-pdi-punta-arenas-llama-a-tomar-resguardos-para-evitar-fraudes\/","title":{"rendered":"SEGUNDO RETIRO DEL 10%: PDI PUNTA ARENAS LLAMA  A TOMAR RESGUARDOS PARA EVITAR FRAUDES"},"content":{"rendered":"\n<p>Los afiliados de las Administradoras de Fondos de\nPensiones (AFP) ya comenzaron a solicitar el segundo retiro del 10% de sus\nahorros. Debido a la masividad que se espera en este proceso, sobre todo, a\ntrav\u00e9s de internet, la Brigada Investigadora de Delitos Econ\u00f3micos de la\nPolic\u00eda de Investigaciones de Punta Arenas entrega una serie de\nrecomendaciones, con el fin de evitar que las personas sean v\u00edctimas de\ndelincuentes que intentan realizar estafas. <\/p>\n\n\n\n<p>Es por esto, que el subprefecto Daniel Medina, jefe de\nla Brigada Investigadora de Delitos Econ\u00f3micios (Bridec), se\u00f1al\u00f3 que es\nimportante que los usuarios de internet se familiaricen con las medidas de\nseguridad, tanto del uso general de la red como de las aplicaciones que utilizan\ny llam\u00f3 a la ciudadan\u00eda a usar siempre los canales oficiales ofrecidos por la\nAFP para tomar contacto con ella.<\/p>\n\n\n\n<p>Otras de las recomendaciones que entrega la PDI son:<\/p>\n\n\n\n<p>-Nunca\ncompartir datos personales ni claves a trav\u00e9s de WhatsApp, mensaje de texto o\ncorreo electr\u00f3nico.<\/p>\n\n\n\n<p>-Verificar\nsiempre al remitir el mensaje y corroborar la direcci\u00f3n web a la que desea\ningresar.<\/p>\n\n\n\n<p>-Mantener\nsiempre actualizado el antivirus y sistema operativo. <\/p>\n\n\n\n<p>&#8211;\nRevisar la redacci\u00f3n. Muchos de los mensajes fraudulentos poseen faltas de\nortograf\u00eda, no tienen coherencia y son demasiado informales.<\/p>\n\n\n\n<p>Quienes sean v\u00edctima de alg\u00fan delito, pueden concurrir\nal complejo policial m\u00e1s cercano a realizar la denuncia. <\/p>\n","protected":false},"excerpt":{"rendered":"<p>Los afiliados de las Administradoras de Fondos de Pensiones (AFP) ya comenzaron a solicitar el segundo retiro del 10% de sus ahorros. Debido a la masividad que se espera en&#8230; <a class=\"read-more\" href=\"https:\/\/www.radiopresidenteibanez.cl\/web\/segundo-retiro-del-10-pdi-punta-arenas-llama-a-tomar-resguardos-para-evitar-fraudes\/\">Leer m\u00e1s<\/a><\/p>\n","protected":false},"author":2,"featured_media":4141,"comment_status":"closed","ping_status":"closed","sticky":false,"template":"","format":"standard","meta":{"footnotes":""},"categories":[1],"tags":[],"class_list":["post-17082","post","type-post","status-publish","format-standard","has-post-thumbnail","hentry","category-cronica"],"_links":{"self":[{"href":"https:\/\/www.radiopresidenteibanez.cl\/web\/wp-json\/wp\/v2\/posts\/17082","targetHints":{"allow":["GET"]}}],"collection":[{"href":"https:\/\/www.radiopresidenteibanez.cl\/web\/wp-json\/wp\/v2\/posts"}],"about":[{"href":"https:\/\/www.radiopresidenteibanez.cl\/web\/wp-json\/wp\/v2\/types\/post"}],"author":[{"embeddable":true,"href":"https:\/\/www.radiopresidenteibanez.cl\/web\/wp-json\/wp\/v2\/users\/2"}],"replies":[{"embeddable":true,"href":"https:\/\/www.radiopresidenteibanez.cl\/web\/wp-json\/wp\/v2\/comments?post=17082"}],"version-history":[{"count":0,"href":"https:\/\/www.radiopresidenteibanez.cl\/web\/wp-json\/wp\/v2\/posts\/17082\/revisions"}],"wp:featuredmedia":[{"embeddable":true,"href":"https:\/\/www.radiopresidenteibanez.cl\/web\/wp-json\/wp\/v2\/media\/4141"}],"wp:attachment":[{"href":"https:\/\/www.radiopresidenteibanez.cl\/web\/wp-json\/wp\/v2\/media?parent=17082"}],"wp:term":[{"taxonomy":"category","embeddable":true,"href":"https:\/\/www.radiopresidenteibanez.cl\/web\/wp-json\/wp\/v2\/categories?post=17082"},{"taxonomy":"post_tag","embeddable":true,"href":"https:\/\/www.radiopresidenteibanez.cl\/web\/wp-json\/wp\/v2\/tags?post=17082"}],"curies":[{"name":"wp","href":"https:\/\/api.w.org\/{rel}","templated":true}]}}