{"id":17071,"date":"2020-12-18T03:30:00","date_gmt":"2020-12-18T03:30:00","guid":{"rendered":"https:\/\/www.radiopresidenteibanez.cl\/web\/?p=17071"},"modified":"2020-12-17T14:51:00","modified_gmt":"2020-12-17T14:51:00","slug":"autoridades-visitaron-avance-de-obras-de-nuevo-jardin-infantil-en-comuna-de-torres-del-paine","status":"publish","type":"post","link":"https:\/\/www.radiopresidenteibanez.cl\/web\/autoridades-visitaron-avance-de-obras-de-nuevo-jardin-infantil-en-comuna-de-torres-del-paine\/","title":{"rendered":"AUTORIDADES VISITARON AVANCE DE OBRAS DE NUEVO JARD\u00cdN INFANTIL EN COMUNA DE TORRES DEL PAINE"},"content":{"rendered":"\n<p><a>Hasta Villa Cerro Castillo, en la comuna de Torres del Paine,\nllegaron distintas autoridades de la regi\u00f3n, entre las que se encontraba el\ngobernador Ra\u00fal Suazo; el Seremi de Educaci\u00f3n, Rodrigo Sep\u00falveda; la directora\nregional de Junji, Marisol Villegas; y el alcalde Roberto C\u00e1rdenas. Esto como\nparte de una visita para apreciar el estado de los trabajos de construcci\u00f3n que\nactualmente se est\u00e1n llevando a cabo en el nuevo jard\u00edn infantil \u201cEl Castillito\u201d.<\/a><\/p>\n\n\n\n<p>Respecto a esta visita, el gobernador Ra\u00fal Suazo\nse\u00f1al\u00f3 que \u201cpudimos ver el avance de las obras, las cuales no estuvieron exentas de\ncomplicaciones producto de la pandemia, ya que ha dificultado el avance de\nalgunos proyectos, pero que afortunadamente en esta comuna est\u00e1n avanzando. El\njard\u00edn infantil cuenta con un est\u00e1ndar important\u00edsimo y va a beneficiar a 24\nni\u00f1os de la comuna; esperamos que durante el segundo semestre del pr\u00f3ximo a\u00f1o\nesto ya est\u00e9 inaugurado\u201d.<\/p>\n\n\n\n<p>Por su parte, el Seremi Rodrigo Sep\u00falveda coment\u00f3 que\n\u201ctener\nhoy d\u00eda un jard\u00edn infantil para que los ni\u00f1os no tengan que trasladarse de la\ncomuna, implica que estamos trabajando en el camino correcto\u201d, adem\u00e1s agreg\u00f3\nque \u201cestamos agradecidos del trabajo realizado por el municipio, y por la\nimportancia de tener la disponibilidad del Gobierno Regional y de la Secretar\u00eda\nMinisterial para estar apoyando en forma permanente, y que la zona de Villa\nCerro Castillo pueda tener una oferta de educaci\u00f3n que sea digna de esta\ncomunidad tan importante para nosotros\u201d.<\/p>\n\n\n\n<p>En tanto, el edil de Torres del Paine, Roberto\nC\u00e1rdenas destac\u00f3 que \u201cel avance de esta gran obra que es el nuevo jard\u00edn infantil \u201cEl Castillito\u201d,\ncont\u00f3 con un monto de 853 millones de pesos aprobados por el Gobierno Regional,\nson 400 metros cuadrados de construcci\u00f3n que llevan un avance del 30%\u201d.<\/p>\n\n\n\n<p>Respecto a las especificaciones del proyecto, la\ndirectora regional de Junji, Marisol Villegas, mencion\u00f3 que \u201cnosotros tenemos varias normativas\nexistentes, entre ellas el metraje por ni\u00f1o, que son 2,4 mts. por ni\u00f1o en sala\ncuna y 1,5 mt. por ni\u00f1o en niveles medios; por lo tanto, este jard\u00edn cumple con\ntodas las normativas actuales, con todo lo que es luz, calefacci\u00f3n, adem\u00e1s de\ntodo el coeficiente educativo\u201d.<\/p>\n\n\n\n<p>En enero de este a\u00f1o, se pon\u00eda la primera piedra para\nla construcci\u00f3n de este establecimiento, el cual deb\u00eda comenzar en marzo, pero &nbsp;que a causa de la pandemia debi\u00f3 postergar sus\nobras, actualmente lleva un avance del 30% y se espera que para septiembre del\npr\u00f3ximo a\u00f1o este jard\u00edn infantil pueda estar inaugurado.<\/p>\n","protected":false},"excerpt":{"rendered":"<p>Hasta Villa Cerro Castillo, en la comuna de Torres del Paine, llegaron distintas autoridades de la regi\u00f3n, entre las que se encontraba el gobernador Ra\u00fal Suazo; el Seremi de Educaci\u00f3n,&#8230; <a class=\"read-more\" href=\"https:\/\/www.radiopresidenteibanez.cl\/web\/autoridades-visitaron-avance-de-obras-de-nuevo-jardin-infantil-en-comuna-de-torres-del-paine\/\">Leer m\u00e1s<\/a><\/p>\n","protected":false},"author":2,"featured_media":17072,"comment_status":"closed","ping_status":"closed","sticky":false,"template":"","format":"standard","meta":{"footnotes":""},"categories":[1],"tags":[],"class_list":["post-17071","post","type-post","status-publish","format-standard","has-post-thumbnail","hentry","category-cronica"],"_links":{"self":[{"href":"https:\/\/www.radiopresidenteibanez.cl\/web\/wp-json\/wp\/v2\/posts\/17071","targetHints":{"allow":["GET"]}}],"collection":[{"href":"https:\/\/www.radiopresidenteibanez.cl\/web\/wp-json\/wp\/v2\/posts"}],"about":[{"href":"https:\/\/www.radiopresidenteibanez.cl\/web\/wp-json\/wp\/v2\/types\/post"}],"author":[{"embeddable":true,"href":"https:\/\/www.radiopresidenteibanez.cl\/web\/wp-json\/wp\/v2\/users\/2"}],"replies":[{"embeddable":true,"href":"https:\/\/www.radiopresidenteibanez.cl\/web\/wp-json\/wp\/v2\/comments?post=17071"}],"version-history":[{"count":0,"href":"https:\/\/www.radiopresidenteibanez.cl\/web\/wp-json\/wp\/v2\/posts\/17071\/revisions"}],"wp:featuredmedia":[{"embeddable":true,"href":"https:\/\/www.radiopresidenteibanez.cl\/web\/wp-json\/wp\/v2\/media\/17072"}],"wp:attachment":[{"href":"https:\/\/www.radiopresidenteibanez.cl\/web\/wp-json\/wp\/v2\/media?parent=17071"}],"wp:term":[{"taxonomy":"category","embeddable":true,"href":"https:\/\/www.radiopresidenteibanez.cl\/web\/wp-json\/wp\/v2\/categories?post=17071"},{"taxonomy":"post_tag","embeddable":true,"href":"https:\/\/www.radiopresidenteibanez.cl\/web\/wp-json\/wp\/v2\/tags?post=17071"}],"curies":[{"name":"wp","href":"https:\/\/api.w.org\/{rel}","templated":true}]}}