{"id":1707,"date":"2019-03-01T16:32:11","date_gmt":"2019-03-01T16:32:11","guid":{"rendered":"http:\/\/www.radiopresidenteibanez.cl\/web\/?p=1707"},"modified":"2019-03-01T16:32:54","modified_gmt":"2019-03-01T16:32:54","slug":"pdi-detuvo-a-14-personas-y-detecto-a-extranjeros-infractores","status":"publish","type":"post","link":"https:\/\/www.radiopresidenteibanez.cl\/web\/pdi-detuvo-a-14-personas-y-detecto-a-extranjeros-infractores\/","title":{"rendered":"PDI DETUVO A 14 PERSONAS Y DETECT\u00d3 A EXTRANJEROS INFRACTORES"},"content":{"rendered":"\n<p>El sector c\u00e9ntrico\nde Punta Arenas, Puerto Natales y locales nocturnos de ambas comunas fueron el\nfoco de un operativo efectuado durante el jueves y la madrugada de este viernes,\npor la Polic\u00eda de Investigaciones. Los detectives realizaron un total de 188 controles,\nlogrando la detenci\u00f3n de hombres y mujeres que ten\u00edan \u00f3rdenes de detenci\u00f3n\npendientes.<\/p>\n\n\n\n<p>Del total de\npersonas controladas en locales nocturnos 62 eran extranjeras, dentro de las\ncuales se detect\u00f3 que 9 mujeres estaban infringiendo la Ley de Extranjer\u00eda, por\nlo que fueron denunciadas a las gobernaciones correspondientes. Tambi\u00e9n fue\ndenunciado un empleador de nacionalidad chilena, quien no contaba con los\ndocumentos que autoricen el trabajo de ciudadanas extranjeras. <\/p>\n\n\n\n<p>El Jefe de la\nRegi\u00f3n Policial de Magallanes, Prefecto Inspector V\u00edctor Arriagada, se\u00f1al\u00f3:\n\u201cHemos tenido un operativo que, adem\u00e1s est\u00e1 complementado con un trabajo de dar\ncumplimiento a las \u00f3rdenes de aprehensi\u00f3n pendientes. Hemos detectado 14\npersonas pr\u00f3fugas que estaban evadiendo la justicia. Principalmente ten\u00edan\n\u00f3rdenes por robo en lugar habitado, pensi\u00f3n alimenticia y otras \u00f3rdenes por\ninfracci\u00f3n a la Ley 20.000\u201d.<\/p>\n\n\n\n<p>El operativo cont\u00f3\ncon la presencia del Intendente de Magallanes y el Gobernador Provincial de\nMagallanes. \u201cEstamos realizando esta intervenci\u00f3n a locales nocturnos para\ngarantizar la seguridad de nuestros ciudadanos aqu\u00ed en Punta Arenas. Se\nregistr\u00f3 la identidad de los ciudadanos y tambi\u00e9n hubo un control de drogas\nmediante los perros que tiene la polic\u00eda\u201d, se\u00f1al\u00f3 la m\u00e1xima autoridad regional\nJos\u00e9 Fern\u00e1ndez.<\/p>\n\n\n\n<p>Para el gobernador\nprovincial de Magallanes, Homero Villegas, el operativo les permiti\u00f3 como\nautoridades conocer la labor que realiza la polic\u00eda y asegur\u00f3 que los controles\nnocturnos se seguir\u00e1n efectuando en la ciudad. \u201cEs grato constatar el trabajo\nprofesional que hace la polic\u00eda y esto se enmarca en la pol\u00edtica de esta\ngobernaci\u00f3n, cuya principal preocupaci\u00f3n es la seguridad p\u00fablica\u201d, asegur\u00f3. <\/p>\n\n\n\n<p>Detectives de la\nBrigada Antinarc\u00f3ticos y Contra el Crimen Organizado Punta Arenas realizaron\ncontroles con ejemplares caninos, detectando a un hombre que portaba\nclorhidrato de coca\u00edna y cannabis sativa y que fue denunciado por infracci\u00f3n al\nArt\u00edculo 50 de la Ley 20.000, quedando a la espera de citaci\u00f3n por parte del Ministerio\nP\u00fablico. <\/p>\n","protected":false},"excerpt":{"rendered":"<p>El sector c\u00e9ntrico de Punta Arenas, Puerto Natales y locales nocturnos de ambas comunas fueron el foco de un operativo efectuado durante el jueves y la madrugada de este viernes,&#8230; <a class=\"read-more\" href=\"https:\/\/www.radiopresidenteibanez.cl\/web\/pdi-detuvo-a-14-personas-y-detecto-a-extranjeros-infractores\/\">Leer m\u00e1s<\/a><\/p>\n","protected":false},"author":2,"featured_media":1708,"comment_status":"closed","ping_status":"closed","sticky":false,"template":"","format":"standard","meta":{"footnotes":""},"categories":[1,6],"tags":[],"class_list":["post-1707","post","type-post","status-publish","format-standard","has-post-thumbnail","hentry","category-cronica","category-policial"],"_links":{"self":[{"href":"https:\/\/www.radiopresidenteibanez.cl\/web\/wp-json\/wp\/v2\/posts\/1707","targetHints":{"allow":["GET"]}}],"collection":[{"href":"https:\/\/www.radiopresidenteibanez.cl\/web\/wp-json\/wp\/v2\/posts"}],"about":[{"href":"https:\/\/www.radiopresidenteibanez.cl\/web\/wp-json\/wp\/v2\/types\/post"}],"author":[{"embeddable":true,"href":"https:\/\/www.radiopresidenteibanez.cl\/web\/wp-json\/wp\/v2\/users\/2"}],"replies":[{"embeddable":true,"href":"https:\/\/www.radiopresidenteibanez.cl\/web\/wp-json\/wp\/v2\/comments?post=1707"}],"version-history":[{"count":0,"href":"https:\/\/www.radiopresidenteibanez.cl\/web\/wp-json\/wp\/v2\/posts\/1707\/revisions"}],"wp:featuredmedia":[{"embeddable":true,"href":"https:\/\/www.radiopresidenteibanez.cl\/web\/wp-json\/wp\/v2\/media\/1708"}],"wp:attachment":[{"href":"https:\/\/www.radiopresidenteibanez.cl\/web\/wp-json\/wp\/v2\/media?parent=1707"}],"wp:term":[{"taxonomy":"category","embeddable":true,"href":"https:\/\/www.radiopresidenteibanez.cl\/web\/wp-json\/wp\/v2\/categories?post=1707"},{"taxonomy":"post_tag","embeddable":true,"href":"https:\/\/www.radiopresidenteibanez.cl\/web\/wp-json\/wp\/v2\/tags?post=1707"}],"curies":[{"name":"wp","href":"https:\/\/api.w.org\/{rel}","templated":true}]}}