{"id":17066,"date":"2020-12-18T03:00:00","date_gmt":"2020-12-18T03:00:00","guid":{"rendered":"https:\/\/www.radiopresidenteibanez.cl\/web\/?p=17066"},"modified":"2020-12-17T14:45:05","modified_gmt":"2020-12-17T14:45:05","slug":"mas-de-5-300-ninos-recibieron-regalos-entregados-por-el-municipio-de-punta-arenas","status":"publish","type":"post","link":"https:\/\/www.radiopresidenteibanez.cl\/web\/mas-de-5-300-ninos-recibieron-regalos-entregados-por-el-municipio-de-punta-arenas\/","title":{"rendered":"M\u00c1S DE 5.300 NI\u00d1OS RECIBIERON REGALOS ENTREGADOS POR EL MUNICIPIO DE PUNTA ARENAS"},"content":{"rendered":"\n<p>De manera exitosa se llev\u00f3 a cabo, la reciente semana, la\nentrega de regalos de parte de la Municipalidad de Punta Arenas, a m\u00e1s de 5.300\nni\u00f1as y ni\u00f1os inscritos para recibir un presente de parte del Viejito Pascuero,\nde un total superior a los 5.700.<\/p>\n\n\n\n<p>La actividad inici\u00f3 el martes (8 de diciembre) y finaliz\u00f3\neste mi\u00e9rcoles (16 de diciembre), con la entrega a las personas rezagadas, en\nla escuela Portugal, donde el 94% de inscritos retir\u00f3 su presente.<\/p>\n\n\n\n<p>\u201cFueron cerca de 6 mil regalos y el 94% fue entregado sin\nning\u00fan problema. Quedan cerca de 400 regalos que vamos a estar llamando uno por\nuno, a partir de hoy, para coordinar la fecha de entrega. Sabemos que hay\nalgunos pap\u00e1s que estaban trabajando, que hubo algunos problemas puntuales, y\npor lo tanto vamos a estar enviando correos electr\u00f3nicos, whatsapp o llamadas a\nlos tel\u00e9fonos que est\u00e1n asignados\u201d, afirm\u00f3 el alcalde de Punta Arenas, Claudio\nRadonich, agradeciendo a los funcionarios municipales a cargo.<\/p>\n\n\n\n<p>La autoridad comunal agradeci\u00f3, por otro lado, a los\ndirigentes vecinales que se sumaron a la instancia, que este a\u00f1o permiti\u00f3\ninscribir a ni\u00f1as y ni\u00f1os de manera directa a trav\u00e9s de los distritos asignados\npara cada sector, sin que hubiera contacto ni riesgo sanitario.<\/p>\n\n\n\n<p>En este 2020, se inscribieron un total de 5.725 ni\u00f1as y\nni\u00f1os de Punta Arenas de entre 0 y 10 a\u00f1os de edad, un 65% m\u00e1s que el 2019.<\/p>\n","protected":false},"excerpt":{"rendered":"<p>De manera exitosa se llev\u00f3 a cabo, la reciente semana, la entrega de regalos de parte de la Municipalidad de Punta Arenas, a m\u00e1s de 5.300 ni\u00f1as y ni\u00f1os inscritos&#8230; <a class=\"read-more\" href=\"https:\/\/www.radiopresidenteibanez.cl\/web\/mas-de-5-300-ninos-recibieron-regalos-entregados-por-el-municipio-de-punta-arenas\/\">Leer m\u00e1s<\/a><\/p>\n","protected":false},"author":2,"featured_media":16984,"comment_status":"closed","ping_status":"closed","sticky":false,"template":"","format":"standard","meta":{"footnotes":""},"categories":[1],"tags":[],"class_list":["post-17066","post","type-post","status-publish","format-standard","has-post-thumbnail","hentry","category-cronica"],"_links":{"self":[{"href":"https:\/\/www.radiopresidenteibanez.cl\/web\/wp-json\/wp\/v2\/posts\/17066","targetHints":{"allow":["GET"]}}],"collection":[{"href":"https:\/\/www.radiopresidenteibanez.cl\/web\/wp-json\/wp\/v2\/posts"}],"about":[{"href":"https:\/\/www.radiopresidenteibanez.cl\/web\/wp-json\/wp\/v2\/types\/post"}],"author":[{"embeddable":true,"href":"https:\/\/www.radiopresidenteibanez.cl\/web\/wp-json\/wp\/v2\/users\/2"}],"replies":[{"embeddable":true,"href":"https:\/\/www.radiopresidenteibanez.cl\/web\/wp-json\/wp\/v2\/comments?post=17066"}],"version-history":[{"count":0,"href":"https:\/\/www.radiopresidenteibanez.cl\/web\/wp-json\/wp\/v2\/posts\/17066\/revisions"}],"wp:featuredmedia":[{"embeddable":true,"href":"https:\/\/www.radiopresidenteibanez.cl\/web\/wp-json\/wp\/v2\/media\/16984"}],"wp:attachment":[{"href":"https:\/\/www.radiopresidenteibanez.cl\/web\/wp-json\/wp\/v2\/media?parent=17066"}],"wp:term":[{"taxonomy":"category","embeddable":true,"href":"https:\/\/www.radiopresidenteibanez.cl\/web\/wp-json\/wp\/v2\/categories?post=17066"},{"taxonomy":"post_tag","embeddable":true,"href":"https:\/\/www.radiopresidenteibanez.cl\/web\/wp-json\/wp\/v2\/tags?post=17066"}],"curies":[{"name":"wp","href":"https:\/\/api.w.org\/{rel}","templated":true}]}}