{"id":17063,"date":"2020-12-18T02:30:00","date_gmt":"2020-12-18T02:30:00","guid":{"rendered":"https:\/\/www.radiopresidenteibanez.cl\/web\/?p=17063"},"modified":"2020-12-17T14:41:12","modified_gmt":"2020-12-17T14:41:12","slug":"funcionarios-municipales-de-torres-del-paine-se-capacitaron-en-eficiencia-energetica","status":"publish","type":"post","link":"https:\/\/www.radiopresidenteibanez.cl\/web\/funcionarios-municipales-de-torres-del-paine-se-capacitaron-en-eficiencia-energetica\/","title":{"rendered":"FUNCIONARIOS MUNICIPALES DE TORRES DEL PAINE SE CAPACITARON EN EFICIENCIA ENERG\u00c9TICA"},"content":{"rendered":"\n<p>Una nueva capacitaci\u00f3n en eficiencia energ\u00e9tica ofreci\u00f3 la SEREMI de Energ\u00eda de Magallanes y Ant\u00e1rtica Chilena; esta vez, a funcionarios municipales de Torres del Paine. &nbsp;<\/p>\n\n\n\n<p>La cita virtual reuni\u00f3 a una veintena de servidores p\u00fablicos municipales que profundizaron sus conocimientos para aplicarlos principalmente en el contexto laboral.<\/p>\n\n\n\n<p>La charla, enmarcada en los compromisos adquiridos por la Mesa Comunal de Energ\u00eda, introdujo adem\u00e1s a los funcionarios de Torres del Paine, en los diversos instrumentos y herramientas de que dispone el Programa Gestiona Energ\u00eda para el Sector P\u00fablico. &nbsp;<\/p>\n\n\n\n<p>\u201cEstamos apoyando el inter\u00e9s y el compromiso que el alcalde Roberto C\u00e1rdenas le est\u00e1 imprimiendo a su gesti\u00f3n en materia medioambiental y de sostenibilidad y eficiencia energ\u00e9tica\u201d, dijo el SEREMI de Energ\u00eda de Magallanes, Nolberto S\u00e1ez.<\/p>\n\n\n\n<p>S\u00e1ez agreg\u00f3 que compart\u00eda plenamente la preocupaci\u00f3n de la autoridad local por cuidar a la comuna que alberga a la Octava Maravilla del Mundo.<\/p>\n\n\n\n<p>\u201cComo ministerio y como Gobierno del Presidente Pi\u00f1era, estamos abocados a facilitar, proveer, orientar y difundir todas las iniciativas que tengan por objeto resguardar nuestro patrimonio natural y con ello, asegurar una mejor calidad de vida de las familias que all\u00ed residen\u201d.<\/p>\n\n\n\n<p>Las palabras del titular de Energ\u00eda de Magallanes fueron bien recibidas por el alcalde C\u00e1rdenas, quien valor\u00f3 la instancia de perfeccionamiento y colaboraci\u00f3n.<\/p>\n\n\n\n<p>\u201cSomos custodios de una Maravilla Mundial y esa es una responsabilidad muy grande. Por ello tenemos el deber de protegerla y administrarla con celo. Es por ello que como municipalidad estamos impulsando con mucha convicci\u00f3n, una pol\u00edtica comunal basada en la protecci\u00f3n de nuestro entorno, donde podamos compatibilizar un turismo sustentable a fin de que perdure en el tiempo para las futuras generaciones\u201d, dijo el edil.<\/p>\n\n\n\n<p>C\u00e1rdenas aprovech\u00f3 la ocasi\u00f3n de agradecer el apoyo recibido de parte de la SEREMI de Energ\u00eda de Magallanes para cumplir con la meta trazada en este sentido. \u201cEsta tarea, en la cual estamos embarcados, la SEREMI de Energ\u00eda, junto a sus profesionales, ha tenido un rol clave en el afianzamiento del este objetivo\u201d.<\/p>\n\n\n\n<p>La capacitaci\u00f3n estuvo a cargo de los profesionales Paola Toledo y Juan Carlos Paredes, quienes explicaron que los contenidos impartidos tuvieron por objeto, adem\u00e1s, profundizar aspecto de la pol\u00edtica energ\u00e9tica orientada a la infraestructura p\u00fablica, donde se invit\u00f3 a formar gestores energ\u00e9ticos para ayudar a mejorar el uso responsable de los recursos p\u00fablicos.<\/p>\n\n\n\n<p>Los profesionales tambi\u00e9n agregaron que detallaron los avances en inserci\u00f3n de g\u00e9nero y los alcances de la Estrategia Nacional de Hidr\u00f3geno Verde, entre otros. &nbsp;&nbsp;<\/p>\n","protected":false},"excerpt":{"rendered":"<p>Una nueva capacitaci\u00f3n en eficiencia energ\u00e9tica ofreci\u00f3 la SEREMI de Energ\u00eda de Magallanes y Ant\u00e1rtica Chilena; esta vez, a funcionarios municipales de Torres del Paine. &nbsp; La cita virtual reuni\u00f3&#8230; <a class=\"read-more\" href=\"https:\/\/www.radiopresidenteibanez.cl\/web\/funcionarios-municipales-de-torres-del-paine-se-capacitaron-en-eficiencia-energetica\/\">Leer m\u00e1s<\/a><\/p>\n","protected":false},"author":2,"featured_media":17064,"comment_status":"closed","ping_status":"closed","sticky":false,"template":"","format":"standard","meta":{"footnotes":""},"categories":[1],"tags":[],"class_list":["post-17063","post","type-post","status-publish","format-standard","has-post-thumbnail","hentry","category-cronica"],"_links":{"self":[{"href":"https:\/\/www.radiopresidenteibanez.cl\/web\/wp-json\/wp\/v2\/posts\/17063","targetHints":{"allow":["GET"]}}],"collection":[{"href":"https:\/\/www.radiopresidenteibanez.cl\/web\/wp-json\/wp\/v2\/posts"}],"about":[{"href":"https:\/\/www.radiopresidenteibanez.cl\/web\/wp-json\/wp\/v2\/types\/post"}],"author":[{"embeddable":true,"href":"https:\/\/www.radiopresidenteibanez.cl\/web\/wp-json\/wp\/v2\/users\/2"}],"replies":[{"embeddable":true,"href":"https:\/\/www.radiopresidenteibanez.cl\/web\/wp-json\/wp\/v2\/comments?post=17063"}],"version-history":[{"count":0,"href":"https:\/\/www.radiopresidenteibanez.cl\/web\/wp-json\/wp\/v2\/posts\/17063\/revisions"}],"wp:featuredmedia":[{"embeddable":true,"href":"https:\/\/www.radiopresidenteibanez.cl\/web\/wp-json\/wp\/v2\/media\/17064"}],"wp:attachment":[{"href":"https:\/\/www.radiopresidenteibanez.cl\/web\/wp-json\/wp\/v2\/media?parent=17063"}],"wp:term":[{"taxonomy":"category","embeddable":true,"href":"https:\/\/www.radiopresidenteibanez.cl\/web\/wp-json\/wp\/v2\/categories?post=17063"},{"taxonomy":"post_tag","embeddable":true,"href":"https:\/\/www.radiopresidenteibanez.cl\/web\/wp-json\/wp\/v2\/tags?post=17063"}],"curies":[{"name":"wp","href":"https:\/\/api.w.org\/{rel}","templated":true}]}}