{"id":17057,"date":"2020-12-18T02:00:00","date_gmt":"2020-12-18T02:00:00","guid":{"rendered":"https:\/\/www.radiopresidenteibanez.cl\/web\/?p=17057"},"modified":"2020-12-17T14:26:13","modified_gmt":"2020-12-17T14:26:13","slug":"sector-loteo-del-mar-concreto-anhelado-cierre-perimetral-de-su-sede-social","status":"publish","type":"post","link":"https:\/\/www.radiopresidenteibanez.cl\/web\/sector-loteo-del-mar-concreto-anhelado-cierre-perimetral-de-su-sede-social\/","title":{"rendered":"SECTOR LOTEO DEL MAR CONCRET\u00d3 ANHELADO CIERRE PERIMETRAL DE SU SEDE SOCIAL"},"content":{"rendered":"\n<p>La iniciativa comenz\u00f3 su ejecuci\u00f3n en el mes de enero del\npresente a\u00f1o, cuando a\u00fan era posible organizar reuniones presenciales. Se\nconform\u00f3 un grupo motor compuesto por 20 vecinas y vecinos que trabajaron\napoyados por el equipo ejecutor, la consultora Educap, en la elaboraci\u00f3n de un\ndiagn\u00f3stico y priorizaci\u00f3n de problem\u00e1ticas, necesidades y posibles soluciones\npara mejorar la calidad de vida de los habitantes del territorio. <\/p>\n\n\n\n<p>\u201cSe empez\u00f3 a trabajar inmediatamente con el\ndiagn\u00f3stico comunitario, donde se realizaron actividades sumamente din\u00e1micas,\ngenerando un v\u00ednculo con la consultora y la comunidad, facilitando mucho el\ntrabajo\u201d, explica la presidenta de la junta de vecinos, Claudia C\u00e1rdenas.<\/p>\n\n\n\n<p>A medida que transcurrieron los meses, el contexto\nsanitario se agrav\u00f3 y las reuniones presenciales quedaron el pasado. El desaf\u00edo\nfue adaptarse a la participaci\u00f3n remota, a trav\u00e9s de aplicaciones de\nvideoconferencias para continuar con el trabajo comunitario. <\/p>\n\n\n\n<p>De este diagn\u00f3stico result\u00f3 la priorizaci\u00f3n de 5\niniciativas que fueron a una votaci\u00f3n comunitaria online, entre el 25 y 27 de\nseptiembre, y que cont\u00f3 con un total 339 votos v\u00e1lidamente emitidos. Por amplia\nmayor\u00eda se seleccion\u00f3 el cierre perimetral de la sede social del sector,\ninversi\u00f3n que alcanz\u00f3 los 10 millones de pesos.<\/p>\n\n\n\n<p>\u201cDesde que se form\u00f3 la junta de vecinos, desde que\nse construy\u00f3 la sede, siempre hemos estado pensando en el cierre perimetral,\ncerrar la sede, porque todas las veces ten\u00edamos problemas con el gas porque\npasaban a echar abajo el medidor\u201d, cuenta Marta Arriagada, una de las vecinas\ndel grupo motor.<\/p>\n\n\n\n<p>Misma opini\u00f3n de Cristina Lizondo. \u201cHace mucho\ntiempo que se quer\u00eda cerrar la sede y no se hab\u00eda podido por recursos. Es\nexcelente porque es un lugar donde estamos todos los vecinos, nos reunimos,\nhacemos actividades\u201d.<\/p>\n\n\n\n<p>\u201cEl gran desaf\u00edo fue el contar con la\nparticipaci\u00f3n de los vecinos, eso hay que destacarlo, porque gracias a ello se\npudo definir lo que estamos viendo, el cierre perimetral de la junta de\nvecinos. Muy contentos que, gracias a todo este esfuerzo, a la uni\u00f3n entre los\nvecinos, la directiva de la junta de vecinos, del equipo de profesionales del\nFOSIS y del ejecutor Educap, hemos podido llegar a concretar este anhelo\u201d,\ndestac\u00f3 el director regional del FOSIS, Hern\u00e1n Soto.<\/p>\n\n\n\n<p>Finalmente, la\nSeremi de Desarrollo Social y Social, Liz Casanueva, se mostr\u00f3 satisfecha por\neste exitoso proceso que viene a mejorar la calidad de vida de los vecinos del\nsector. \u201cEstamos felices que esta junta de vecinos haya logrado concretar este\ncierre perimetral, que evidentemente les va a permitir generar otros proyectos\nque les van a dar m\u00e1s seguridad tambi\u00e9n en el resguardo y larga proyecci\u00f3n de\n\u00e9ste y otro tipo de iniciativas\u201d.<\/p>\n","protected":false},"excerpt":{"rendered":"<p>La iniciativa comenz\u00f3 su ejecuci\u00f3n en el mes de enero del presente a\u00f1o, cuando a\u00fan era posible organizar reuniones presenciales. Se conform\u00f3 un grupo motor compuesto por 20 vecinas y&#8230; <a class=\"read-more\" href=\"https:\/\/www.radiopresidenteibanez.cl\/web\/sector-loteo-del-mar-concreto-anhelado-cierre-perimetral-de-su-sede-social\/\">Leer m\u00e1s<\/a><\/p>\n","protected":false},"author":2,"featured_media":17058,"comment_status":"closed","ping_status":"closed","sticky":false,"template":"","format":"standard","meta":{"footnotes":""},"categories":[1],"tags":[],"class_list":["post-17057","post","type-post","status-publish","format-standard","has-post-thumbnail","hentry","category-cronica"],"_links":{"self":[{"href":"https:\/\/www.radiopresidenteibanez.cl\/web\/wp-json\/wp\/v2\/posts\/17057","targetHints":{"allow":["GET"]}}],"collection":[{"href":"https:\/\/www.radiopresidenteibanez.cl\/web\/wp-json\/wp\/v2\/posts"}],"about":[{"href":"https:\/\/www.radiopresidenteibanez.cl\/web\/wp-json\/wp\/v2\/types\/post"}],"author":[{"embeddable":true,"href":"https:\/\/www.radiopresidenteibanez.cl\/web\/wp-json\/wp\/v2\/users\/2"}],"replies":[{"embeddable":true,"href":"https:\/\/www.radiopresidenteibanez.cl\/web\/wp-json\/wp\/v2\/comments?post=17057"}],"version-history":[{"count":0,"href":"https:\/\/www.radiopresidenteibanez.cl\/web\/wp-json\/wp\/v2\/posts\/17057\/revisions"}],"wp:featuredmedia":[{"embeddable":true,"href":"https:\/\/www.radiopresidenteibanez.cl\/web\/wp-json\/wp\/v2\/media\/17058"}],"wp:attachment":[{"href":"https:\/\/www.radiopresidenteibanez.cl\/web\/wp-json\/wp\/v2\/media?parent=17057"}],"wp:term":[{"taxonomy":"category","embeddable":true,"href":"https:\/\/www.radiopresidenteibanez.cl\/web\/wp-json\/wp\/v2\/categories?post=17057"},{"taxonomy":"post_tag","embeddable":true,"href":"https:\/\/www.radiopresidenteibanez.cl\/web\/wp-json\/wp\/v2\/tags?post=17057"}],"curies":[{"name":"wp","href":"https:\/\/api.w.org\/{rel}","templated":true}]}}