{"id":17055,"date":"2020-12-17T14:21:56","date_gmt":"2020-12-17T14:21:56","guid":{"rendered":"https:\/\/www.radiopresidenteibanez.cl\/web\/?p=17055"},"modified":"2020-12-17T14:22:02","modified_gmt":"2020-12-17T14:22:02","slug":"partido-socialista-define-candidatura-joven-para-la-convencion-constitucional-en-magallanes","status":"publish","type":"post","link":"https:\/\/www.radiopresidenteibanez.cl\/web\/partido-socialista-define-candidatura-joven-para-la-convencion-constitucional-en-magallanes\/","title":{"rendered":"PARTIDO SOCIALISTA DEFINE CANDIDATURA JOVEN PARA LA CONVENCI\u00d3N CONSTITUCIONAL EN MAGALLANES"},"content":{"rendered":"\n<p>El pasado lunes, el Comit\u00e9\nRegional del Partido Socialista se reuni\u00f3 para definir qui\u00e9n deber\u00eda ser el\nrepresentante de la colectividad para las elecciones de abril, donde se\nelegir\u00e1n los miembros de la regi\u00f3n en la Convenci\u00f3n Constitucional encargada de\nelaborar una nueva constituci\u00f3n para Chile.<\/p>\n\n\n\n<p><strong>Luis Navarro Almonacid<\/strong>, militante de la Juventud Socialista, tiene\n26 a\u00f1os y es parte hace m\u00e1s de 5 de esta organizaci\u00f3n. Es psicopedagogo, se\nencuentra terminando el Magister en Ciencias Sociales de la Universidad de\nMagallanes, y es reconocido a nivel regional por ser int\u00e9rprete de lengua de\nse\u00f1as. <\/p>\n\n\n\n<p>Al respecto, el reciente\ncandidato priorizado se\u00f1ala, \u201cestoy sorprendido del apoyo recibido, no s\u00f3lo por\nel del partido, sino por la cantidad de gente alejada de la pol\u00edtica\ntradicional que tambi\u00e9n me lo ha manifestado. Este es un proyecto colectivo,\nque ven\u00edamos pensando hace mucho tiempo con los miembros de la juventud socialista\ny que espero representar de la mejor manera\u201d.<\/p>\n\n\n\n<p>Al respecto, Vanja Rogosich,\nPresidenta Regional de la Juventud Socialista dice, \u201cestamos felices de poder\nlleva adelante una candidatura real, de un joven cuya historia personal y de\ntrabajo social lo respalda por s\u00ed s\u00f3lo. Ha sido un largo proceso y esperamos\nesta decisi\u00f3n regional sea ratificada lo m\u00e1s pronto posible a nivel central\u201d. <\/p>\n\n\n\n<p>Luis Navarro fue definido\ncandidato por una amplia mayor\u00eda en el Comit\u00e9 Regional del Partido Socialista\ndel pasado lunes 14 de diciembre y se encuentra a la espera de su ratificaci\u00f3n\na nivel nacional. <\/p>\n","protected":false},"excerpt":{"rendered":"<p>El pasado lunes, el Comit\u00e9 Regional del Partido Socialista se reuni\u00f3 para definir qui\u00e9n deber\u00eda ser el representante de la colectividad para las elecciones de abril, donde se elegir\u00e1n los&#8230; <a class=\"read-more\" href=\"https:\/\/www.radiopresidenteibanez.cl\/web\/partido-socialista-define-candidatura-joven-para-la-convencion-constitucional-en-magallanes\/\">Leer m\u00e1s<\/a><\/p>\n","protected":false},"author":2,"featured_media":3737,"comment_status":"closed","ping_status":"closed","sticky":false,"template":"","format":"standard","meta":{"footnotes":""},"categories":[1],"tags":[],"class_list":["post-17055","post","type-post","status-publish","format-standard","has-post-thumbnail","hentry","category-cronica"],"_links":{"self":[{"href":"https:\/\/www.radiopresidenteibanez.cl\/web\/wp-json\/wp\/v2\/posts\/17055","targetHints":{"allow":["GET"]}}],"collection":[{"href":"https:\/\/www.radiopresidenteibanez.cl\/web\/wp-json\/wp\/v2\/posts"}],"about":[{"href":"https:\/\/www.radiopresidenteibanez.cl\/web\/wp-json\/wp\/v2\/types\/post"}],"author":[{"embeddable":true,"href":"https:\/\/www.radiopresidenteibanez.cl\/web\/wp-json\/wp\/v2\/users\/2"}],"replies":[{"embeddable":true,"href":"https:\/\/www.radiopresidenteibanez.cl\/web\/wp-json\/wp\/v2\/comments?post=17055"}],"version-history":[{"count":0,"href":"https:\/\/www.radiopresidenteibanez.cl\/web\/wp-json\/wp\/v2\/posts\/17055\/revisions"}],"wp:featuredmedia":[{"embeddable":true,"href":"https:\/\/www.radiopresidenteibanez.cl\/web\/wp-json\/wp\/v2\/media\/3737"}],"wp:attachment":[{"href":"https:\/\/www.radiopresidenteibanez.cl\/web\/wp-json\/wp\/v2\/media?parent=17055"}],"wp:term":[{"taxonomy":"category","embeddable":true,"href":"https:\/\/www.radiopresidenteibanez.cl\/web\/wp-json\/wp\/v2\/categories?post=17055"},{"taxonomy":"post_tag","embeddable":true,"href":"https:\/\/www.radiopresidenteibanez.cl\/web\/wp-json\/wp\/v2\/tags?post=17055"}],"curies":[{"name":"wp","href":"https:\/\/api.w.org\/{rel}","templated":true}]}}