{"id":17051,"date":"2020-12-17T04:15:00","date_gmt":"2020-12-17T04:15:00","guid":{"rendered":"https:\/\/www.radiopresidenteibanez.cl\/web\/?p=17051"},"modified":"2020-12-16T19:58:16","modified_gmt":"2020-12-16T19:58:16","slug":"cambio-de-mando-en-el-centro-de-asuntos-antarticos-del-ejercito","status":"publish","type":"post","link":"https:\/\/www.radiopresidenteibanez.cl\/web\/cambio-de-mando-en-el-centro-de-asuntos-antarticos-del-ejercito\/","title":{"rendered":"CAMBIO DE MANDO EN EL CENTRO DE ASUNTOS ANT\u00c1RTICOS DEL EJ\u00c9RCITO"},"content":{"rendered":"\n<p>El mi\u00e9rcoles 16 de\ndiciembre del presente a\u00f1o, se llev\u00f3 a cabo el cambio de mando de esta unidad,\nen dependencias del CAAE, bajo estrictas medidas sanitarias debido a la\npandemia del COVID-19.<\/p>\n\n\n\n<p>Ceremonia que fue\npresidida por el Comandante en Jefe de la V Divisi\u00f3n de Ej\u00e9rcito, GDB Sergio\nEst\u00e9vez Valencia.<\/p>\n\n\n\n<p>El Coronel, Paul Infante\nPosada, Jefe de Estado Mayor del CG de la V DE, dio lectura al decreto supremo\nde nombramiento, en el cual el CRL. Rodrigo Neira Bravo, en su calidad de Jefe\ndel CAAE Subrogante, hizo entrega del mando del Centro de Asuntos Ant\u00e1rticos al\nCoronel, Patricio Ochoa Pe\u00f1ailillo.<\/p>\n","protected":false},"excerpt":{"rendered":"<p>El mi\u00e9rcoles 16 de diciembre del presente a\u00f1o, se llev\u00f3 a cabo el cambio de mando de esta unidad, en dependencias del CAAE, bajo estrictas medidas sanitarias debido a la&#8230; <a class=\"read-more\" href=\"https:\/\/www.radiopresidenteibanez.cl\/web\/cambio-de-mando-en-el-centro-de-asuntos-antarticos-del-ejercito\/\">Leer m\u00e1s<\/a><\/p>\n","protected":false},"author":2,"featured_media":17052,"comment_status":"closed","ping_status":"closed","sticky":false,"template":"","format":"standard","meta":{"footnotes":""},"categories":[1],"tags":[],"class_list":["post-17051","post","type-post","status-publish","format-standard","has-post-thumbnail","hentry","category-cronica"],"_links":{"self":[{"href":"https:\/\/www.radiopresidenteibanez.cl\/web\/wp-json\/wp\/v2\/posts\/17051","targetHints":{"allow":["GET"]}}],"collection":[{"href":"https:\/\/www.radiopresidenteibanez.cl\/web\/wp-json\/wp\/v2\/posts"}],"about":[{"href":"https:\/\/www.radiopresidenteibanez.cl\/web\/wp-json\/wp\/v2\/types\/post"}],"author":[{"embeddable":true,"href":"https:\/\/www.radiopresidenteibanez.cl\/web\/wp-json\/wp\/v2\/users\/2"}],"replies":[{"embeddable":true,"href":"https:\/\/www.radiopresidenteibanez.cl\/web\/wp-json\/wp\/v2\/comments?post=17051"}],"version-history":[{"count":0,"href":"https:\/\/www.radiopresidenteibanez.cl\/web\/wp-json\/wp\/v2\/posts\/17051\/revisions"}],"wp:featuredmedia":[{"embeddable":true,"href":"https:\/\/www.radiopresidenteibanez.cl\/web\/wp-json\/wp\/v2\/media\/17052"}],"wp:attachment":[{"href":"https:\/\/www.radiopresidenteibanez.cl\/web\/wp-json\/wp\/v2\/media?parent=17051"}],"wp:term":[{"taxonomy":"category","embeddable":true,"href":"https:\/\/www.radiopresidenteibanez.cl\/web\/wp-json\/wp\/v2\/categories?post=17051"},{"taxonomy":"post_tag","embeddable":true,"href":"https:\/\/www.radiopresidenteibanez.cl\/web\/wp-json\/wp\/v2\/tags?post=17051"}],"curies":[{"name":"wp","href":"https:\/\/api.w.org\/{rel}","templated":true}]}}